{"id":111,"date":"2011-04-14T18:10:00","date_gmt":"2011-04-14T18:10:00","guid":{"rendered":"http:\/\/new.isidrodearceneguiycarmona.es"},"modified":"2011-04-14T18:10:00","modified_gmt":"2011-04-14T18:10:00","slug":"111-2","status":"publish","type":"post","link":"http:\/\/biblioteca.isidrodearceneguiycarmona.es\/?p=111","title":{"rendered":""},"content":{"rendered":"<div style=\"color: #20124d; font-family: &quot;Trebuchet MS&quot;,sans-serif;\"><span style=\"font-size: large;\"><b>CLUB DE LECTURA I<\/b><\/span><\/div>\n<p><\/p>\n<div style=\"clear: both; text-align: center;\"><a href=\"http:\/\/2.bp.blogspot.com\/-PSzzCb0ggFA\/TacxzzRAF5I\/AAAAAAAAAWc\/sRJ6hNCc4LM\/s1600\/aunquedan.jpg\" style=\"clear: right; float: right; margin-bottom: 1em; margin-left: 1em;\" target=\"_blank\"><img loading=\"lazy\" decoding=\"async\" border=\"0\" height=\"200\" src=\"http:\/\/2.bp.blogspot.com\/-PSzzCb0ggFA\/TacxzzRAF5I\/AAAAAAAAAWc\/sRJ6hNCc4LM\/s200\/aunquedan.jpg\" width=\"125\" \/><\/a><\/div>\n<div style=\"text-align: justify;\"><span style=\"font-size: large;\"><b style=\"color: #20124d; font-family: Times,&quot;Times New Roman&quot;,serif;\">&#8220;A\u00fan quedan piratas en la costa de la muerte&#8221;<\/b>, <\/span><b style=\"color: #4c1130;\"><span style=\"font-family: &quot;Helvetica Neue&quot;,Arial,Helvetica,sans-serif; font-size: large;\"><span style=\"font-size: small;\">por<\/span> <span style=\"font-family: Times,&quot;Times New Roman&quot;,serif;\">Jes\u00fas Macho L\u00f3pez<\/span>,<\/span> de 4\u00baC<\/b>: <span style=\"background-color: #f3f3f3; color: #274e13; font-family: &quot;Courier New&quot;,Courier,monospace; font-size: x-small;\"><i>&#8220;Su equipaje de mano hab\u00eda cambiado: ya no escond\u00eda cigarrillos en sus bolsillos, y la videoconferencia port\u00e1til yac\u00eda en el fondo de la maleta. Estaba metiendo en su mochila &#8220;La posada de Jamaica&#8221;, comprada por su prima en la misma estaci\u00f3n, donde la encontr\u00f3 por casualidad en el escaparate del estanco.(&#8230;)Los padres de H\u00e9ctor la hab\u00edan invitado a pasar unos d\u00edas en el apartamento de San Juna . \u00a1Qu\u00e9 pedazo de verano le espaeraba!\u00a1C\u00f3mo presumir\u00eda ante su pandilla con aquella prima tan guapa y tan lista!(&#8230;)&#8221;<\/i><\/span><\/div>\n<div style=\"text-align: justify;\"><span style=\"background-color: white; font-family: &quot;Courier New&quot;,Courier,monospace;\"><\/span><\/div>\n<div style=\"text-align: justify;\"><span style=\"color: #20124d; font-family: &quot;Trebuchet MS&quot;,sans-serif; font-size: small;\">&#8220;Es un libro sobre un chico que llegar\u00e1 a involucrarse, junto a su prima Carolina en un misterio sobre un tesoro&#8230; \u00a1Lo recomiendo porque deja al lector el misterio hasta el final y es una historia muy entretenida!<\/span><\/div>\n<div style=\"text-align: justify;\"><\/div>\n<div style=\"clear: both; text-align: center;\"><a href=\"http:\/\/2.bp.blogspot.com\/-v9oed9_WJs8\/Tac0NdLM3CI\/AAAAAAAAAWg\/RvujFHkcb_o\/s1600\/Las+Virgenes+del+Paraiso.jpg\" style=\"clear: left; float: left; margin-bottom: 1em; margin-right: 1em;\" target=\"_blank\"><img loading=\"lazy\" decoding=\"async\" border=\"0\" height=\"200\" src=\"http:\/\/2.bp.blogspot.com\/-v9oed9_WJs8\/Tac0NdLM3CI\/AAAAAAAAAWg\/RvujFHkcb_o\/s200\/Las+Virgenes+del+Paraiso.jpg\" width=\"130\" \/><\/a><\/div>\n<div style=\"text-align: justify;\"><span style=\"color: #20124d; font-family: &quot;Trebuchet MS&quot;,sans-serif; font-size: small;\"><span style=\"font-size: large;\"><span style=\"font-family: Georgia,&quot;Times New Roman&quot;,serif;\">&#8220;Las v\u00edrgenes del paraiso&#8221;, <span style=\"font-size: small;\">por<\/span> <span style=\"color: #4c1130; font-family: &quot;Helvetica Neue&quot;,Arial,Helvetica,sans-serif;\">Esperanza Labella<\/span><\/span><span style=\"color: #4c1130;\">, <\/span><span style=\"color: #4c1130; font-size: small;\">de 4\u00ba de ESO<\/span><\/span> <\/span>: <span style=\"background-color: #f3f3f3; color: #274e13; font-family: &quot;Courier New&quot;,Courier,monospace; font-size: x-small;\"><i>&#8220;Amira se despert\u00f3. La habitaci\u00f3n estaba a oscuras, pero ella vio que la luna primaveral hab\u00eda extendido su manto plateado sobre la cama. Se incorpor\u00f3, encendi\u00f3 la l\u00e1mpara&nbsp; de la mesita de noche y, cuando la luz se derram\u00f3 consolladoramente por todos los rincoimnes de la estancia, se comprimi\u00f3 ujna mano contra el pecho como si con ello pudiera calmar los fuertes latidos de su coraz\u00f3n mientras pensaba: &#8220;Ya empiezan otra vez los sue\u00f1os&#8221;.&#8221;<\/i><\/span><\/div>\n<div style=\"font-family: &quot;Trebuchet MS&quot;,sans-serif; text-align: justify;\"><span style=\"color: #20124d;\">&#8220;Lo que m\u00e1s me ha gustado es la cr\u00edtica a una sociedad tan machista, y c\u00f3mo se est\u00e1 cambiando. Recomiendo que lo le\u00e1is, porque, aunque parece al principio un l\u00edo, !te engancha!&#8221;<\/span><\/div>\n<div style=\"text-align: justify;\"><\/div>\n<div style=\"text-align: justify;\"><span style=\"font-family: &quot;Courier New&quot;,Courier,monospace; font-size: large;\"><span style=\"color: #20124d;\">&#8220;El abanico de Seda&#8221;,<\/span> <span style=\"background-color: white; color: #4c1130;\">por <b style=\"background-color: white;\"><span style=\"color: #4c1130;\">Marina Garc\u00eda Romero<\/span><\/b><\/span><\/span><span style=\"background-color: white; color: #4c1130;\"><b style=\"background-color: white;\"><span style=\"color: #4c1130;\">,<\/span><\/b> de 4\u00baESO A:<\/span> <i style=\"background-color: #f3f3f3; color: #274e13;\">&#8220;<span style=\"font-family: &quot;Courier New&quot;,Courier,monospace; font-size: x-small;\">Durante cuarenta a\u00f1os el pasado s\u00f3lo ha suscitado arrepentimiento en m\u00ed. S\u00f3lo ha habido una persona que me haya importado de verdad, pero me port\u00e9 con ella peor que el peor de los esposos. Cuando Flor de Nieve me pidi\u00f3 que fuera lat\u00eda de sus hijos, me dijo (fueron las \u00faltimas palabras que me dirigi\u00f3):&#8221;Aunque nunca he sido tan buena como t\u00fa, creo que los esp\u00edritus celestiales nos unieron. Estaremos juntas eternamente.&#8221;(&#8230;)&#8221;<\/span><\/i><\/div>\n<div style=\"clear: both; text-align: center;\"><a href=\"http:\/\/3.bp.blogspot.com\/-YA4UmbSHaxI\/Tac2kufdvFI\/AAAAAAAAAWk\/yZoLqJxPdJE\/s1600\/el+abanico+de+seda.png\" style=\"clear: right; float: right; margin-bottom: 1em; margin-left: 1em;\" target=\"_blank\"><img loading=\"lazy\" decoding=\"async\" border=\"0\" height=\"200\" src=\"http:\/\/3.bp.blogspot.com\/-YA4UmbSHaxI\/Tac2kufdvFI\/AAAAAAAAAWk\/yZoLqJxPdJE\/s200\/el+abanico+de+seda.png\" width=\"141\" \/><\/a><\/div>\n<div style=\"text-align: justify;\"><\/div>\n<div style=\"font-family: &quot;Trebuchet MS&quot;,sans-serif; text-align: justify;\"><span style=\"color: #4c1130; font-family: &quot;Helvetica Neue&quot;,Arial,Helvetica,sans-serif; font-size: small;\">&#8220;Me ha gustado este libro porque cuenta de una forma muy intensa y muy cercana la situaci\u00f3n de las mujeres en China y la discriminaci\u00f3n tan grande que hab\u00eda. Recomiendo que, antes de leelo busques en Internet informaci\u00f3n sobre la tradici\u00f3n china de vendar los pies de las mujeres, Har\u00e1 que os hag\u00e1is una idea de c\u00f3mo es. Realmente es un libro que me ha fascinado y que ser\u00e1 dif\u00edcil de olvidar.&#8221;<\/span><\/div>\n","protected":false},"excerpt":{"rendered":"<p>CLUB DE LECTURA I &#8220;A\u00fan quedan piratas en la costa de la muerte&#8221;, por Jes\u00fas Macho L\u00f3pez, de 4\u00baC: &#8220;Su &hellip; <\/p>\n","protected":false},"author":3,"featured_media":0,"comment_status":"open","ping_status":"open","sticky":false,"template":"","format":"standard","meta":{"footnotes":""},"categories":[10],"tags":[],"class_list":["post-111","post","type-post","status-publish","format-standard","hentry","category-recomendamos"],"_links":{"self":[{"href":"http:\/\/biblioteca.isidrodearceneguiycarmona.es\/index.php?rest_route=\/wp\/v2\/posts\/111","targetHints":{"allow":["GET"]}}],"collection":[{"href":"http:\/\/biblioteca.isidrodearceneguiycarmona.es\/index.php?rest_route=\/wp\/v2\/posts"}],"about":[{"href":"http:\/\/biblioteca.isidrodearceneguiycarmona.es\/index.php?rest_route=\/wp\/v2\/types\/post"}],"author":[{"embeddable":true,"href":"http:\/\/biblioteca.isidrodearceneguiycarmona.es\/index.php?rest_route=\/wp\/v2\/users\/3"}],"replies":[{"embeddable":true,"href":"http:\/\/biblioteca.isidrodearceneguiycarmona.es\/index.php?rest_route=%2Fwp%2Fv2%2Fcomments&post=111"}],"version-history":[{"count":0,"href":"http:\/\/biblioteca.isidrodearceneguiycarmona.es\/index.php?rest_route=\/wp\/v2\/posts\/111\/revisions"}],"wp:attachment":[{"href":"http:\/\/biblioteca.isidrodearceneguiycarmona.es\/index.php?rest_route=%2Fwp%2Fv2%2Fmedia&parent=111"}],"wp:term":[{"taxonomy":"category","embeddable":true,"href":"http:\/\/biblioteca.isidrodearceneguiycarmona.es\/index.php?rest_route=%2Fwp%2Fv2%2Fcategories&post=111"},{"taxonomy":"post_tag","embeddable":true,"href":"http:\/\/biblioteca.isidrodearceneguiycarmona.es\/index.php?rest_route=%2Fwp%2Fv2%2Ftags&post=111"}],"curies":[{"name":"wp","href":"https:\/\/api.w.org\/{rel}","templated":true}]}}