{"id":112,"date":"2011-04-14T12:31:00","date_gmt":"2011-04-14T12:31:00","guid":{"rendered":"http:\/\/new.isidrodearceneguiycarmona.es"},"modified":"2011-04-14T12:31:00","modified_gmt":"2011-04-14T12:31:00","slug":"112-2","status":"publish","type":"post","link":"http:\/\/biblioteca.isidrodearceneguiycarmona.es\/?p=112","title":{"rendered":""},"content":{"rendered":"<div style=\"color: #351c75;\"><b>&#8220;LA BIBLIOTECA DE NOCHE&#8221;, de Alberto Manguel<\/b><\/div>\n<p><\/p>\n<div style=\"color: #741b47;\">Este libro, publicado hace unos a\u00f1os, sigue siendo, hoy por hoy, uno de los libros de cabecera de todo bibliotecario que se precie de serlo. Se trata de un emotivo acercamiento a los libros y al espacio que los acoge, algunos m\u00edticos, a veces incluso, durante siglos: las Bibliotecas.Recogemos ahora alg\u00fan breve fragmento de esta obra:<\/div>\n<p><i style=\"color: #134f5c;\">&#8220;Sentado de noche en mi biblioteca contemplo en los haces de luz el implacable plancton de polvo que desprenden tanto las p\u00e1ginas del libro como mi piel, al desechar \u00e9sta, inces\u00e1ntemente, una capa muerta tras otra en un d\u00e9bil intento de supervivencia. Me gusta imaginar&nbsp; que, en el siguiente al \u00faltimo de mis d\u00edas, mi biblioteca y yo nos desmoronamos juntos, de forma que, a\u00fan cuando yo no exista, seguir\u00e9 junto a mis libros.&#8221;<\/i> <span style=\"color: #351c75;\">(p\u00e1gina 288, Madrid, Alianza Editorial)<\/span><\/p>\n<div style=\"clear: both; text-align: center;\"><a href=\"http:\/\/1.bp.blogspot.com\/-q63lHuKDsQ4\/Tabo2plNo1I\/AAAAAAAAAWY\/r7wTpKYt--o\/s1600\/la+biblioteca+de+noche.jpg\" style=\"margin-left: 1em; margin-right: 1em;\" target=\"_blank\"><img decoding=\"async\" border=\"0\" src=\"http:\/\/1.bp.blogspot.com\/-q63lHuKDsQ4\/Tabo2plNo1I\/AAAAAAAAAWY\/r7wTpKYt--o\/s1600\/la+biblioteca+de+noche.jpg\" \/><\/a><\/div>\n","protected":false},"excerpt":{"rendered":"<p>&#8220;LA BIBLIOTECA DE NOCHE&#8221;, de Alberto Manguel Este libro, publicado hace unos a\u00f1os, sigue siendo, hoy por hoy, uno de &hellip; <\/p>\n","protected":false},"author":3,"featured_media":0,"comment_status":"open","ping_status":"open","sticky":false,"template":"","format":"standard","meta":{"footnotes":""},"categories":[10],"tags":[],"class_list":["post-112","post","type-post","status-publish","format-standard","hentry","category-recomendamos"],"_links":{"self":[{"href":"http:\/\/biblioteca.isidrodearceneguiycarmona.es\/index.php?rest_route=\/wp\/v2\/posts\/112","targetHints":{"allow":["GET"]}}],"collection":[{"href":"http:\/\/biblioteca.isidrodearceneguiycarmona.es\/index.php?rest_route=\/wp\/v2\/posts"}],"about":[{"href":"http:\/\/biblioteca.isidrodearceneguiycarmona.es\/index.php?rest_route=\/wp\/v2\/types\/post"}],"author":[{"embeddable":true,"href":"http:\/\/biblioteca.isidrodearceneguiycarmona.es\/index.php?rest_route=\/wp\/v2\/users\/3"}],"replies":[{"embeddable":true,"href":"http:\/\/biblioteca.isidrodearceneguiycarmona.es\/index.php?rest_route=%2Fwp%2Fv2%2Fcomments&post=112"}],"version-history":[{"count":0,"href":"http:\/\/biblioteca.isidrodearceneguiycarmona.es\/index.php?rest_route=\/wp\/v2\/posts\/112\/revisions"}],"wp:attachment":[{"href":"http:\/\/biblioteca.isidrodearceneguiycarmona.es\/index.php?rest_route=%2Fwp%2Fv2%2Fmedia&parent=112"}],"wp:term":[{"taxonomy":"category","embeddable":true,"href":"http:\/\/biblioteca.isidrodearceneguiycarmona.es\/index.php?rest_route=%2Fwp%2Fv2%2Fcategories&post=112"},{"taxonomy":"post_tag","embeddable":true,"href":"http:\/\/biblioteca.isidrodearceneguiycarmona.es\/index.php?rest_route=%2Fwp%2Fv2%2Ftags&post=112"}],"curies":[{"name":"wp","href":"https:\/\/api.w.org\/{rel}","templated":true}]}}