{"id":125,"date":"2010-11-01T12:47:00","date_gmt":"2010-11-01T12:47:00","guid":{"rendered":"http:\/\/new.isidrodearceneguiycarmona.es"},"modified":"2010-11-01T12:47:00","modified_gmt":"2010-11-01T12:47:00","slug":"125-2","status":"publish","type":"post","link":"http:\/\/biblioteca.isidrodearceneguiycarmona.es\/?p=125","title":{"rendered":""},"content":{"rendered":"<div style=\"background-color: #20124d; color: #d9ead3; font-family: &quot;Helvetica Neue&quot;,Arial,Helvetica,sans-serif;\"><span style=\"font-size: large;\"><b>EL MINISTERIO DE EDUCACI\u00d3N CONVOCA AYUDAS ECON\u00d3MICAS PARA PARTICIPAR EN EL PROYECTO \u201cRUTAS LITERARIAS\u201d.<\/b><\/span><\/div>\n<div style=\"color: #674ea7; font-family: &quot;Helvetica Neue&quot;,Arial,Helvetica,sans-serif; text-align: justify;\"><span style=\"font-size: small;\">DESTINATARIOS: 1 grupo de 3\u00ba o 4\u00ba de la ESO compuesto de 20 a 24 alumnos, acompa\u00f1ados de dos profesores que les impartan clase.<\/span><\/div>\n<div style=\"color: #674ea7; font-family: &quot;Helvetica Neue&quot;,Arial,Helvetica,sans-serif; text-align: justify;\"><span style=\"font-size: small;\">Dichos alumnos tendr\u00e1n que elaborar un trabajo sobre un personaje, un autor o un libro, finalizado el mismo viajar\u00e1n por la ruta correspondiente (de otra comunidad aut\u00f3noma): El Cid, Unamuno, El Quijote, Jorge Manrique, Romances, Machado, Miguel Hern\u00e1ndez, El siglo de oro, el 98 y el 27, Leopoldo y la Regenta, son algunos referentes en los que trabajar.<\/span><\/div>\n<div style=\"color: #674ea7; font-family: &quot;Helvetica Neue&quot;,Arial,Helvetica,sans-serif; text-align: justify;\"><span style=\"font-size: small;\">AYUDAS: Las ayudas son de dos tipos: una, de desplazamiento y preparaci\u00f3n de la actividad y otra, para los gastos de alojamiento, manutenci\u00f3n y actividades. Pero el transporte hasta la cabecera de la ruta correr\u00e1 a cuenta del alumnado.<\/span><\/div>\n<div style=\"color: #674ea7; font-family: &quot;Helvetica Neue&quot;,Arial,Helvetica,sans-serif; text-align: justify;\"><span style=\"font-size: small;\">DURACI\u00d3N: una semana, entre Febrero y Junio.<\/span><\/div>\n<div style=\"color: #674ea7; font-family: &quot;Helvetica Neue&quot;,Arial,Helvetica,sans-serif; text-align: justify;\"><span style=\"font-size: small;\">DOCUMENTACI\u00d3N: mediante solicitud (a trav\u00e9s de la direcci\u00f3n del centro) y proyect<\/span>o de participaci\u00f3n que acompa\u00f1ar\u00e1 a la misma. PLAZO DE PRESENTACI\u00d3N: HASTA EL 15 DE NOVIEMBRE.<\/div>\n<div style=\"color: #674ea7; font-family: &quot;Helvetica Neue&quot;,Arial,Helvetica,sans-serif; text-align: justify;\"><span style=\"background-color: #4c1130; color: #d0e0e3;\">Para mayor informaci\u00f3n visita esta direcci\u00f3n:&nbsp; <\/span><a href=\"http:\/\/tinyurl.com\/3972wvh\" target=\"_blank\">Convocatoria del Ministerio de Educaci\u00f3n<\/a><\/div>\n<div style=\"color: #674ea7; font-family: &quot;Helvetica Neue&quot;,Arial,Helvetica,sans-serif; text-align: justify;\"><\/div>\n","protected":false},"excerpt":{"rendered":"<p>EL MINISTERIO DE EDUCACI\u00d3N CONVOCA AYUDAS ECON\u00d3MICAS PARA PARTICIPAR EN EL PROYECTO \u201cRUTAS LITERARIAS\u201d. DESTINATARIOS: 1 grupo de 3\u00ba o &hellip; <\/p>\n","protected":false},"author":3,"featured_media":0,"comment_status":"open","ping_status":"open","sticky":false,"template":"","format":"standard","meta":{"footnotes":""},"categories":[6],"tags":[],"class_list":["post-125","post","type-post","status-publish","format-standard","hentry","category-concursos"],"_links":{"self":[{"href":"http:\/\/biblioteca.isidrodearceneguiycarmona.es\/index.php?rest_route=\/wp\/v2\/posts\/125","targetHints":{"allow":["GET"]}}],"collection":[{"href":"http:\/\/biblioteca.isidrodearceneguiycarmona.es\/index.php?rest_route=\/wp\/v2\/posts"}],"about":[{"href":"http:\/\/biblioteca.isidrodearceneguiycarmona.es\/index.php?rest_route=\/wp\/v2\/types\/post"}],"author":[{"embeddable":true,"href":"http:\/\/biblioteca.isidrodearceneguiycarmona.es\/index.php?rest_route=\/wp\/v2\/users\/3"}],"replies":[{"embeddable":true,"href":"http:\/\/biblioteca.isidrodearceneguiycarmona.es\/index.php?rest_route=%2Fwp%2Fv2%2Fcomments&post=125"}],"version-history":[{"count":0,"href":"http:\/\/biblioteca.isidrodearceneguiycarmona.es\/index.php?rest_route=\/wp\/v2\/posts\/125\/revisions"}],"wp:attachment":[{"href":"http:\/\/biblioteca.isidrodearceneguiycarmona.es\/index.php?rest_route=%2Fwp%2Fv2%2Fmedia&parent=125"}],"wp:term":[{"taxonomy":"category","embeddable":true,"href":"http:\/\/biblioteca.isidrodearceneguiycarmona.es\/index.php?rest_route=%2Fwp%2Fv2%2Fcategories&post=125"},{"taxonomy":"post_tag","embeddable":true,"href":"http:\/\/biblioteca.isidrodearceneguiycarmona.es\/index.php?rest_route=%2Fwp%2Fv2%2Ftags&post=125"}],"curies":[{"name":"wp","href":"https:\/\/api.w.org\/{rel}","templated":true}]}}