{"id":128,"date":"2010-06-01T06:40:00","date_gmt":"2010-06-01T06:40:00","guid":{"rendered":"http:\/\/new.isidrodearceneguiycarmona.es"},"modified":"2010-06-01T06:40:00","modified_gmt":"2010-06-01T06:40:00","slug":"128-2","status":"publish","type":"post","link":"http:\/\/biblioteca.isidrodearceneguiycarmona.es\/?p=128","title":{"rendered":""},"content":{"rendered":"<p><a href=\"http:\/\/1.bp.blogspot.com\/_x94YHce2K2Y\/TASrrirQ1WI\/AAAAAAAAAAU\/E_MvEt9tttU\/s1600\/tres_metros.jpg\" target=\"_blank\"><img decoding=\"async\" style=\"margin: 0pt 0pt 10px 10px; float: right; cursor: pointer; width: 173px; height: 251px;\" src=\"http:\/\/1.bp.blogspot.com\/_x94YHce2K2Y\/TASrrirQ1WI\/AAAAAAAAAAU\/E_MvEt9tttU\/s320\/tres_metros.jpg\" alt=\"\" id=\"BLOGGER_PHOTO_ID_5477691811320354146\" border=\"0\" \/><\/a><br \/><span style=\"font-family: arial;font-size:180%;\" ><span style=\"color: rgb(102, 0, 204);\">A TRES METROS SOBRE EL CIELO<\/span><\/span> <\/p>\n<div>Ya tenemos en nuestra biblioteca la primera novela de Federico Moccia, que lo lanz\u00f3 a la fama.<\/div>\n<p>Babi es una estudiante modelo y la hija perfecta. Step, en cambio, es violento y descarado. Provienen de dos mundos completamente distintos. A pesar de todo, entre los dos nacer\u00e1 un amor m\u00e1s all\u00e1 de todas las convenciones. Un amor controvertido por el que deber\u00e1n luchar m\u00e1s de lo que esperaban. Babi y Step se erigen como un Romeo y Julieta contempor\u00e1neos en Roma, un escenario que parece creado para el amor.<\/p>\n<p><\/p>\n<p><\/p>\n","protected":false},"excerpt":{"rendered":"<p>A TRES METROS SOBRE EL CIELO Ya tenemos en nuestra biblioteca la primera novela de Federico Moccia, que lo lanz\u00f3 &hellip; <\/p>\n","protected":false},"author":3,"featured_media":0,"comment_status":"open","ping_status":"open","sticky":false,"template":"","format":"standard","meta":{"footnotes":""},"categories":[10],"tags":[],"class_list":["post-128","post","type-post","status-publish","format-standard","hentry","category-recomendamos"],"_links":{"self":[{"href":"http:\/\/biblioteca.isidrodearceneguiycarmona.es\/index.php?rest_route=\/wp\/v2\/posts\/128","targetHints":{"allow":["GET"]}}],"collection":[{"href":"http:\/\/biblioteca.isidrodearceneguiycarmona.es\/index.php?rest_route=\/wp\/v2\/posts"}],"about":[{"href":"http:\/\/biblioteca.isidrodearceneguiycarmona.es\/index.php?rest_route=\/wp\/v2\/types\/post"}],"author":[{"embeddable":true,"href":"http:\/\/biblioteca.isidrodearceneguiycarmona.es\/index.php?rest_route=\/wp\/v2\/users\/3"}],"replies":[{"embeddable":true,"href":"http:\/\/biblioteca.isidrodearceneguiycarmona.es\/index.php?rest_route=%2Fwp%2Fv2%2Fcomments&post=128"}],"version-history":[{"count":0,"href":"http:\/\/biblioteca.isidrodearceneguiycarmona.es\/index.php?rest_route=\/wp\/v2\/posts\/128\/revisions"}],"wp:attachment":[{"href":"http:\/\/biblioteca.isidrodearceneguiycarmona.es\/index.php?rest_route=%2Fwp%2Fv2%2Fmedia&parent=128"}],"wp:term":[{"taxonomy":"category","embeddable":true,"href":"http:\/\/biblioteca.isidrodearceneguiycarmona.es\/index.php?rest_route=%2Fwp%2Fv2%2Fcategories&post=128"},{"taxonomy":"post_tag","embeddable":true,"href":"http:\/\/biblioteca.isidrodearceneguiycarmona.es\/index.php?rest_route=%2Fwp%2Fv2%2Ftags&post=128"}],"curies":[{"name":"wp","href":"https:\/\/api.w.org\/{rel}","templated":true}]}}