{"id":129,"date":"2010-05-18T06:25:00","date_gmt":"2010-05-18T06:25:00","guid":{"rendered":"http:\/\/new.isidrodearceneguiycarmona.es"},"modified":"2010-05-18T06:25:00","modified_gmt":"2010-05-18T06:25:00","slug":"129-2","status":"publish","type":"post","link":"http:\/\/biblioteca.isidrodearceneguiycarmona.es\/?p=129","title":{"rendered":""},"content":{"rendered":"<p><a href=\"http:\/\/4.bp.blogspot.com\/_x94YHce2K2Y\/S_I3YGZnKMI\/AAAAAAAAAAM\/Tv28ni5YBDM\/s1600\/delibes.jpg\" target=\"_blank\"><img decoding=\"async\" style=\"margin: 0pt 0pt 10px 10px; float: right; cursor: pointer; width: 260px; height: 255px;\" src=\"http:\/\/4.bp.blogspot.com\/_x94YHce2K2Y\/S_I3YGZnKMI\/AAAAAAAAAAM\/Tv28ni5YBDM\/s320\/delibes.jpg\" alt=\"\" id=\"BLOGGER_PHOTO_ID_5472497384382998722\" border=\"0\" \/><\/a>DEDICATORIA A MIGUEL DEELIBES:<\/p>\n<p>En estos versos queda acotado ese perfil del escritor vallisoletano. Lo hemos elegido porque nos ha parecido una dedicatoria no muy compleja en la que se ensalzan todas sus virtudes.<\/p>\n<div style=\"text-align: left;\"><span style=\";font-family:Times New Roman;font-size:100%;\"  >Admiremos al hombre aut\u00e9ntico de veras,     <\/span><br \/><span style=\";font-family:Times New Roman;font-size:100%;\"  >    Que          sabe organizar su vivir y sus libros,<\/span><br \/><span style=\";font-family:Times New Roman;font-size:100%;\"  >    Muy al tanto de todo, sin inclinarse          a nada,<\/span><br \/><span style=\";font-family:Times New Roman;font-size:100%;\"  >    Porque son tan ajenas<\/span><br \/><span style=\";font-family:Times New Roman;font-size:100%;\"  >    Al manantial continuo de gran inspiraci\u00f3n;       <\/span><br \/><span style=\";font-family:Times New Roman;font-size:100%;\"  >    Aut\u00e9ntico vivir cuajado en escritura<\/span><span style=\";font-family:Times New Roman;font-size:100%;\"  ><br \/>L\u00edmpida, magistral, y as\u00ed tan          convincente,<\/span><br \/><span style=\";font-family:Times New Roman;font-size:100%;\"  >    Un arte narrativo que recrea<\/span><br \/><span style=\";font-family:Times New Roman;font-size:100%;\"  >    Campo y Ciudad, sus luces          y sus ideas,<\/span><br \/><span style=\";font-family:Times New Roman;font-size:100%;\"  >    Profundos los paisajes minuciosos,<\/span><br \/><span style=\";font-family:Times New Roman;font-size:100%;\"  >    Vegetaciones, hombres,          animales,<\/span><br \/><span style=\";font-family:Times New Roman;font-size:100%;\"  >    En medio el cazador<\/span><\/div>\n<p><span style=\";font-family:Times New Roman;font-size:100%;\"  ><br \/><\/span><\/p>\n<blockquote>\n<p align=\"right\"><span style=\";font-family:Times New Roman;font-size:100%;\"  >(Jorge Guill\u00e9n; cit. por Manuel Alvar, <i><br \/>El mundo novelesco          de Miguel Delibes,<\/i><br \/>Madrid, Editorial Gredos, 1987, p. 114). <\/span><\/p>\n<\/blockquote>\n<p><span style=\";font-family:Times New Roman;font-size:100%;\"  ><br \/><\/span><br \/>Es considerado uno de los escritores <strong style=\"font-weight: normal;\">espa\u00f1oles <\/strong>m\u00e1s importantes del <strong style=\"font-weight: normal;\">S.XX<\/strong>. Se preocup\u00f3 del hombre desde la infancia y la adolescencia ; se ocup\u00f3 de la promoci\u00f3n de la mujer; abord\u00f3 los valores de la familia ; no olvid\u00f3 a los m\u00e1s desfavorecidos ; ensalz\u00f3 la sabidur\u00eda del mundo rural y apel\u00f3 a la concordia con quienes piensan distinto.<br \/>Aunque te vayas, sigue escribiendo&#8230;<br \/>Os recomendamos algunos de sus libros existentes en nuestra querida biblioteca:<br \/>&#8220;El Camino&#8221;, &#8220;La sombra del cipr\u00e9s es alargada&#8221;, &#8220;El hereje&#8221; &#8230;<\/p>\n<p><\/p>\n<div style=\"text-align: center;\"><span style=\"font-weight: bold;\">RECOMENDACIONES<\/span><\/div>\n<p><span style=\"text-decoration: underline;\"><br \/><\/span><a href=\"http:\/\/4.bp.blogspot.com\/_x94YHce2K2Y\/TASwFji3fNI\/AAAAAAAAAAk\/6HKV6vh1ORs\/s1600\/raton-de-biblioteca.jpg\" target=\"_blank\"><img decoding=\"async\" style=\"margin: 0pt 10px 10px 0pt; float: left; cursor: pointer; width: 320px; height: 320px;\" src=\"http:\/\/4.bp.blogspot.com\/_x94YHce2K2Y\/TASwFji3fNI\/AAAAAAAAAAk\/6HKV6vh1ORs\/s320\/raton-de-biblioteca.jpg\" alt=\"\" id=\"BLOGGER_PHOTO_ID_5477696656276683986\" border=\"0\" \/><\/a><\/p>\n<p>Queridos lectores, aqu\u00ed os presentamos algunos libros que os recomendamos para que leais en este verano y en el tiempo libre. Algunos de ellos aparecen en &#8220;Eureka&#8221;, la revista de nuestro querido instituto.<br \/>Tambi\u00e9n otros los podeis encontrar en nuestra biblioteca.<br \/>Los libros m\u00e1s le\u00eddos por nuestros alumnos y que os recomendamos son los de la saga Crep\u00fasculo, &#8220;Perdona pero quiero casarme contigo&#8221;, &#8221; Tengo ganas de ti&#8221;<\/p>\n","protected":false},"excerpt":{"rendered":"<p>DEDICATORIA A MIGUEL DEELIBES: En estos versos queda acotado ese perfil del escritor vallisoletano. Lo hemos elegido porque nos ha &hellip; <\/p>\n","protected":false},"author":3,"featured_media":0,"comment_status":"open","ping_status":"open","sticky":false,"template":"","format":"standard","meta":{"footnotes":""},"categories":[7],"tags":[],"class_list":["post-129","post","type-post","status-publish","format-standard","hentry","category-celebraciones"],"_links":{"self":[{"href":"http:\/\/biblioteca.isidrodearceneguiycarmona.es\/index.php?rest_route=\/wp\/v2\/posts\/129","targetHints":{"allow":["GET"]}}],"collection":[{"href":"http:\/\/biblioteca.isidrodearceneguiycarmona.es\/index.php?rest_route=\/wp\/v2\/posts"}],"about":[{"href":"http:\/\/biblioteca.isidrodearceneguiycarmona.es\/index.php?rest_route=\/wp\/v2\/types\/post"}],"author":[{"embeddable":true,"href":"http:\/\/biblioteca.isidrodearceneguiycarmona.es\/index.php?rest_route=\/wp\/v2\/users\/3"}],"replies":[{"embeddable":true,"href":"http:\/\/biblioteca.isidrodearceneguiycarmona.es\/index.php?rest_route=%2Fwp%2Fv2%2Fcomments&post=129"}],"version-history":[{"count":0,"href":"http:\/\/biblioteca.isidrodearceneguiycarmona.es\/index.php?rest_route=\/wp\/v2\/posts\/129\/revisions"}],"wp:attachment":[{"href":"http:\/\/biblioteca.isidrodearceneguiycarmona.es\/index.php?rest_route=%2Fwp%2Fv2%2Fmedia&parent=129"}],"wp:term":[{"taxonomy":"category","embeddable":true,"href":"http:\/\/biblioteca.isidrodearceneguiycarmona.es\/index.php?rest_route=%2Fwp%2Fv2%2Fcategories&post=129"},{"taxonomy":"post_tag","embeddable":true,"href":"http:\/\/biblioteca.isidrodearceneguiycarmona.es\/index.php?rest_route=%2Fwp%2Fv2%2Ftags&post=129"}],"curies":[{"name":"wp","href":"https:\/\/api.w.org\/{rel}","templated":true}]}}