{"id":130,"date":"2010-04-27T08:05:00","date_gmt":"2010-04-27T08:05:00","guid":{"rendered":"http:\/\/new.isidrodearceneguiycarmona.es"},"modified":"2010-04-27T08:05:00","modified_gmt":"2010-04-27T08:05:00","slug":"130-2","status":"publish","type":"post","link":"http:\/\/biblioteca.isidrodearceneguiycarmona.es\/?p=130","title":{"rendered":""},"content":{"rendered":"<div style=\"background-color: #0b5394; color: #0c343d; font-family: Verdana,sans-serif; margin-left: 18pt;\"><span style=\"background-color: #cfe2f3; font-size: large;\">Actividades realizadas el d\u00eda del libro<\/span><span style=\"font-size: 12pt;\">&nbsp;<\/span><\/div>\n<div style=\"background-color: white; color: #351c75; font-family: Verdana,sans-serif; margin-left: 18pt;\"><\/div>\n<div style=\"background-color: white; color: #351c75; font-family: Verdana,sans-serif; margin-left: 18pt;\"><span style=\"font-size: 12pt;\">F<span style=\"color: #0b5394;\">ORMACI\u00d3N      DE USUARIOS (ESO)<\/span><o:p style=\"color: #0b5394;\"><\/o:p><span style=\"color: #0b5394;\">&nbsp;<\/span><\/span><\/div>\n<div style=\"color: #274e13; font-family: Verdana,sans-serif; margin-left: 18pt;\"><span style=\"font-size: 12pt;\">Objetivo: dar a conocer las normas de uso y funcionamiento de nuestra biblioteca escolar.<\/span><\/div>\n<div style=\"color: #274e13; font-family: Verdana,sans-serif; margin-left: 18pt;\"><span style=\"font-size: 12pt;\">Profesorado implicado: tutores<o:p><\/o:p>&nbsp;<\/span><\/div>\n<div style=\"color: #274e13; font-family: Verdana,sans-serif; margin-left: 18pt;\"><span style=\"font-size: 12pt;\">Material: <o:p><\/o:p>&nbsp;<\/span><\/div>\n<div style=\"color: #274e13; font-family: Verdana,sans-serif; margin-left: 18pt;\"><span style=\"font-size: 12pt;\">a) texto para repartir en pdf o para visualizar en powerpoint en la biblioteca, que leer\u00e1 el tutor.<o:p><\/o:p>&nbsp;<\/span><\/div>\n<div style=\"color: #274e13; font-family: Verdana,sans-serif; margin-left: 18pt;\"><span style=\"font-size: 12pt;\">b) ficha para trabajar las partes de un libro.<\/span><\/div>\n<link href=\"file:\/\/\/C:%5CDOCUME%7E1%5CADMINI%7E1%5CCONFIG%7E1%5CTemp%5Cmsohtml1%5C01%5Cclip_filelist.xml\" rel=\"File-List\" style=\"font-family: Verdana,sans-serif;\"><\/link><o:smarttagtype name=\"PersonName\" namespaceuri=\"urn:schemas-microsoft-com:office:smarttags\" style=\"font-family: Verdana,sans-serif;\"><\/o:smarttagtype><b style=\"font-family: Verdana,sans-serif;\"><span style=\"font-size: 12pt;\"><span style=\"color: #073763;\">&nbsp;&nbsp;&nbsp;&nbsp;&nbsp;&nbsp;<\/span><\/span><\/b>\n<div style=\"color: #45818e; font-family: Verdana,sans-serif; margin-left: 18pt;\"><b style=\"font-family: Verdana,sans-serif;\"><span style=\"font-size: 12pt;\"><span style=\"color: #073763;\">CONCURSO      LITERARIO (1\u00ba ESO)<\/span><o:p><\/o:p><\/span><\/b><span style=\"font-size: 12pt;\">&nbsp;<\/span><\/div>\n<div style=\"color: #45818e; font-family: Verdana,sans-serif; margin-left: 18pt;\"><span style=\"font-size: 12pt;\">RELACI\u00d3N DE ALUMN@S QUE HAN PARTICIPADO<o:p><\/o:p><\/span><\/div>\n<div style=\"color: #45818e; font-family: Verdana,sans-serif;\"><span style=\"font-size: 12pt;\">&nbsp;&nbsp;&nbsp;&nbsp; CATEGOR\u00cdA A, EN <st1:personname product w:st=\"on\"><st1:personname product w:st=\"on\">LA MODALIDAD<\/st1:personname> DE<\/st1:personname> LECTURA<span style=\"background-color: #eeeeee;\"><\/span><o:p><\/o:p><\/span><\/div>\n<div style=\"color: #45818e; font-family: Verdana,sans-serif;\"><span style=\"font-size: 12pt;\">&nbsp;&nbsp;&nbsp; <span style=\"color: #0b5394;\">1\u00ba ESO B<\/span><o:p><\/o:p><\/span><\/div>\n<div style=\"color: #45818e; font-family: Verdana,sans-serif;\"><span style=\"font-size: 12pt;\">&nbsp;&nbsp;&nbsp;&nbsp;&nbsp;&nbsp;&nbsp; Vicente Osuna, Sara : P\u00e1ris en \u201cDe los h\u00e9roes de la mitolog\u00eda\u201d<o:p><\/o:p><\/span><\/div>\n<div style=\"color: #45818e; font-family: Verdana,sans-serif;\"><span style=\"font-size: 12pt;\">&nbsp;&nbsp;&nbsp;&nbsp;&nbsp;&nbsp;&nbsp; Romero vega, Miranda: texto seleccionado de \u201cPlatero y yo\u201d (elecci\u00f3n propia)<o:p><\/o:p><\/span><\/div>\n<div style=\"color: #45818e; font-family: Verdana,sans-serif;\"><span style=\"font-size: 12pt;\">&nbsp;&nbsp;&nbsp;&nbsp;&nbsp;&nbsp;&nbsp; Mart\u00edn Ternero, Paula: texto sin determinar<o:p><\/o:p><\/span><\/div>\n<div style=\"color: #45818e; font-family: Verdana,sans-serif;\"><span style=\"font-size: 12pt;\">&nbsp;&nbsp;&nbsp;&nbsp;&nbsp;&nbsp;&nbsp; Moyano Fosela, Iv\u00e1n : \u201cCaperucita Roja\u201d del libro <st1:personname product w:st=\"on\"><u>La Mona<\/u><\/st1:personname><u> risa, los mejores relatos de humor<\/u>.<o:p><\/o:p><\/span><\/div>\n<div style=\"color: #45818e; font-family: Verdana,sans-serif;\"><span style=\"font-size: 12pt;\">&nbsp;&nbsp;&nbsp; <span style=\"color: #134f5c;\">1\u00ba ESO C<\/span><o:p><\/o:p><\/span><\/div>\n<div style=\"color: #45818e; font-family: Verdana,sans-serif;\"><span style=\"font-size: 12pt;\">&nbsp;&nbsp;&nbsp;&nbsp;&nbsp;&nbsp;&nbsp; Mateo, Antonio: sin determinar<o:p><\/o:p><\/span><\/div>\n<div style=\"color: #45818e; font-family: Verdana,sans-serif;\"><span style=\"font-size: 12pt;\">&nbsp;&nbsp;&nbsp;&nbsp;&nbsp;&nbsp; Berdugo, Julio: canci\u00f3n \u201c<st1:personname product w:st=\"on\">la Mujer<\/st1:personname> florero\u201d del grupo \u201cElla baila sola\u201d<o:p><\/o:p><\/span><\/div>\n<div style=\"color: #45818e; font-family: Verdana,sans-serif;\"><span style=\"font-size: 12pt;\">&nbsp;&nbsp;&nbsp;&nbsp;&nbsp;&nbsp; Mart\u00edn P\u00e9rez, Miguel: \u201cLa luz es como el agua\u201d en <u>Los mejores relatos fant\u00e1sticos de habla hispa<\/u>na.<o:p><\/o:p><\/span><\/div>\n<div style=\"color: #45818e; font-family: Verdana,sans-serif;\"><span style=\"font-size: 12pt;\"><o:p>&nbsp;<\/o:p>&nbsp;&nbsp;&nbsp;&nbsp;&nbsp; Duraci\u00f3n del evento: una hora.<o:p><\/o:p><\/span><\/div>\n<div style=\"color: #45818e; font-family: Verdana,sans-serif;\"><span style=\"font-size: 12pt;\">&nbsp;&nbsp;&nbsp;&nbsp;&nbsp;&nbsp;&nbsp; Lugar: en el SUM.<o:p><\/o:p><\/span><\/div>\n<div style=\"color: #45818e; font-family: Verdana,sans-serif;\"><span style=\"font-size: 12pt;\">&nbsp;&nbsp;&nbsp;&nbsp;&nbsp;&nbsp; Participaron como espectadores: sus propios compa\u00f1er@s (1\u00ba ESO) y profesorado que impart\u00eda clase a esa hora.<o:p><\/o:p><\/span><\/div>\n<div style=\"color: #45818e; font-family: Verdana,sans-serif;\"><b><span style=\"font-size: 12pt;\">&nbsp;&nbsp;&nbsp;&nbsp; Fecha y hora: d\u00eda 22 Jueves, a 4\u00aahora.<o:p><\/o:p><\/span><\/b><\/div>\n<div style=\"color: #45818e; font-family: Verdana,sans-serif;\"><span style=\"font-size: 12pt;\">&nbsp;&nbsp;&nbsp;&nbsp;&nbsp; Colabor\u00f3: Lola Zamudio, que estuvo presente en el evento como parte del jurado.<\/span><\/div>\n<div style=\"color: #45818e; font-family: Verdana,sans-serif;\"><\/div>\n<div style=\"font-family: Verdana,sans-serif;\"><span style=\"font-size: 12pt;\"><span style=\"color: #45818e;\">El jurado ha estimado conveniente otorgar 2 premios: uno para el m\u00e1s votado por el alumnado, <span style=\"color: #134f5c;\">Antonio Mateo<\/span> y otro para el mejor considerado entre el profesorado, <span style=\"color: #073763;\">Julio Berdugo<\/span>. <\/span><\/span><\/div>\n<div style=\"font-family: Verdana,sans-serif;\"><span style=\"font-size: 12pt;\"><\/span><\/div>\n<div style=\"font-family: Verdana,sans-serif;\"><span style=\"font-size: 12pt;\"><o:p><\/o:p><\/span><\/div>\n<div style=\"font-family: Verdana,sans-serif;\"><span style=\"font-size: 12pt;\">________________________________________________________________<o:p><\/o:p><\/span><b><span style=\"font-size: 12pt;\">&nbsp;<\/span><\/b><\/div>\n<div style=\"font-family: Verdana,sans-serif;\"><b><span style=\"font-size: 12pt;\"><span style=\"color: #073763;\">\u201cLITERATURA Y      CINE\u201d: \u201cLa isla del tesoro\u201d.<\/span><o:p><\/o:p><\/span><\/b><\/div>\n<div style=\"color: #38761d; font-family: Verdana,sans-serif; margin-left: 18pt;\"><\/div>\n<div style=\"color: #38761d; font-family: Verdana,sans-serif; margin-left: 18pt;\"><b><span style=\"font-size: 12pt;\">ACTIVIDAD DIRIGIDA A 2\u00ba ESO<o:p><\/o:p><\/span><\/b><\/div>\n<div style=\"color: #38761d; font-family: Verdana,sans-serif; margin-left: 18pt;\"><span style=\"font-size: 12pt;\">SESIONES: 4, APROX. INCLUYERON 2 SESIONES DE TRABAJO EN CADA AULA CON TEXTOS DE <st1:personname product w:st=\"on\"><st1:personname product w:st=\"on\">LA   NOVELA<\/st1:personname> DE<\/st1:personname> ROBERT LOUIS STEVENSON + (<b>2\u00aa Y 3\u00aa HORAS DEL JUEVES 22<\/b>) VISIONADO DE <st1:personname product w:st=\"on\"><st1:personname product w:st=\"on\">LA PEL\u00cdCULA<\/st1:personname> DE<\/st1:personname> T\u00cdTULO HOM\u00d3NIMO.<o:p><\/o:p><\/span><\/div>\n<div style=\"color: #38761d; font-family: Verdana,sans-serif; margin-left: 18pt;\"><span style=\"font-size: 12pt;\">PROFESORADO IMPLICADO: PROFESORADO CORRESPONDIENTE DEL DPTO. LENGUA Y LITERATURA.<\/span><\/div>\n<div style=\"clear: both; text-align: center;\"><a href=\"http:\/\/3.bp.blogspot.com\/_YKFw-Wn3qxk\/S9aZgTIR4GI\/AAAAAAAAARM\/Apf7MtO_1g8\/s1600\/Treasure_Island_1956_R1-%5Bcdcovers_cc%5D-front.jpg\" style=\"margin-left: 1em; margin-right: 1em;\" target=\"_blank\"><img decoding=\"async\" border=\"0\" src=\"http:\/\/3.bp.blogspot.com\/_YKFw-Wn3qxk\/S9aZgTIR4GI\/AAAAAAAAARM\/Apf7MtO_1g8\/s320\/Treasure_Island_1956_R1-%5Bcdcovers_cc%5D-front.jpg\" \/><\/a><\/div>\n<div style=\"color: #38761d; font-family: Verdana,sans-serif; margin-left: 18pt;\"><\/div>\n<div style=\"color: #38761d; font-family: Verdana,sans-serif; margin-left: 18pt;\"><span style=\"font-size: 12pt;\"><\/span><\/div>\n<div style=\"border: medium none; color: #38761d; font-family: Verdana,sans-serif; padding: 0cm;\"><span style=\"font-size: 12pt;\">&nbsp;Paralelamente, el Dpto. de franc\u00e9s est\u00e1 organizando otro videoforum, de car\u00e1cter similar, de la novela \u201cEl Principito\u201d (para el&nbsp;&nbsp; segundo ciclo de <st1:personname product w:st=\"on\">la ESO<\/st1:personname>). Horario a determinar.<\/span><\/div>\n<div style=\"border: medium none; color: #38761d; font-family: Verdana,sans-serif; padding: 0cm;\"><\/div>\n<div style=\"border: medium none; font-family: Verdana,sans-serif; padding: 0cm;\"><span style=\"font-size: 12pt;\"><\/span><\/div>\n<div style=\"border: medium none; font-family: Verdana,sans-serif; padding: 0cm;\"><span style=\"font-size: 12pt;\"><\/span><\/div>\n<div style=\"border-color: -moz-use-text-color -moz-use-text-color windowtext; border-style: none none solid; border-width: medium medium 1.5pt; font-family: Verdana,sans-serif; margin-left: 18pt; margin-right: 0cm; padding: 0cm 0cm 1pt;\"><\/div>\n<div style=\"font-family: Verdana,sans-serif;\"><span style=\"font-size: 12pt;\"><o:p><\/o:p><\/span><b><span style=\"font-size: 12pt;\">&nbsp;&nbsp;&nbsp;&nbsp;<span style=\"color: #0c343d;\">&nbsp; ACTIVIDADES      PARA EL VIERNES 23 DE ABRIL (3\u00baESO, 4\u00baESO , 1\u00ba Bach.)<\/span><o:p style=\"color: #0c343d;\"><\/o:p><\/span><\/b><span style=\"font-size: 12pt;\"> <span style=\"color: #38761d;\">&nbsp;<\/span><\/span><\/div>\n<div style=\"font-family: Verdana,sans-serif;\"><\/div>\n<div style=\"font-family: Verdana,sans-serif;\"><span style=\"font-size: 12pt;\"><span style=\"color: #38761d;\">Actividades (a elegir): <\/span><o:p style=\"color: #38761d;\"><\/o:p><\/span><\/div>\n<div style=\"color: #38761d; font-family: Verdana,sans-serif; margin-left: 18pt;\"><b style=\"color: #073763;\"><span style=\"font-size: 12pt;\">A\u00ba<\/span><\/b><span style=\"font-size: 12pt;\"><span style=\"color: #073763;\"> <\/span><b style=\"color: #073763;\">Lectura en voz alta de diferentes tipos de textos en el aula<\/b><span style=\"color: #073763;\"> (a cada grupo, un tipo de texto).<\/span><o:p><\/o:p><\/span><\/div>\n<div style=\"color: #38761d; font-family: Verdana,sans-serif; margin-left: 17.85pt; text-align: justify;\"><span style=\"font-size: 12pt;\">Antes de proceder a la lectura oral en el aula, el profes@r deber\u00e1 distribuir la clase en subgrupos y explicarles los aspectos a tener en cuenta para afrontar la lectura expresiva: primeramente, aquellos aspectos mec\u00e1nicos que afectan al proceso lector, como son: una adecuada vocalizaci\u00f3n, que exige la correcta articulaci\u00f3n de todos los sonidos, evitando vulgarismos fon\u00e9ticos; la adecuaci\u00f3n de la velocidad lectora al contenido del texto; y, despu\u00e9s, se considerar\u00e1n aquellos otros factores que contribuyen a la correcta modulaci\u00f3n de la voz, tales como: la entonaci\u00f3n, determinada -entre otros factores- por la diferente estructura de las oraciones, por la adecuada interpretaci\u00f3n de los signos de puntuaci\u00f3n y la conveniente distribuci\u00f3n de las pausas y, en definitiva, por las inflexiones t\u00f3nicas de la voz que responden al comportamiento tonal de los grupos f\u00f3nicos y de los enunciados; las exigencias r\u00edtmicas -en el caso del verso-, marcando los diferentes tipos de acentos y, en su caso, haciendo perceptible la rima, etc.<o:p><\/o:p><\/span><\/div>\n<div style=\"color: #38761d; font-family: Verdana,sans-serif; margin-left: 17.85pt;\"><\/div>\n<div style=\"color: #38761d; font-family: Verdana,sans-serif; margin-left: 17.85pt;\"><b style=\"color: #0c343d;\"><span style=\"font-size: 12pt;\">B\u00ba<\/span><\/b><span style=\"font-size: 12pt;\"><span style=\"color: #0c343d;\"> \u201cLectura y humor\u201d (trabajo con vi\u00f1etas):<\/span><o:p><\/o:p><\/span><\/div>\n<div style=\"color: #38761d; font-family: Verdana,sans-serif; margin-left: 18pt;\"><b><span style=\"font-size: 12pt;\">1.<\/span><\/b><span style=\"font-size: 12pt;\"> La profesora o profesor puede elegir las im\u00e1genes que desee (dichas im\u00e1genes critican la situaci\u00f3n del libro en nuestra sociedad actual y proceden de la obra &#8220;C\u00f3mo leer un libro&#8221;)&nbsp; y entregarlas a sus alumnos.<br \/><b>2.<\/b> Pedir\u00e1 a sus alumnos que realicen un trabajo relacionado con alguna de esas im\u00e1genes. Por ejemplo, una redacci\u00f3n, un poema o un dibujo.<o:p><\/o:p><\/span><\/div>\n<div style=\"color: #38761d; font-family: Verdana,sans-serif; margin-left: 18pt;\"><b><span style=\"font-size: 12pt;\"><span style=\"color: #0c343d;\">Grupos y profesorado implicado:<\/span><o:p><\/o:p><\/span><\/b><\/div>\n<div style=\"color: #38761d; font-family: Verdana,sans-serif; margin-left: 18pt;\"><span style=\"font-size: 12pt;\">3\u00ba ESO<o:p><\/o:p><\/span><\/div>\n<div style=\"color: #38761d; font-family: Verdana,sans-serif; margin-left: 18pt;\"><span style=\"font-size: 12pt;\">Grupo A : Mall\u00e9n Rivera, Juana \u2026\u2026\u2026\u2026\u2026\u2026\u20262\u00aa hora <o:p><\/o:p><\/span><\/div>\n<div style=\"color: #38761d; font-family: Verdana,sans-serif; margin-left: 18pt;\"><span style=\"font-size: 12pt;\">Grupo B : Zamudio Sierra, Dolores\u2026\u2026\u2026\u2026\u2026&nbsp;&nbsp; &nbsp;&nbsp;&nbsp;5\u00aa hora<o:p><\/o:p><\/span><\/div>\n<div style=\"color: #38761d; font-family: Verdana,sans-serif; margin-left: 18pt;\"><span style=\"font-size: 12pt;\">Grupo C : Moreno Bellido, Noelia\u2026\u2026\u2026\u2026\u2026\u2026&nbsp;&nbsp; 5\u00aa hora<o:p><\/o:p><\/span><\/div>\n<div style=\"color: #38761d; font-family: Verdana,sans-serif; margin-left: 18pt;\"><span style=\"font-size: 12pt;\">4\u00ba ESO<o:p><\/o:p><\/span><\/div>\n<div style=\"color: #38761d; font-family: Verdana,sans-serif; margin-left: 18pt;\"><span style=\"font-size: 12pt;\">Grupo A : Rodr\u00edguez Guisado, Ana Mar\u00eda\u2026\u2026.. \u2026\u20261\u00aa hora<o:p><\/o:p><\/span><\/div>\n<div style=\"color: #38761d; font-family: Verdana,sans-serif; margin-left: 18pt;\"><span style=\"font-size: 12pt;\">Grupo B : Hurtado Buz\u00f3n, Enrique \u2026\u2026\u2026\u2026\u2026\u2026&nbsp; 4\u00aa hora<o:p><\/o:p><\/span><\/div>\n<div style=\"color: #38761d; font-family: Verdana,sans-serif; margin-left: 18pt;\"><span style=\"font-size: 12pt;\">Grupo C : Moyano Ferreira, Antonio Jes\u00fas.. \u2026\u2026\u2026&nbsp;&nbsp; 1\u00aa hora<o:p><\/o:p><\/span><\/div>\n<div style=\"color: #38761d; font-family: Verdana,sans-serif; margin-left: 18pt;\"><span style=\"font-size: 12pt;\">1\u00ba Bachillerato<o:p><\/o:p><\/span><\/div>\n<div style=\"color: #38761d; font-family: Verdana,sans-serif; margin-left: 18pt;\"><span style=\"font-size: 12pt;\">Grupo A : V\u00e1zquez, Miguel \u2026\u2026\u2026\u2026\u2026\u2026\u2026\u2026&nbsp; 2\u00aa hora<o:p><\/o:p><\/span><\/div>\n<div style=\"color: #38761d; font-family: Verdana,sans-serif; margin-left: 18pt;\"><span style=\"font-size: 12pt;\">Grupo B : S\u00e1nchez Richter, Ana Isabel\u2026\u2026\u2026.. \u2026&nbsp;&nbsp; &nbsp;5\u00aa hora<o:p><\/o:p><\/span><\/div>\n<div style=\"color: #38761d; font-family: Verdana,sans-serif; margin-left: 18pt;\"><\/div>\n<div style=\"color: #38761d; font-family: Verdana,sans-serif; margin-left: 18pt;\"><span style=\"font-size: 12pt;\">Para m\u00e1s informaci\u00f3n y\/o problemas con esta organizaci\u00f3n, se ruega hablen con el coordinador Plan LyB.<o:p><\/o:p><\/span><\/div>\n<div style=\"color: #38761d; font-family: Verdana,sans-serif; margin-left: 18pt;\"><span style=\"font-size: 12pt;\">Pr\u00f3ximamente se ofrecer\u00e1n las fotocopia de los textos, de acuerdo con la <b>elecci\u00f3n realizada por cada profes@r, QUE SE LO COMUNICAR\u00c1 AL COORDINADOR.<o:p><\/o:p><\/b><\/span><\/div>\n<div style=\"color: #38761d; font-family: Verdana,sans-serif;\"><\/div>\n<div style=\"font-family: Verdana,sans-serif;\"><b><span style=\"font-size: 12pt;\"><span style=\"color: #073763;\">TEXTOS POSIBLES A ELEGIR (PROPUESTAS) (CATEGOR\u00cdA A= ESO, CATEGOR\u00cdA B= BACHILLERATO)<\/span><o:p><\/o:p><\/span><\/b><\/div>\n<div style=\"font-family: Verdana,sans-serif;\"><span style=\"font-size: 12pt;\">&nbsp;&nbsp;<span style=\"color: #38761d;\">&nbsp; <\/span><span style=\"color: #38761d;\">I-&nbsp;&nbsp;&nbsp;&nbsp;&nbsp;&nbsp; DE UN POEMA:<\/span><o:p style=\"color: #38761d;\"><\/o:p><\/span><\/div>\n<div style=\"color: #38761d; font-family: Verdana,sans-serif;\"><span style=\"font-size: 12pt;\">&nbsp;&nbsp;&nbsp;&nbsp;&nbsp;&nbsp;&nbsp;&nbsp;&nbsp;&nbsp;&nbsp;&nbsp; &nbsp;&nbsp;&nbsp;&nbsp;&nbsp;&nbsp;&nbsp;&nbsp;&nbsp;&nbsp;&nbsp;CATEGORIA A <o:p><\/o:p><\/span><\/div>\n<div style=\"color: #38761d; font-family: Verdana,sans-serif; margin-left: 72pt; text-indent: -18pt;\"><span style=\"font-size: 11pt;\">\u00b7<span style=\"font-size-adjust: none; font-size: 7pt; font-stretch: normal; font-style: normal; font-variant: normal; font-weight: normal; line-height: normal;\">&nbsp;&nbsp;&nbsp;&nbsp;&nbsp;&nbsp;&nbsp;&nbsp; <\/span><\/span><span style=\"font-size: 11pt;\">\u201cNanas de la cebolla\u201d de Miguel Hern\u00e1ndez en <u>Antolog\u00eda po\u00e9tica<\/u><o:p><\/o:p><\/span><\/div>\n<div style=\"color: #38761d; font-family: Verdana,sans-serif; margin-left: 72pt; text-indent: -18pt;\"><span style=\"font-size: 11pt;\">\u00b7<span style=\"font-size-adjust: none; font-size: 7pt; font-stretch: normal; font-style: normal; font-variant: normal; font-weight: normal; line-height: normal;\">&nbsp;&nbsp;&nbsp;&nbsp;&nbsp;&nbsp;&nbsp;&nbsp; <\/span><\/span><span style=\"font-size: 11pt;\">\u201cA Margarita Debayle\u201d de Rub\u00e9n Dar\u00edo.<o:p><\/o:p><\/span><\/div>\n<div style=\"color: #38761d; font-family: Verdana,sans-serif; margin-left: 72pt; text-indent: -18pt;\"><span style=\"font-size: 11pt;\">\u00b7<span style=\"font-size-adjust: none; font-size: 7pt; font-stretch: normal; font-style: normal; font-variant: normal; font-weight: normal; line-height: normal;\">&nbsp;&nbsp;&nbsp;&nbsp;&nbsp;&nbsp;&nbsp;&nbsp; <\/span><\/span><span style=\"font-size: 11pt;\">&nbsp;Tom\u00e1s de Iriarte. F\u00e1bulas literarias.<o:p><\/o:p><\/span><\/div>\n<div style=\"color: #38761d; font-family: Verdana,sans-serif; margin-left: 72pt; text-indent: -18pt;\"><span style=\"font-size: 11pt;\">\u00b7<span style=\"font-size-adjust: none; font-size: 7pt; font-stretch: normal; font-style: normal; font-variant: normal; font-weight: normal; line-height: normal;\">&nbsp;&nbsp;&nbsp;&nbsp;&nbsp;&nbsp;&nbsp;&nbsp; <\/span><\/span><span style=\"font-size: 11pt;\">\u201cLa luna nueva\u201d de Rabrindranath Tagore.<o:p><\/o:p><\/span><\/div>\n<div style=\"color: #38761d; font-family: Verdana,sans-serif; margin-left: 72pt; text-indent: -18pt;\"><span style=\"font-size: 11pt;\">\u00b7<span style=\"font-size-adjust: none; font-size: 7pt; font-stretch: normal; font-style: normal; font-variant: normal; font-weight: normal; line-height: normal;\">&nbsp;&nbsp;&nbsp;&nbsp;&nbsp;&nbsp;&nbsp;&nbsp; <\/span><\/span><span style=\"font-size: 11pt;\">\u201cPoema de oto\u00f1o y otros poemas\u201d de Rub\u00e9n Dar\u00edo.<o:p><\/o:p><\/span><\/div>\n<div style=\"color: #38761d; font-family: Verdana,sans-serif; margin-left: 54pt;\"><span style=\"font-size: 12pt;\">CATEGOR\u00cdA B<o:p><\/o:p><\/span><\/div>\n<div style=\"color: #38761d; font-family: Verdana,sans-serif; margin-left: 72pt; text-indent: -18pt;\"><span style=\"font-size: 11pt;\">\u00b7<span style=\"font-size-adjust: none; font-size: 7pt; font-stretch: normal; font-style: normal; font-variant: normal; font-weight: normal; line-height: normal;\">&nbsp;&nbsp;&nbsp;&nbsp;&nbsp;&nbsp;&nbsp;&nbsp; <\/span><\/span><span style=\"font-size: 11pt;\">\u201cEleg\u00eda a Ram\u00f3n Sij\u00e9\u201d de Miguel Hernandez.<o:p><\/o:p><\/span><\/div>\n<div style=\"color: #38761d; font-family: Verdana,sans-serif; margin-left: 72pt; text-indent: -18pt;\"><span style=\"font-size: 11pt;\">\u00b7<span style=\"font-size-adjust: none; font-size: 7pt; font-stretch: normal; font-style: normal; font-variant: normal; font-weight: normal; line-height: normal;\">&nbsp;&nbsp;&nbsp;&nbsp;&nbsp;&nbsp;&nbsp;&nbsp; <\/span><\/span><span style=\"font-size: 11pt;\">\u201cOda a It\u00e1lica\u201d (selecci\u00f3n) de Rodrigo Caro.<o:p><\/o:p><\/span><\/div>\n<div style=\"color: #38761d; font-family: Verdana,sans-serif; margin-left: 54pt; text-indent: -36pt;\"><span style=\"font-size: 12pt;\">II-<span style=\"font-size-adjust: none; font-size: 7pt; font-stretch: normal; font-style: normal; font-variant: normal; font-weight: normal; line-height: normal;\">&nbsp;&nbsp;&nbsp;&nbsp;&nbsp;&nbsp;&nbsp;&nbsp;&nbsp;&nbsp;&nbsp;&nbsp;&nbsp;&nbsp;&nbsp;&nbsp;&nbsp; <\/span><\/span><span style=\"font-size: 12pt;\">DE RELATOS.<o:p><\/o:p><\/span><\/div>\n<div style=\"color: #38761d; font-family: Verdana,sans-serif; margin-left: 54pt;\"><span style=\"font-size: 12pt;\">CATEGOR\u00cdA A<o:p><\/o:p><\/span><\/div>\n<div style=\"color: #38761d; font-family: Verdana,sans-serif; margin-left: 89.85pt; text-indent: -18pt;\"><span style=\"font-size: 11pt;\">\u00b7<span style=\"font-size-adjust: none; font-size: 7pt; font-stretch: normal; font-style: normal; font-variant: normal; font-weight: normal; line-height: normal;\">&nbsp;&nbsp;&nbsp;&nbsp;&nbsp;&nbsp;&nbsp;&nbsp; <\/span><\/span><span style=\"font-size: 11pt;\">Texto de \u201cEl ingenioso hidalgo Don Quijote de <st1:personname product w:st=\"on\">la Mancha<\/st1:personname>\u201d.<o:p><\/o:p><\/span><\/div>\n<div style=\"color: #38761d; font-family: Verdana,sans-serif; margin-left: 89.85pt; text-indent: -18pt;\"><span style=\"font-size: 11pt;\">\u00b7<span style=\"font-size-adjust: none; font-size: 7pt; font-stretch: normal; font-style: normal; font-variant: normal; font-weight: normal; line-height: normal;\">&nbsp;&nbsp;&nbsp;&nbsp;&nbsp;&nbsp;&nbsp;&nbsp; <\/span><\/span><span style=\"font-size: 11pt;\">\u201cLas gafas del diablo\u201d de Fern\u00e1ndez Flores.<o:p><\/o:p><\/span><\/div>\n<div style=\"color: #38761d; font-family: Verdana,sans-serif; margin-left: 89.85pt; text-indent: -18pt;\"><span style=\"font-size: 11pt;\">\u00b7<span style=\"font-size-adjust: none; font-size: 7pt; font-stretch: normal; font-style: normal; font-variant: normal; font-weight: normal; line-height: normal;\">&nbsp;&nbsp;&nbsp;&nbsp;&nbsp;&nbsp;&nbsp;&nbsp; <\/span><\/span><span style=\"font-size: 11pt;\">\u201cEra un jard\u00edn sonriente\u201d de Julia Maura.<o:p><\/o:p><\/span><\/div>\n<div style=\"color: #38761d; font-family: Verdana,sans-serif; margin-left: 89.85pt; text-indent: -18pt;\"><span style=\"font-size: 11pt;\">\u00b7<span style=\"font-size-adjust: none; font-size: 7pt; font-stretch: normal; font-style: normal; font-variant: normal; font-weight: normal; line-height: normal;\">&nbsp;&nbsp;&nbsp;&nbsp;&nbsp;&nbsp;&nbsp;&nbsp; <\/span><\/span><span style=\"font-size: 11pt;\">\u201cEl hombre vestido de gris y otros cuentos\u201d de Fernando Alonso.<o:p><\/o:p><\/span><\/div>\n<div style=\"color: #38761d; font-family: Verdana,sans-serif; margin-left: 89.85pt; text-indent: -18pt;\"><span style=\"font-size: 11pt;\">\u00b7<span style=\"font-size-adjust: none; font-size: 7pt; font-stretch: normal; font-style: normal; font-variant: normal; font-weight: normal; line-height: normal;\">&nbsp;&nbsp;&nbsp;&nbsp;&nbsp;&nbsp;&nbsp;&nbsp; <\/span><\/span><span style=\"font-size: 11pt;\">\u201cEl sombrero de tres picos\u201d de Pedro Antonio de Alarc\u00f3n.<o:p><\/o:p><\/span><\/div>\n<div style=\"color: #38761d; font-family: Verdana,sans-serif; margin-left: 54pt;\"><span style=\"font-size: 12pt;\">CATEGOR\u00cdA B<o:p><\/o:p><\/span><\/div>\n<div style=\"color: #38761d; font-family: Verdana,sans-serif; margin-left: 90pt; text-indent: -18pt;\"><span style=\"font-size: 11pt;\">\u00b7<span style=\"font-size-adjust: none; font-size: 7pt; font-stretch: normal; font-style: normal; font-variant: normal; font-weight: normal; line-height: normal;\">&nbsp;&nbsp;&nbsp;&nbsp;&nbsp;&nbsp;&nbsp;&nbsp; <\/span><\/span><span style=\"font-size: 11pt;\">\u201cEl Altillo\u201d de M. Benedetti en <u>Cuentos sorprendentes<\/u>.<o:p><\/o:p><\/span><\/div>\n<div style=\"color: #38761d; font-family: Verdana,sans-serif; margin-left: 90pt; text-indent: -18pt;\"><span style=\"font-size: 11pt;\">\u00b7<span style=\"font-size-adjust: none; font-size: 7pt; font-stretch: normal; font-style: normal; font-variant: normal; font-weight: normal; line-height: normal;\">&nbsp;&nbsp;&nbsp;&nbsp;&nbsp;&nbsp;&nbsp;&nbsp; <\/span><\/span><span style=\"font-size: 11pt;\">\u201cDinamarca, la del pollo Hamlet\u201d de E. J.Poncela en <st1:personname product w:st=\"on\"><u>La Mona  Risa.<\/u><\/st1:personname><u> Los mejores relatos de humor<\/u>.<o:p><\/o:p><\/span><\/div>\n<div style=\"color: #38761d; font-family: Verdana,sans-serif; margin-left: 90pt; text-indent: -18pt;\"><span style=\"font-size: 11pt;\">\u00b7<span style=\"font-size-adjust: none; font-size: 7pt; font-stretch: normal; font-style: normal; font-variant: normal; font-weight: normal; line-height: normal;\">&nbsp;&nbsp;&nbsp;&nbsp;&nbsp;&nbsp;&nbsp;&nbsp; <\/span><\/span><u><span style=\"font-size: 11pt;\">Medea<\/span><\/u><span style=\"font-size: 11pt;\"> (1021-1080) de Eur\u00edpides.<o:p><\/o:p><\/span><\/div>\n<div style=\"color: #38761d; font-family: Verdana,sans-serif; margin-left: 54pt; text-indent: -36pt;\"><span style=\"font-size: 12pt;\">III-<span style=\"font-size-adjust: none; font-size: 7pt; font-stretch: normal; font-style: normal; font-variant: normal; font-weight: normal; line-height: normal;\">&nbsp;&nbsp;&nbsp;&nbsp;&nbsp;&nbsp;&nbsp;&nbsp;&nbsp;&nbsp;&nbsp;&nbsp;&nbsp;&nbsp;&nbsp; <\/span><\/span><span style=\"font-size: 12pt;\">DE UN TEXTO ANDALUZ.<o:p><\/o:p><\/span><\/div>\n<div style=\"color: #38761d; font-family: Verdana,sans-serif; margin-left: 18pt;\"><span style=\"font-size: 12pt;\">&nbsp;&nbsp;&nbsp;&nbsp;&nbsp;&nbsp;&nbsp; CATEGORIA A<o:p><\/o:p><\/span><\/div>\n<div style=\"color: #38761d; font-family: Verdana,sans-serif; margin-left: 90pt; text-indent: -18pt;\"><span style=\"font-size: 11pt;\">\u00b7<span style=\"font-size-adjust: none; font-size: 7pt; font-stretch: normal; font-style: normal; font-variant: normal; font-weight: normal; line-height: normal;\">&nbsp;&nbsp;&nbsp;&nbsp;&nbsp;&nbsp;&nbsp;&nbsp; <\/span><\/span><u><span style=\"font-size: 11pt;\">La sillita<\/span><\/u><span style=\"font-size: 11pt;\"> de S. y J. \u00c1lvarez Quintero en <u>Entremeses<\/u>.<o:p><\/o:p><\/span><\/div>\n<div style=\"color: #38761d; font-family: Verdana,sans-serif;\"><span style=\"font-size: 12pt;\">&nbsp;&nbsp;&nbsp;&nbsp;&nbsp;&nbsp;&nbsp;&nbsp;&nbsp;&nbsp;&nbsp; &nbsp;&nbsp;&nbsp;&nbsp;CATEGOR\u00cdA B<o:p><\/o:p><\/span><\/div>\n<div style=\"color: #38761d; font-family: Verdana,sans-serif; margin-left: 90.9pt; text-indent: -18pt;\"><span style=\"font-size: 11pt;\">\u00b7<span style=\"font-size-adjust: none; font-size: 7pt; font-stretch: normal; font-style: normal; font-variant: normal; font-weight: normal; line-height: normal;\">&nbsp;&nbsp;&nbsp;&nbsp;&nbsp;&nbsp;&nbsp;&nbsp; <\/span><\/span><u><span style=\"font-size: 11pt;\">Noviazgo, Boda y divorcio<\/span><\/u><span style=\"font-size: 11pt;\"> de J. y S. \u00c1lvarez Quintero en Entremeses.<o:p><\/o:p><\/span><\/div>\n<div style=\"color: #38761d; font-family: Verdana,sans-serif; margin-left: 54pt; text-indent: -36pt;\"><span style=\"font-size: 12pt;\">IV-<span style=\"font-size-adjust: none; font-size: 7pt; font-stretch: normal; font-style: normal; font-variant: normal; font-weight: normal; line-height: normal;\">&nbsp;&nbsp;&nbsp;&nbsp;&nbsp;&nbsp;&nbsp;&nbsp;&nbsp;&nbsp;&nbsp;&nbsp;&nbsp;&nbsp;&nbsp;&nbsp; <\/span><\/span><span style=\"font-size: 12pt;\">DE UN PASAJE DE TEATRO.<o:p><\/o:p><\/span><\/div>\n<div style=\"color: #38761d; font-family: Verdana,sans-serif; margin-left: 54pt;\"><span style=\"font-size: 12pt;\">CATEGOR\u00cdA A<o:p><\/o:p><\/span><\/div>\n<div style=\"color: #38761d; font-family: Verdana,sans-serif; margin-left: 90.9pt; text-indent: -18pt;\"><span style=\"font-size: 11pt;\">\u00b7<span style=\"font-size-adjust: none; font-size: 7pt; font-stretch: normal; font-style: normal; font-variant: normal; font-weight: normal; line-height: normal;\">&nbsp;&nbsp;&nbsp;&nbsp;&nbsp;&nbsp;&nbsp;&nbsp; <\/span><\/span><span style=\"font-size: 11pt;\">Escena de <u>La zapatera prodigiosa<\/u> de F. Garc\u00eda Lorca.<o:p><\/o:p><\/span><\/div>\n<div style=\"color: #38761d; font-family: Verdana,sans-serif; margin-left: 54pt;\"><span style=\"font-size: 12pt;\">CATEGOR\u00cdA B<o:p><\/o:p><\/span><\/div>\n<div style=\"border-color: -moz-use-text-color -moz-use-text-color windowtext; border-style: none none solid; border-width: medium medium 1.5pt; margin-left: 72.9pt; margin-right: 0cm; padding: 0cm 0cm 1pt;\">\n<div style=\"color: #38761d; font-family: Verdana,sans-serif; margin-left: 18pt;\"><span style=\"font-size: 11pt;\">\u00b7<span style=\"font-size-adjust: none; font-size: 7pt; font-stretch: normal; font-style: normal; font-variant: normal; font-weight: normal; line-height: normal;\">&nbsp;&nbsp;&nbsp;&nbsp;&nbsp;&nbsp;&nbsp;&nbsp; <\/span><\/span><u><span style=\"font-size: 11pt;\">El maestro<\/span><\/u><span style=\"font-size: 11pt;\"> de E. Ionesco<o:p><\/o:p><\/span><span style=\"font-size: 12pt;\">&nbsp;<\/span><\/div>\n<div style=\"color: #38761d; font-family: Verdana,sans-serif; margin-left: 18pt;\"><\/div>\n<p><span style=\"font-family: &quot;Tw Cen MT Condensed&quot;; font-size: 12pt;\"><o:p><\/o:p><\/span>  <\/div>\n","protected":false},"excerpt":{"rendered":"<p>Actividades realizadas el d\u00eda del libro&nbsp; FORMACI\u00d3N DE USUARIOS (ESO)&nbsp; Objetivo: dar a conocer las normas de uso y funcionamiento &hellip; <\/p>\n","protected":false},"author":3,"featured_media":0,"comment_status":"open","ping_status":"open","sticky":false,"template":"","format":"standard","meta":{"footnotes":""},"categories":[6],"tags":[],"class_list":["post-130","post","type-post","status-publish","format-standard","hentry","category-concursos"],"_links":{"self":[{"href":"http:\/\/biblioteca.isidrodearceneguiycarmona.es\/index.php?rest_route=\/wp\/v2\/posts\/130","targetHints":{"allow":["GET"]}}],"collection":[{"href":"http:\/\/biblioteca.isidrodearceneguiycarmona.es\/index.php?rest_route=\/wp\/v2\/posts"}],"about":[{"href":"http:\/\/biblioteca.isidrodearceneguiycarmona.es\/index.php?rest_route=\/wp\/v2\/types\/post"}],"author":[{"embeddable":true,"href":"http:\/\/biblioteca.isidrodearceneguiycarmona.es\/index.php?rest_route=\/wp\/v2\/users\/3"}],"replies":[{"embeddable":true,"href":"http:\/\/biblioteca.isidrodearceneguiycarmona.es\/index.php?rest_route=%2Fwp%2Fv2%2Fcomments&post=130"}],"version-history":[{"count":0,"href":"http:\/\/biblioteca.isidrodearceneguiycarmona.es\/index.php?rest_route=\/wp\/v2\/posts\/130\/revisions"}],"wp:attachment":[{"href":"http:\/\/biblioteca.isidrodearceneguiycarmona.es\/index.php?rest_route=%2Fwp%2Fv2%2Fmedia&parent=130"}],"wp:term":[{"taxonomy":"category","embeddable":true,"href":"http:\/\/biblioteca.isidrodearceneguiycarmona.es\/index.php?rest_route=%2Fwp%2Fv2%2Fcategories&post=130"},{"taxonomy":"post_tag","embeddable":true,"href":"http:\/\/biblioteca.isidrodearceneguiycarmona.es\/index.php?rest_route=%2Fwp%2Fv2%2Ftags&post=130"}],"curies":[{"name":"wp","href":"https:\/\/api.w.org\/{rel}","templated":true}]}}