{"id":1909,"date":"2023-12-16T01:10:11","date_gmt":"2023-12-16T01:10:11","guid":{"rendered":"http:\/\/biblioteca.isidrodearceneguiycarmona.es\/?p=1909"},"modified":"2023-12-26T13:02:08","modified_gmt":"2023-12-26T13:02:08","slug":"dia-de-la-lectura-en-andalucia-2023-quien-lee-lo-sabe","status":"publish","type":"post","link":"http:\/\/biblioteca.isidrodearceneguiycarmona.es\/?p=1909","title":{"rendered":"D\u00cdA DE LA LECTURA EN ANDALUC\u00cdA 2023: &#8220;QUIEN LEE LO SABE&#8221;"},"content":{"rendered":"<h4 style=\"text-align: center;\">Hoy, 16 de diciembre, se celebra, como todos los a\u00f1os, el d\u00eda de la lectura en Andaluc\u00eda, eligiendo el Centro Andaluz de las Letras como figura central a un escritor o escritora y sus palabras son el eco de la Alocuci\u00f3n ciudadana que se lee en todos los actos que se celebran en Andaluc\u00eda. Este a\u00f1o, la alocuci\u00f3n ha sido realizada por la escritora y librera <strong>Bel\u00e9n Rubiano<\/strong>, quien nos invita a la lectura a trav\u00e9s de un texto titulado\u00a0<strong>\u2018Quien lee lo sabe\u2019.\u00a0<\/strong>Sus emotivas palabras nos acercan al placer de leer:<em>\u201cPorque, por mucho que cambie, el mundo nunca muta: nadie nace sabiendo y estamos solos. As\u00ed pues, contra la ignorancia, la soledad y el fr\u00edo de las malas compa\u00f1\u00edas, libros. Aunque no suelan mejorar el saldo deudor entre realidad y deseo ni eviten que la historia, testaruda, reincida en sus errores. <\/em><\/h4>\n<h4 style=\"text-align: center;\"><em>Porque su ambici\u00f3n es otra y quien lee lo sabe: que el lector se comprenda, ni m\u00e1s ni menos\u201d<\/em>, escribe Bel\u00e9n Ruano, en la alocuci\u00f3n ciudadana, dedicada en su integridad a reiivindicar a la primera mujer que escribi\u00f3 en espa\u00f1ol con conciencia de estar escribiendo una obra literaria,en 1545, el libro de caballer\u00edas titulado <em>Cristali\u00e1n de Espa\u00f1a<\/em>, la vallisoletana <strong>Beatriz Bernal<\/strong>, aunque lo hizo de forma an\u00f3nima, firmando la primera edici\u00f3n simplemente como \u00abuna se\u00f1ora natural de la noble y m\u00e1s leal villa de Valladolid\u00bb<\/h4>\n<h4 style=\"text-align: center;\"><a href=\"http:\/\/biblioteca.isidrodearceneguiycarmona.es\/?attachment_id=1913\" rel=\"attachment wp-att-1913\"><img loading=\"lazy\" decoding=\"async\" class=\"aligncenter size-medium wp-image-1913\" src=\"http:\/\/biblioteca.isidrodearceneguiycarmona.es\/wp-content\/uploads\/2023\/12\/belen-rubiano-300x161.jpg\" alt=\"\" width=\"300\" height=\"161\" srcset=\"http:\/\/biblioteca.isidrodearceneguiycarmona.es\/wp-content\/uploads\/2023\/12\/belen-rubiano-300x161.jpg 300w, http:\/\/biblioteca.isidrodearceneguiycarmona.es\/wp-content\/uploads\/2023\/12\/belen-rubiano-768x413.jpg 768w, http:\/\/biblioteca.isidrodearceneguiycarmona.es\/wp-content\/uploads\/2023\/12\/belen-rubiano.jpg 800w\" sizes=\"auto, (max-width: 300px) 100vw, 300px\" \/><\/a><strong style=\"color: #333333;\">Bel\u00e9n Rubiano<\/strong><span style=\"color: #333333;\"> (Sevilla, 1970) es librera en su ciudad natal. Ha cursado, entre otros, estudios err\u00e1ticos e inconstantes de psicolog\u00eda, filosof\u00eda, cine y fotograf\u00eda, y reconoce que su \u00fanica constancia hasta la fecha ha sido la lectura. Ha colaborado en radio y revistas especializadas como cr\u00edtica y prescriptora literaria. Aunque la pregunta que m\u00e1s veces ha tenido que responder a lo largo de los a\u00f1os es \u00ab\u00bfcu\u00e1ndo vas a publicar?\u00bb, afirma que hasta ahora no ten\u00eda una historia que contar ni tiempo para escribirla. <\/span><strong style=\"color: #333333;\">Rialto, 11<\/strong><span style=\"color: #333333;\"> es su primer libro.\u00a0 \u00a0 \u00a0 \u00a0 \u00a0 <\/span><a href=\"http:\/\/biblioteca.isidrodearceneguiycarmona.es\/?attachment_id=1914\" rel=\"attachment wp-att-1914\"><img loading=\"lazy\" decoding=\"async\" class=\"size-medium wp-image-1914 aligncenter\" src=\"http:\/\/biblioteca.isidrodearceneguiycarmona.es\/wp-content\/uploads\/2023\/12\/rialto.11-188x300.jpg\" alt=\"\" width=\"188\" height=\"300\" srcset=\"http:\/\/biblioteca.isidrodearceneguiycarmona.es\/wp-content\/uploads\/2023\/12\/rialto.11-188x300.jpg 188w, http:\/\/biblioteca.isidrodearceneguiycarmona.es\/wp-content\/uploads\/2023\/12\/rialto.11.jpg 206w\" sizes=\"auto, (max-width: 188px) 100vw, 188px\" \/><\/a><\/h4>\n<div class=\"views-field views-field-body\">\n<div class=\"field-content\">\n<h5 style=\"text-align: left;\">Un d\u00eda de principios de oto\u00f1o de 2002, la luz de una peque\u00f1a y rec\u00f3ndita librer\u00eda de la plaza del Rialto de Sevilla se apag\u00f3, sin ruido ni apenas despedidas, definitivamente. Su fundadora hab\u00eda empezado a vender libros diez a\u00f1os antes en otras librer\u00edas, donde aprendi\u00f3 muchas cosas, adem\u00e1s de su oficio.En la sucesi\u00f3n de vivencias que conforman estas deliciosas memorias parciales, Rubiano comparte con los lectores la insobornable vocaci\u00f3n que le llev\u00f3 a establecerse como librera en una esquina del mapa. Y lo hace con humor y con c\u00e1ndida sinceridad, porque salvo la satisfacci\u00f3n de trabajar entre libros y lectores entendemos desde el principio que nada es como hab\u00eda so\u00f1ado y que en el oficio no faltan tormentas, marejadas y amargas decepciones. Pero tambi\u00e9n hay, afortunadamente, momentos delirantes, impagables lecciones y grandes alegr\u00edas.Ante todo, la val\u00eda de estas p\u00e1ginas, que el lector recorrer\u00e1 entre la carcajada libre y la m\u00e1s profunda empat\u00eda, reside en la vitalidad y el personal\u00edsimo estilo con el que Rubiano nos habla de su particular devoci\u00f3n por los libros y de c\u00f3mo uno puede llegar a arriesgar cualquier seguridad por perseguir un sue\u00f1o. \u00a0 <a href=\"https:\/\/www.juntadeandalucia.es\/cultura\/caletras\/editoriales\/libros-del-asteroide\" target=\"_blank\">Libros del Asteroide<\/a><\/h5>\n<\/div>\n<\/div>\n<div class=\"views-field views-field-field-publico\">\n<div class=\"field-content\"><a href=\"http:\/\/biblioteca.isidrodearceneguiycarmona.es\/?attachment_id=1913\" rel=\"attachment wp-att-1913\"><span style=\"color: #333333;\">HE AQU\u00cd EL <\/span><\/a><a href=\"https:\/\/drive.google.com\/file\/d\/187CQHsMQd_optgKhGgR98Dhb9kycFAUZ\/view?usp=sharing\" target=\"_blank\">TEXTO \u00cdNTEGRO DE LA ALOCUCI\u00d3N CIUDADANA.<\/a><\/div>\n<\/div>\n<p><span style=\"color: #0000ee;\"><u><strong>QUIEN LEE LO SABE<\/strong><br \/>\n<\/u><\/span><a href=\"http:\/\/biblioteca.isidrodearceneguiycarmona.es\/?attachment_id=1911\" rel=\"attachment wp-att-1911\"><img loading=\"lazy\" decoding=\"async\" class=\"size-medium wp-image-1911 alignleft\" src=\"http:\/\/biblioteca.isidrodearceneguiycarmona.es\/wp-content\/uploads\/2023\/12\/ALOCUCION-CIUDADANA-2023-212x300.jpg\" alt=\"\" width=\"212\" height=\"300\" srcset=\"http:\/\/biblioteca.isidrodearceneguiycarmona.es\/wp-content\/uploads\/2023\/12\/ALOCUCION-CIUDADANA-2023-212x300.jpg 212w, http:\/\/biblioteca.isidrodearceneguiycarmona.es\/wp-content\/uploads\/2023\/12\/ALOCUCION-CIUDADANA-2023-724x1024.jpg 724w, http:\/\/biblioteca.isidrodearceneguiycarmona.es\/wp-content\/uploads\/2023\/12\/ALOCUCION-CIUDADANA-2023-768x1086.jpg 768w, http:\/\/biblioteca.isidrodearceneguiycarmona.es\/wp-content\/uploads\/2023\/12\/ALOCUCION-CIUDADANA-2023-1086x1536.jpg 1086w, http:\/\/biblioteca.isidrodearceneguiycarmona.es\/wp-content\/uploads\/2023\/12\/ALOCUCION-CIUDADANA-2023-1448x2048.jpg 1448w\" sizes=\"auto, (max-width: 212px) 100vw, 212px\" \/><\/a><\/p>\n<h4 style=\"text-align: right;\">&#8220;<em>El a\u00f1o pasado, en su alocuci\u00f3n del D\u00eda de la Lectura en Andaluc\u00eda, Herminia Luque nos hablaba de Cecilia B\u00f3hl de Faber, una escritora que signific\u00f3 mucho para m\u00ed en mis comienzos en este, tan placentero como grave, oficio de leer. Y, como cerezas gemelas, me ha venido a la mente otra mujer cuya vida me gusta imaginar por m\u00e1s que de ella tengamos pocos datos y ni un retrato: Beatriz Bernal. Quiz\u00e1s porque no son pocas las similitudes que comparten. Ambas biograf\u00edas parecen atravesadas por un hilo conductor com\u00fan: la lectura voraz y la voluntad de sumar a lo ya escrito una obra propia. Ambas publicaron bajo pseud\u00f3nimos y enviudaron dos veces. Ambas legaron a su muerte una biblioteca nada desde\u00f1able y el convencimiento de que los mismos caracteres que sirven para romper vidas, combinados entre ellos con m\u00e1s arte, pueden parir otras que, en algunos casos, no parece que hayan de morir. No es el caso de ellas: Fern\u00e1n Caballero es cada d\u00eda menos le\u00edda y, a menos que uno sea millonario, hoy es pr\u00e1cticamente imposible leer el \u00fanico libro que escribi\u00f3 Beatriz Bernal; pero hizo historia y muchos colegas (G\u00f3ngora entre ellos) incluso la citaron. Sabemos que la primera impresi\u00f3n (firmada como Una se\u00f1ora de Valladolid) se vendi\u00f3 entera. Que hizo part\u00edcipe a su \u00fanica hija de la importancia de su gesta. Que era consciente de que su libro merec\u00eda una cierta posteridad pues, gustando, se hab\u00eda agotado. A su muerte, entre 1562 y 1586, su hija luch\u00f3 y consigui\u00f3 el permiso necesario para reimprimir la novela de caballer\u00eda escrita por su madre. Esta vez con su nombre: Beatriz Bernal.Hoy est\u00e1 considerada la primera mujer que escribi\u00f3 en nuestra lengua con conciencia de la propia autor\u00eda aunque, seg\u00fan mis comprobaciones, no tiene calle, plaza o barreduela que la recuerde en sitio alguno. Que la historia est\u00e1 llena de olvidos como el suyo es bien sabido, y mis palabras no deben entenderse como reivindicaci\u00f3n sino como reconocimiento. No sabemos de ella ni qu\u00e9 aspecto ten\u00eda, mas creo conocerla profundamente. \u00bfQui\u00e9n de nosotros desconoce lo que es estar solo entre la gente? Beatriz Bernal se sinti\u00f3 as\u00ed, como todos los lectores puros primero y todos los que llegan a ser escritores despu\u00e9s, no me cabe duda, en su primera infancia. Pero tuvo la fortuna de tener libros cerca y el acceso a una formaci\u00f3n que su \u00e9poca negaba a las mujeres. Descubri\u00f3 la lectura y sus infinitas bondades: la multitud de vidas posibles viviendo apenas la propia, algo que conlleva la aniquilaci\u00f3n del tiempo que miden los relojes, la posibilidad de viajar lej\u00edsimos sin salir de Valladolid y que lo que llamamos realidad es s\u00f3lo la manera que tenemos de fracasar al nombrarla. El mundo ha cambiado mil veces desde que Beatriz Bernal test\u00f3 a favor de su \u00fanica hija sus riquezas: ni m\u00e1s ni menos que sesenta vol\u00famenes muy amados y rele\u00eddos. Alas y ancla a la vez, quien lee lo sabe, y la mejor compa\u00f1\u00eda en ese transitar la vida que nos toca. M\u00e1s dura o m\u00e1s amable, ni una sola se ha visto nunca libre de temerse impar entre los suyos. Porque, por mucho que cambie, el mundo nunca muta: nadie nace sabiendo y estamos solos. As\u00ed pues, contra la ignorancia, la soledad y el fr\u00edo de las malas compa\u00f1\u00edas, libros. Aunque no suelan mejorar el saldo deudor entre realidad y deseo ni eviten que la historia, testaruda, reincida en sus errores. Porque su ambici\u00f3n es otra y quien lee lo sabe: que el lector se comprenda, ni m\u00e1s ni meno<\/em>s.&#8221;\u00a0 \u00a0 \u00a0 \u00a0<strong>Bel\u00e9n Rubiano<\/strong><\/h4>\n<p>En nuestro IEs hemos optado por la frase &#8220;SI ESCUCHAS A LOS LIBROS, SO\u00d1AR\u00c1S&#8221; que ha servido de tem\u00e1tica para el fant\u00e1stico escenario fabricado por nuestro compa\u00f1ero Antonio L\u00f3pez, que sirve de antesala para la llegada de la Navidad y la efem\u00e9rides a celebrar. Nuestras compa\u00f1eras de Lengua y Literatura han coordinado, a su vez, las producciones del alumnado en forma de frases y versos que han servido de contenido a los bocadillos-sue\u00f1os.<\/p>\n<div id='gallery-1' class='gallery galleryid-1909 gallery-columns-3 gallery-size-thumbnail'><figure class='gallery-item'>\n\t\t\t<div class='gallery-icon landscape'>\n\t\t\t\t<a href='http:\/\/biblioteca.isidrodearceneguiycarmona.es\/?attachment_id=1936'><img loading=\"lazy\" decoding=\"async\" width=\"150\" height=\"150\" src=\"http:\/\/biblioteca.isidrodearceneguiycarmona.es\/wp-content\/uploads\/2023\/12\/IMG_20231221_134159-150x150.jpg\" class=\"attachment-thumbnail size-thumbnail\" alt=\"\" \/><\/a>\n\t\t\t<\/div><\/figure><figure class='gallery-item'>\n\t\t\t<div class='gallery-icon landscape'>\n\t\t\t\t<a href='http:\/\/biblioteca.isidrodearceneguiycarmona.es\/?attachment_id=1937'><img loading=\"lazy\" decoding=\"async\" width=\"150\" height=\"150\" src=\"http:\/\/biblioteca.isidrodearceneguiycarmona.es\/wp-content\/uploads\/2023\/12\/IMG_20231221_134214-150x150.jpg\" class=\"attachment-thumbnail size-thumbnail\" alt=\"\" \/><\/a>\n\t\t\t<\/div><\/figure><figure class='gallery-item'>\n\t\t\t<div class='gallery-icon landscape'>\n\t\t\t\t<a href='http:\/\/biblioteca.isidrodearceneguiycarmona.es\/?attachment_id=1935'><img loading=\"lazy\" decoding=\"async\" width=\"150\" height=\"150\" src=\"http:\/\/biblioteca.isidrodearceneguiycarmona.es\/wp-content\/uploads\/2023\/12\/IMG_20231221_134108-150x150.jpg\" class=\"attachment-thumbnail size-thumbnail\" alt=\"\" \/><\/a>\n\t\t\t<\/div><\/figure><figure class='gallery-item'>\n\t\t\t<div class='gallery-icon landscape'>\n\t\t\t\t<a href='http:\/\/biblioteca.isidrodearceneguiycarmona.es\/?attachment_id=1934'><img loading=\"lazy\" decoding=\"async\" width=\"150\" height=\"150\" src=\"http:\/\/biblioteca.isidrodearceneguiycarmona.es\/wp-content\/uploads\/2023\/12\/IMG_20231221_134049-150x150.jpg\" class=\"attachment-thumbnail size-thumbnail\" alt=\"\" \/><\/a>\n\t\t\t<\/div><\/figure><figure class='gallery-item'>\n\t\t\t<div class='gallery-icon landscape'>\n\t\t\t\t<a href='http:\/\/biblioteca.isidrodearceneguiycarmona.es\/?attachment_id=1933'><img loading=\"lazy\" decoding=\"async\" width=\"150\" height=\"150\" src=\"http:\/\/biblioteca.isidrodearceneguiycarmona.es\/wp-content\/uploads\/2023\/12\/IMG_20231221_134039-150x150.jpg\" class=\"attachment-thumbnail size-thumbnail\" alt=\"\" \/><\/a>\n\t\t\t<\/div><\/figure><figure class='gallery-item'>\n\t\t\t<div class='gallery-icon landscape'>\n\t\t\t\t<a href='http:\/\/biblioteca.isidrodearceneguiycarmona.es\/?attachment_id=1932'><img loading=\"lazy\" decoding=\"async\" width=\"150\" height=\"150\" src=\"http:\/\/biblioteca.isidrodearceneguiycarmona.es\/wp-content\/uploads\/2023\/12\/IMG_20231221_134007-150x150.jpg\" class=\"attachment-thumbnail size-thumbnail\" alt=\"\" \/><\/a>\n\t\t\t<\/div><\/figure><figure class='gallery-item'>\n\t\t\t<div class='gallery-icon portrait'>\n\t\t\t\t<a href='http:\/\/biblioteca.isidrodearceneguiycarmona.es\/?attachment_id=1931'><img loading=\"lazy\" decoding=\"async\" width=\"150\" height=\"150\" src=\"http:\/\/biblioteca.isidrodearceneguiycarmona.es\/wp-content\/uploads\/2023\/12\/IMG_20231221_133958-150x150.jpg\" class=\"attachment-thumbnail size-thumbnail\" alt=\"\" \/><\/a>\n\t\t\t<\/div><\/figure><figure class='gallery-item'>\n\t\t\t<div class='gallery-icon landscape'>\n\t\t\t\t<a href='http:\/\/biblioteca.isidrodearceneguiycarmona.es\/?attachment_id=1930'><img loading=\"lazy\" decoding=\"async\" width=\"150\" height=\"150\" src=\"http:\/\/biblioteca.isidrodearceneguiycarmona.es\/wp-content\/uploads\/2023\/12\/IMG_20231221_133948-150x150.jpg\" class=\"attachment-thumbnail size-thumbnail\" alt=\"\" \/><\/a>\n\t\t\t<\/div><\/figure><figure class='gallery-item'>\n\t\t\t<div class='gallery-icon landscape'>\n\t\t\t\t<a href='http:\/\/biblioteca.isidrodearceneguiycarmona.es\/?attachment_id=1929'><img loading=\"lazy\" decoding=\"async\" width=\"150\" height=\"150\" src=\"http:\/\/biblioteca.isidrodearceneguiycarmona.es\/wp-content\/uploads\/2023\/12\/IMG_20231221_133945-150x150.jpg\" class=\"attachment-thumbnail size-thumbnail\" alt=\"\" \/><\/a>\n\t\t\t<\/div><\/figure><figure class='gallery-item'>\n\t\t\t<div class='gallery-icon landscape'>\n\t\t\t\t<a href='http:\/\/biblioteca.isidrodearceneguiycarmona.es\/?attachment_id=1928'><img loading=\"lazy\" decoding=\"async\" width=\"150\" height=\"150\" src=\"http:\/\/biblioteca.isidrodearceneguiycarmona.es\/wp-content\/uploads\/2023\/12\/IMG_20231221_133937-150x150.jpg\" class=\"attachment-thumbnail size-thumbnail\" alt=\"\" \/><\/a>\n\t\t\t<\/div><\/figure><figure class='gallery-item'>\n\t\t\t<div class='gallery-icon landscape'>\n\t\t\t\t<a href='http:\/\/biblioteca.isidrodearceneguiycarmona.es\/?attachment_id=1927'><img loading=\"lazy\" decoding=\"async\" width=\"150\" height=\"150\" src=\"http:\/\/biblioteca.isidrodearceneguiycarmona.es\/wp-content\/uploads\/2023\/12\/IMG_20231221_133937-1-150x150.jpg\" class=\"attachment-thumbnail size-thumbnail\" alt=\"\" \/><\/a>\n\t\t\t<\/div><\/figure><figure class='gallery-item'>\n\t\t\t<div class='gallery-icon landscape'>\n\t\t\t\t<a href='http:\/\/biblioteca.isidrodearceneguiycarmona.es\/?attachment_id=1926'><img loading=\"lazy\" decoding=\"async\" width=\"150\" height=\"150\" src=\"http:\/\/biblioteca.isidrodearceneguiycarmona.es\/wp-content\/uploads\/2023\/12\/IMG_20231221_133933-150x150.jpg\" class=\"attachment-thumbnail size-thumbnail\" alt=\"\" \/><\/a>\n\t\t\t<\/div><\/figure><figure class='gallery-item'>\n\t\t\t<div class='gallery-icon landscape'>\n\t\t\t\t<a href='http:\/\/biblioteca.isidrodearceneguiycarmona.es\/?attachment_id=1925'><img loading=\"lazy\" decoding=\"async\" width=\"150\" height=\"150\" src=\"http:\/\/biblioteca.isidrodearceneguiycarmona.es\/wp-content\/uploads\/2023\/12\/IMG_20231221_133927-150x150.jpg\" class=\"attachment-thumbnail size-thumbnail\" alt=\"\" \/><\/a>\n\t\t\t<\/div><\/figure><figure class='gallery-item'>\n\t\t\t<div class='gallery-icon landscape'>\n\t\t\t\t<a href='http:\/\/biblioteca.isidrodearceneguiycarmona.es\/?attachment_id=1924'><img loading=\"lazy\" decoding=\"async\" width=\"150\" height=\"150\" src=\"http:\/\/biblioteca.isidrodearceneguiycarmona.es\/wp-content\/uploads\/2023\/12\/IMG_20231221_133923-150x150.jpg\" class=\"attachment-thumbnail size-thumbnail\" alt=\"\" \/><\/a>\n\t\t\t<\/div><\/figure><figure class='gallery-item'>\n\t\t\t<div class='gallery-icon landscape'>\n\t\t\t\t<a href='http:\/\/biblioteca.isidrodearceneguiycarmona.es\/?attachment_id=1923'><img loading=\"lazy\" decoding=\"async\" width=\"150\" height=\"150\" src=\"http:\/\/biblioteca.isidrodearceneguiycarmona.es\/wp-content\/uploads\/2023\/12\/IMG_20231221_133916-150x150.jpg\" class=\"attachment-thumbnail size-thumbnail\" alt=\"\" \/><\/a>\n\t\t\t<\/div><\/figure>\n\t\t<\/div>\n\n<p>&nbsp;<\/p>\n<p>Y AQU\u00cd EL <a href=\"https:\/\/youtu.be\/WXrvvYlhhxY?feature=shared\" target=\"_blank\">MANIFIESTO DE BEL\u00c9N RUBIANO<\/a> EN VIDEO.<\/p>\n<div style=\"width: 750px;\" class=\"wp-video\"><video class=\"wp-video-shortcode\" id=\"video-1909-1\" width=\"750\" height=\"425\" preload=\"metadata\" controls=\"controls\"><source type=\"video\/mp4\" src=\"http:\/\/biblioteca.isidrodearceneguiycarmona.es\/wp-content\/uploads\/2023\/12\/Dia-de-la-Lectura-en-Andalucia-2023-Manifiesto-de-Belen-Rubiano.mp4?_=1\" \/><a href=\"http:\/\/biblioteca.isidrodearceneguiycarmona.es\/wp-content\/uploads\/2023\/12\/Dia-de-la-Lectura-en-Andalucia-2023-Manifiesto-de-Belen-Rubiano.mp4\">http:\/\/biblioteca.isidrodearceneguiycarmona.es\/wp-content\/uploads\/2023\/12\/Dia-de-la-Lectura-en-Andalucia-2023-Manifiesto-de-Belen-Rubiano.mp4<\/a><\/video><\/div>\n","protected":false},"excerpt":{"rendered":"<p>Hoy, 16 de diciembre, se celebra, como todos los a\u00f1os, el d\u00eda de la lectura en Andaluc\u00eda, eligiendo el Centro &hellip; <\/p>\n","protected":false},"author":3,"featured_media":1936,"comment_status":"closed","ping_status":"closed","sticky":false,"template":"","format":"standard","meta":{"footnotes":""},"categories":[7],"tags":[],"class_list":["post-1909","post","type-post","status-publish","format-standard","has-post-thumbnail","hentry","category-celebraciones"],"_links":{"self":[{"href":"http:\/\/biblioteca.isidrodearceneguiycarmona.es\/index.php?rest_route=\/wp\/v2\/posts\/1909","targetHints":{"allow":["GET"]}}],"collection":[{"href":"http:\/\/biblioteca.isidrodearceneguiycarmona.es\/index.php?rest_route=\/wp\/v2\/posts"}],"about":[{"href":"http:\/\/biblioteca.isidrodearceneguiycarmona.es\/index.php?rest_route=\/wp\/v2\/types\/post"}],"author":[{"embeddable":true,"href":"http:\/\/biblioteca.isidrodearceneguiycarmona.es\/index.php?rest_route=\/wp\/v2\/users\/3"}],"replies":[{"embeddable":true,"href":"http:\/\/biblioteca.isidrodearceneguiycarmona.es\/index.php?rest_route=%2Fwp%2Fv2%2Fcomments&post=1909"}],"version-history":[{"count":9,"href":"http:\/\/biblioteca.isidrodearceneguiycarmona.es\/index.php?rest_route=\/wp\/v2\/posts\/1909\/revisions"}],"predecessor-version":[{"id":1938,"href":"http:\/\/biblioteca.isidrodearceneguiycarmona.es\/index.php?rest_route=\/wp\/v2\/posts\/1909\/revisions\/1938"}],"wp:featuredmedia":[{"embeddable":true,"href":"http:\/\/biblioteca.isidrodearceneguiycarmona.es\/index.php?rest_route=\/wp\/v2\/media\/1936"}],"wp:attachment":[{"href":"http:\/\/biblioteca.isidrodearceneguiycarmona.es\/index.php?rest_route=%2Fwp%2Fv2%2Fmedia&parent=1909"}],"wp:term":[{"taxonomy":"category","embeddable":true,"href":"http:\/\/biblioteca.isidrodearceneguiycarmona.es\/index.php?rest_route=%2Fwp%2Fv2%2Fcategories&post=1909"},{"taxonomy":"post_tag","embeddable":true,"href":"http:\/\/biblioteca.isidrodearceneguiycarmona.es\/index.php?rest_route=%2Fwp%2Fv2%2Ftags&post=1909"}],"curies":[{"name":"wp","href":"https:\/\/api.w.org\/{rel}","templated":true}]}}