{"id":299,"date":"2018-04-23T19:11:00","date_gmt":"2018-04-23T19:11:00","guid":{"rendered":""},"modified":"2020-09-19T10:23:37","modified_gmt":"2020-09-19T10:23:37","slug":"299-2","status":"publish","type":"post","link":"http:\/\/biblioteca.isidrodearceneguiycarmona.es\/?p=299","title":{"rendered":""},"content":{"rendered":"<div style=\"text-align: center;\">\n<div style=\"text-align: center;\"><span style=\"color: #351c75;\">MARTES CON MI VIEJO PROFESOR <\/span>DE MITCH ALBOM<\/div>\n<div style=\"text-align: center;\"><\/div>\n<\/div>\n<div style=\"text-align: center;\">&nbsp;&nbsp;&nbsp;&nbsp; <span style=\"color: #351c75;\">AHORA EN TU BIBLIOTECA ESCOLAR<\/span><\/div>\n<p><span style=\"color: white;\"><span style=\"background-color: #134f5c;\">Este es un libro que debe ser le\u00eddo por aquellos que quieran escuchar  las \u00faltimas lecciones de vida de alguien que supo vivir: amistad,  valores, p\u00e9rdida, enfermedad trenzan una visi\u00f3n existencial que nos hace  no perder la esperanza en lo mejor del ser humano.<\/span><\/span><\/p>\n<p><\/p>\n<div style=\"clear: both; text-align: center;\"><\/div>\n<p><span style=\"color: white;\"><span style=\"background-color: #134f5c;\"><br \/><\/span><\/span><\/p>\n","protected":false},"excerpt":{"rendered":"<p>MARTES CON MI VIEJO PROFESOR DE MITCH ALBOM &nbsp;&nbsp;&nbsp;&nbsp; AHORA EN TU BIBLIOTECA ESCOLAR Este es un libro que debe &hellip; <\/p>\n","protected":false},"author":3,"featured_media":423,"comment_status":"open","ping_status":"open","sticky":false,"template":"","format":"standard","meta":{"footnotes":""},"categories":[5],"tags":[],"class_list":["post-299","post","type-post","status-publish","format-standard","has-post-thumbnail","hentry","category-coleccion"],"_links":{"self":[{"href":"http:\/\/biblioteca.isidrodearceneguiycarmona.es\/index.php?rest_route=\/wp\/v2\/posts\/299","targetHints":{"allow":["GET"]}}],"collection":[{"href":"http:\/\/biblioteca.isidrodearceneguiycarmona.es\/index.php?rest_route=\/wp\/v2\/posts"}],"about":[{"href":"http:\/\/biblioteca.isidrodearceneguiycarmona.es\/index.php?rest_route=\/wp\/v2\/types\/post"}],"author":[{"embeddable":true,"href":"http:\/\/biblioteca.isidrodearceneguiycarmona.es\/index.php?rest_route=\/wp\/v2\/users\/3"}],"replies":[{"embeddable":true,"href":"http:\/\/biblioteca.isidrodearceneguiycarmona.es\/index.php?rest_route=%2Fwp%2Fv2%2Fcomments&post=299"}],"version-history":[{"count":3,"href":"http:\/\/biblioteca.isidrodearceneguiycarmona.es\/index.php?rest_route=\/wp\/v2\/posts\/299\/revisions"}],"predecessor-version":[{"id":800,"href":"http:\/\/biblioteca.isidrodearceneguiycarmona.es\/index.php?rest_route=\/wp\/v2\/posts\/299\/revisions\/800"}],"wp:featuredmedia":[{"embeddable":true,"href":"http:\/\/biblioteca.isidrodearceneguiycarmona.es\/index.php?rest_route=\/wp\/v2\/media\/423"}],"wp:attachment":[{"href":"http:\/\/biblioteca.isidrodearceneguiycarmona.es\/index.php?rest_route=%2Fwp%2Fv2%2Fmedia&parent=299"}],"wp:term":[{"taxonomy":"category","embeddable":true,"href":"http:\/\/biblioteca.isidrodearceneguiycarmona.es\/index.php?rest_route=%2Fwp%2Fv2%2Fcategories&post=299"},{"taxonomy":"post_tag","embeddable":true,"href":"http:\/\/biblioteca.isidrodearceneguiycarmona.es\/index.php?rest_route=%2Fwp%2Fv2%2Ftags&post=299"}],"curies":[{"name":"wp","href":"https:\/\/api.w.org\/{rel}","templated":true}]}}