{"id":301,"date":"2017-12-21T17:37:00","date_gmt":"2017-12-21T17:37:00","guid":{"rendered":""},"modified":"2020-09-19T10:23:38","modified_gmt":"2020-09-19T10:23:38","slug":"301-2","status":"publish","type":"post","link":"http:\/\/biblioteca.isidrodearceneguiycarmona.es\/?p=301","title":{"rendered":""},"content":{"rendered":"<h2 style=\"text-align: center;\">D\u00cdA DE LA LECTURA EN ANDALUC\u00cdA<\/h2>\n<h3 style=\"text-align: center;\">&nbsp; <span style=\"color: #4c1130;\">El d\u00eda de la lectura en Andaluc\u00eda se ha celebrado durante la semana del 18 al  22 de Diciembre, rindiendo homenaje a escritoras andaluzas  contempor\u00e1neas. <\/span><\/h3>\n<div style=\"text-align: justify;\"><span style=\"color: #274e13;\">En esta selecci\u00f3n hemos contado con la obra de  Concha  Lagos, Julia Uceda y Ana Rossetti que ser\u00e1 trabajada en 3\u00ba y 4\u00ba de la  ESO por Ana Narbona, Lola Zamudio y Eva Romero, as\u00ed como con la de M\u00aa  Teresa Le\u00f3n, Ana M\u00aa Yebra en 1\u00ba y 2\u00ba de la ESO por Tania y Lola. Se han utilizado algunos recursos web (&#8220;Ochenta poemas de la generaci\u00f3n del  27&#8221;) para visionar la obra de  Josefina de la  Torre, de la que se ha encargado&nbsp; nuestra compa\u00f1era M\u00aa Granada. Otra autora que ha sido visionada:Concha M\u00e9ndez.<\/span><\/div>\n<div style=\"text-align: justify;\"><span style=\"color: #274e13;\">El trabajo se ha organizado en en parejas, de modo que un miembro ha realizado un dibujo alusivo mientras el otro ha copiado el poema sobre  cartulina de color. Los trabajos han sido expuestos finalmente no s\u00f3lo en el tabl\u00f3n de anuncios de la Biblioteca sino en el  expositor de la misma y en los mimsos pasillos que recorren las aulas, a tenor de los trabajos entregados. He aqu\u00ed unas muestras de lo que han realizado nuestros alumn@s:<\/span><\/div>\n<div style=\"text-align: justify;\"><span style=\"color: #274e13;\">&nbsp;<\/span><\/div>\n<div style=\"text-align: justify;\"><span style=\"color: #274e13;\">&nbsp;<\/span><\/div>\n<div style=\"clear: both; text-align: center;\"><\/div>\n<div style=\"clear: both; text-align: center;\"><\/div>\n<div style=\"clear: both; text-align: center;\"><\/div>\n<div style=\"clear: both; text-align: center;\"><\/div>\n<div style=\"clear: both; text-align: center;\"><\/div>\n<p><\/p>\n<div style=\"clear: both; text-align: center;\"><\/div>\n<div style=\"text-align: justify;\"><span style=\"color: #274e13;\"><br \/><\/span><\/div>\n","protected":false},"excerpt":{"rendered":"<p>D\u00cdA DE LA LECTURA EN ANDALUC\u00cdA &nbsp; El d\u00eda de la lectura en Andaluc\u00eda se ha celebrado durante la semana &hellip; <\/p>\n","protected":false},"author":3,"featured_media":427,"comment_status":"open","ping_status":"open","sticky":false,"template":"","format":"standard","meta":{"footnotes":""},"categories":[1],"tags":[],"class_list":["post-301","post","type-post","status-publish","format-standard","has-post-thumbnail","hentry","category-articulos-2"],"_links":{"self":[{"href":"http:\/\/biblioteca.isidrodearceneguiycarmona.es\/index.php?rest_route=\/wp\/v2\/posts\/301","targetHints":{"allow":["GET"]}}],"collection":[{"href":"http:\/\/biblioteca.isidrodearceneguiycarmona.es\/index.php?rest_route=\/wp\/v2\/posts"}],"about":[{"href":"http:\/\/biblioteca.isidrodearceneguiycarmona.es\/index.php?rest_route=\/wp\/v2\/types\/post"}],"author":[{"embeddable":true,"href":"http:\/\/biblioteca.isidrodearceneguiycarmona.es\/index.php?rest_route=\/wp\/v2\/users\/3"}],"replies":[{"embeddable":true,"href":"http:\/\/biblioteca.isidrodearceneguiycarmona.es\/index.php?rest_route=%2Fwp%2Fv2%2Fcomments&post=301"}],"version-history":[{"count":9,"href":"http:\/\/biblioteca.isidrodearceneguiycarmona.es\/index.php?rest_route=\/wp\/v2\/posts\/301\/revisions"}],"predecessor-version":[{"id":810,"href":"http:\/\/biblioteca.isidrodearceneguiycarmona.es\/index.php?rest_route=\/wp\/v2\/posts\/301\/revisions\/810"}],"wp:featuredmedia":[{"embeddable":true,"href":"http:\/\/biblioteca.isidrodearceneguiycarmona.es\/index.php?rest_route=\/wp\/v2\/media\/427"}],"wp:attachment":[{"href":"http:\/\/biblioteca.isidrodearceneguiycarmona.es\/index.php?rest_route=%2Fwp%2Fv2%2Fmedia&parent=301"}],"wp:term":[{"taxonomy":"category","embeddable":true,"href":"http:\/\/biblioteca.isidrodearceneguiycarmona.es\/index.php?rest_route=%2Fwp%2Fv2%2Fcategories&post=301"},{"taxonomy":"post_tag","embeddable":true,"href":"http:\/\/biblioteca.isidrodearceneguiycarmona.es\/index.php?rest_route=%2Fwp%2Fv2%2Ftags&post=301"}],"curies":[{"name":"wp","href":"https:\/\/api.w.org\/{rel}","templated":true}]}}