{"id":324,"date":"2016-03-03T16:42:00","date_gmt":"2016-03-03T16:42:00","guid":{"rendered":"http:\/\/new.isidrodearceneguiycarmona.es\/saga-cronicas-de-la-torre-de-laura-gallego"},"modified":"2016-03-03T16:42:00","modified_gmt":"2016-03-03T16:42:00","slug":"saga-cronicas-de-la-torre-de-laura-gallego","status":"publish","type":"post","link":"http:\/\/biblioteca.isidrodearceneguiycarmona.es\/?p=324","title":{"rendered":"SAGA &#8220;CR\u00d3NICAS DE LA TORRE&#8221;, DE LAURA GALLEGO"},"content":{"rendered":"<div style=\"text-align: justify;\"><span style=\"color: #351c75;\"><i>Cr\u00f3nicas de la Torre<\/i> es una serie que relata la historia de  Dana, una joven nacida para hacer grandes cosas en el campo de la magia,  y su relaci\u00f3n especial con Kai, su amigo, su confidente, su protector\u2026  En un mundo donde la fuerza de los sentimientos rivaliza con el poder de  la m\u00e1s alta hechicer\u00eda, Dana deber\u00e1 aprender a convivir con su don y  llegar\u00e1 un momento en que deba decidir entre su deber como Se\u00f1ora de la  Torre y su amor imposible hacia Kai.<\/span><\/div>\n<div style=\"text-align: justify;\"><\/div>\n<p><span style=\"color: #741b47;\">DISPONIBLE&nbsp; EN TU BIBLIOTECA ESCOLAR&nbsp; EN MARZO<\/span><\/p>\n<div style=\"clear: both; text-align: center;\"><a href=\"https:\/\/1.bp.blogspot.com\/-2OmkX21h_mE\/VthpGNgL-FI\/AAAAAAAAACI\/9HHUG4feURs\/s1600\/cronicasdelatorre.jpg\" style=\"margin-left: 1em; margin-right: 1em;\" target=\"_blank\"><img loading=\"lazy\" decoding=\"async\" border=\"0\" height=\"320\" src=\"https:\/\/1.bp.blogspot.com\/-2OmkX21h_mE\/VthpGNgL-FI\/AAAAAAAAACI\/9HHUG4feURs\/s320\/cronicasdelatorre.jpg\" width=\"212\" \/><\/a><\/div>\n<p><\/p>\n","protected":false},"excerpt":{"rendered":"<p>Cr\u00f3nicas de la Torre es una serie que relata la historia de Dana, una joven nacida para hacer grandes cosas &hellip; <\/p>\n","protected":false},"author":4,"featured_media":0,"comment_status":"open","ping_status":"open","sticky":false,"template":"","format":"standard","meta":{"footnotes":""},"categories":[5],"tags":[],"class_list":["post-324","post","type-post","status-publish","format-standard","hentry","category-coleccion"],"_links":{"self":[{"href":"http:\/\/biblioteca.isidrodearceneguiycarmona.es\/index.php?rest_route=\/wp\/v2\/posts\/324","targetHints":{"allow":["GET"]}}],"collection":[{"href":"http:\/\/biblioteca.isidrodearceneguiycarmona.es\/index.php?rest_route=\/wp\/v2\/posts"}],"about":[{"href":"http:\/\/biblioteca.isidrodearceneguiycarmona.es\/index.php?rest_route=\/wp\/v2\/types\/post"}],"author":[{"embeddable":true,"href":"http:\/\/biblioteca.isidrodearceneguiycarmona.es\/index.php?rest_route=\/wp\/v2\/users\/4"}],"replies":[{"embeddable":true,"href":"http:\/\/biblioteca.isidrodearceneguiycarmona.es\/index.php?rest_route=%2Fwp%2Fv2%2Fcomments&post=324"}],"version-history":[{"count":0,"href":"http:\/\/biblioteca.isidrodearceneguiycarmona.es\/index.php?rest_route=\/wp\/v2\/posts\/324\/revisions"}],"wp:attachment":[{"href":"http:\/\/biblioteca.isidrodearceneguiycarmona.es\/index.php?rest_route=%2Fwp%2Fv2%2Fmedia&parent=324"}],"wp:term":[{"taxonomy":"category","embeddable":true,"href":"http:\/\/biblioteca.isidrodearceneguiycarmona.es\/index.php?rest_route=%2Fwp%2Fv2%2Fcategories&post=324"},{"taxonomy":"post_tag","embeddable":true,"href":"http:\/\/biblioteca.isidrodearceneguiycarmona.es\/index.php?rest_route=%2Fwp%2Fv2%2Ftags&post=324"}],"curies":[{"name":"wp","href":"https:\/\/api.w.org\/{rel}","templated":true}]}}