{"id":349,"date":"2013-04-17T17:50:00","date_gmt":"2013-04-17T17:50:00","guid":{"rendered":"http:\/\/new.isidrodearceneguiycarmona.es\/mercadillo-de-libros-23-de-abril-2"},"modified":"2013-04-17T17:50:00","modified_gmt":"2013-04-17T17:50:00","slug":"mercadillo-de-libros-23-de-abril-2","status":"publish","type":"post","link":"http:\/\/biblioteca.isidrodearceneguiycarmona.es\/?p=349","title":{"rendered":"MERCADILLO DE LIBROS 23 DE ABRIL"},"content":{"rendered":"<div style=\"color: #274e13; font-family: &quot;Helvetica Neue&quot;,Arial,Helvetica,sans-serif;\">Del 17 al 22 de Abril recepcionaremos libros en la biblioteca. Por cada libro se le dar\u00e1 a cada alumno un vale de un color determinado en funci\u00f3n del valor que el coordinador de la biblioteca considere: amarillo, celeste y verde, por orden creciente de valor. El d\u00eda 23 martes podr\u00e1n canjearse los libros por los vales adquiridos.<\/div>\n<div style=\"clear: both; text-align: center;\"><a href=\"http:\/\/4.bp.blogspot.com\/-f7FmlGnDlp0\/UW7gmhZflJI\/AAAAAAAAAhM\/U8YNFv-4NK0\/s1600\/trueque+ma%C3%B1ana.jpg\" style=\"margin-left: 1em; margin-right: 1em;\" target=\"_blank\"><img loading=\"lazy\" decoding=\"async\" border=\"0\" height=\"226\" src=\"http:\/\/4.bp.blogspot.com\/-f7FmlGnDlp0\/UW7gmhZflJI\/AAAAAAAAAhM\/U8YNFv-4NK0\/s320\/trueque+ma%C3%B1ana.jpg\" width=\"320\" \/><\/a><\/div>\n<p><\/p>\n<div style=\"clear: both; text-align: center;\"><a href=\"http:\/\/2.bp.blogspot.com\/-rSgdRQOYU4Y\/UW7gqYjw9uI\/AAAAAAAAAhU\/qkgKxwVuYMc\/s1600\/tICKET.jpg\" style=\"margin-left: 1em; margin-right: 1em;\" target=\"_blank\"><img loading=\"lazy\" decoding=\"async\" border=\"0\" height=\"167\" src=\"http:\/\/2.bp.blogspot.com\/-rSgdRQOYU4Y\/UW7gqYjw9uI\/AAAAAAAAAhU\/qkgKxwVuYMc\/s320\/tICKET.jpg\" width=\"320\" \/><\/a><\/div>\n<p><\/p>\n","protected":false},"excerpt":{"rendered":"<p>Del 17 al 22 de Abril recepcionaremos libros en la biblioteca. Por cada libro se le dar\u00e1 a cada alumno &hellip; <\/p>\n","protected":false},"author":4,"featured_media":0,"comment_status":"open","ping_status":"open","sticky":false,"template":"","format":"standard","meta":{"footnotes":""},"categories":[1],"tags":[],"class_list":["post-349","post","type-post","status-publish","format-standard","hentry","category-articulos-2"],"_links":{"self":[{"href":"http:\/\/biblioteca.isidrodearceneguiycarmona.es\/index.php?rest_route=\/wp\/v2\/posts\/349","targetHints":{"allow":["GET"]}}],"collection":[{"href":"http:\/\/biblioteca.isidrodearceneguiycarmona.es\/index.php?rest_route=\/wp\/v2\/posts"}],"about":[{"href":"http:\/\/biblioteca.isidrodearceneguiycarmona.es\/index.php?rest_route=\/wp\/v2\/types\/post"}],"author":[{"embeddable":true,"href":"http:\/\/biblioteca.isidrodearceneguiycarmona.es\/index.php?rest_route=\/wp\/v2\/users\/4"}],"replies":[{"embeddable":true,"href":"http:\/\/biblioteca.isidrodearceneguiycarmona.es\/index.php?rest_route=%2Fwp%2Fv2%2Fcomments&post=349"}],"version-history":[{"count":0,"href":"http:\/\/biblioteca.isidrodearceneguiycarmona.es\/index.php?rest_route=\/wp\/v2\/posts\/349\/revisions"}],"wp:attachment":[{"href":"http:\/\/biblioteca.isidrodearceneguiycarmona.es\/index.php?rest_route=%2Fwp%2Fv2%2Fmedia&parent=349"}],"wp:term":[{"taxonomy":"category","embeddable":true,"href":"http:\/\/biblioteca.isidrodearceneguiycarmona.es\/index.php?rest_route=%2Fwp%2Fv2%2Fcategories&post=349"},{"taxonomy":"post_tag","embeddable":true,"href":"http:\/\/biblioteca.isidrodearceneguiycarmona.es\/index.php?rest_route=%2Fwp%2Fv2%2Ftags&post=349"}],"curies":[{"name":"wp","href":"https:\/\/api.w.org\/{rel}","templated":true}]}}