{"id":350,"date":"2013-04-03T18:45:00","date_gmt":"2013-04-03T18:45:00","guid":{"rendered":"http:\/\/new.isidrodearceneguiycarmona.es\/concurso-de-marca-paginas-2a-edicion-2"},"modified":"2013-04-03T18:45:00","modified_gmt":"2013-04-03T18:45:00","slug":"concurso-de-marca-paginas-2a-edicion-2","status":"publish","type":"post","link":"http:\/\/biblioteca.isidrodearceneguiycarmona.es\/?p=350","title":{"rendered":"CONCURSO DE MARCA-P\u00c1GINAS 2\u00aa EDICI\u00d3N"},"content":{"rendered":"<div style=\"text-align: justify;\"><span style=\"color: #20124d;\">La Biblioteca Rosario Mart\u00edn convoca la segunda edici\u00f3n del concurso de marca-p\u00e1ginas en conmemoraci\u00f3n del d\u00eda del libro, &nbsp;d\u00eda 23 de Abril,en colaboraci\u00f3n con los departamentos de Dise\u00f1o y Lengua y Literatura, bajo el lema:&#8221;UN VIAJE AL MUNDO DE TUS SUE\u00d1OS&#8221;.El concurso va destinado a los grupos de la ESO. El ganador o ganadores recibir\u00e1n un cheque-regalo. El marca-p\u00e1ginas ganador ser\u00e1, adem\u00e1s, editado.&nbsp;<\/span><br \/><span style=\"color: #20124d;\">&nbsp; &nbsp; &nbsp; &nbsp; &nbsp; &nbsp; &nbsp; &nbsp; &nbsp; &nbsp; &nbsp; &nbsp; &nbsp; &nbsp; &nbsp; &nbsp; &nbsp; &nbsp; &nbsp; &nbsp; &nbsp; &nbsp; &nbsp; &nbsp; &nbsp; &nbsp; &nbsp; &nbsp;&nbsp;<\/span><br \/><span style=\"color: #20124d;\">BASES DEL CONCURSO<\/span><\/p>\n<div style=\"clear: both; text-align: center;\"><a href=\"http:\/\/1.bp.blogspot.com\/-yP-WLJABzXY\/UWGAzebHbuI\/AAAAAAAAAgs\/NcG5yM8D5xI\/s1600\/2%C2%BAedicion+marcapaginas.jpg\" style=\"margin-left: 1em; margin-right: 1em;\" target=\"_blank\"><img loading=\"lazy\" decoding=\"async\" border=\"0\" height=\"281\" src=\"http:\/\/1.bp.blogspot.com\/-yP-WLJABzXY\/UWGAzebHbuI\/AAAAAAAAAgs\/NcG5yM8D5xI\/s400\/2%C2%BAedicion+marcapaginas.jpg\" width=\"400\" \/><\/a><\/div>\n<p><span style=\"color: #20124d;\"><br \/><\/span><\/div>\n<div style=\"clear: both; text-align: center;\"><\/div>\n<p>&nbsp; &nbsp; &nbsp; &nbsp; &nbsp; &nbsp; &nbsp; &nbsp; &nbsp; &nbsp; &nbsp; &nbsp; &nbsp; &nbsp; &nbsp;<\/p>\n","protected":false},"excerpt":{"rendered":"<p>La Biblioteca Rosario Mart\u00edn convoca la segunda edici\u00f3n del concurso de marca-p\u00e1ginas en conmemoraci\u00f3n del d\u00eda del libro, &nbsp;d\u00eda 23 &hellip; <\/p>\n","protected":false},"author":4,"featured_media":0,"comment_status":"open","ping_status":"open","sticky":false,"template":"","format":"standard","meta":{"footnotes":""},"categories":[6],"tags":[],"class_list":["post-350","post","type-post","status-publish","format-standard","hentry","category-concursos"],"_links":{"self":[{"href":"http:\/\/biblioteca.isidrodearceneguiycarmona.es\/index.php?rest_route=\/wp\/v2\/posts\/350","targetHints":{"allow":["GET"]}}],"collection":[{"href":"http:\/\/biblioteca.isidrodearceneguiycarmona.es\/index.php?rest_route=\/wp\/v2\/posts"}],"about":[{"href":"http:\/\/biblioteca.isidrodearceneguiycarmona.es\/index.php?rest_route=\/wp\/v2\/types\/post"}],"author":[{"embeddable":true,"href":"http:\/\/biblioteca.isidrodearceneguiycarmona.es\/index.php?rest_route=\/wp\/v2\/users\/4"}],"replies":[{"embeddable":true,"href":"http:\/\/biblioteca.isidrodearceneguiycarmona.es\/index.php?rest_route=%2Fwp%2Fv2%2Fcomments&post=350"}],"version-history":[{"count":0,"href":"http:\/\/biblioteca.isidrodearceneguiycarmona.es\/index.php?rest_route=\/wp\/v2\/posts\/350\/revisions"}],"wp:attachment":[{"href":"http:\/\/biblioteca.isidrodearceneguiycarmona.es\/index.php?rest_route=%2Fwp%2Fv2%2Fmedia&parent=350"}],"wp:term":[{"taxonomy":"category","embeddable":true,"href":"http:\/\/biblioteca.isidrodearceneguiycarmona.es\/index.php?rest_route=%2Fwp%2Fv2%2Fcategories&post=350"},{"taxonomy":"post_tag","embeddable":true,"href":"http:\/\/biblioteca.isidrodearceneguiycarmona.es\/index.php?rest_route=%2Fwp%2Fv2%2Ftags&post=350"}],"curies":[{"name":"wp","href":"https:\/\/api.w.org\/{rel}","templated":true}]}}