{"id":373,"date":"2011-04-04T17:58:00","date_gmt":"2011-04-04T17:58:00","guid":{"rendered":"http:\/\/new.isidrodearceneguiycarmona.es"},"modified":"2020-09-19T10:24:11","modified_gmt":"2020-09-19T10:24:11","slug":"373-2","status":"publish","type":"post","link":"http:\/\/biblioteca.isidrodearceneguiycarmona.es\/?p=373","title":{"rendered":""},"content":{"rendered":"<div style=\"color: #351c75; font-family: Verdana,sans-serif;\"><span style=\"font-size: large;\"><b>CLUB DE LECTURA III<\/b><\/span> <\/div>\n<div style=\"color: #073763;\">Hemos seleccionado algunos de los trabajos que est\u00e1n llevando a cabo alumnos y alumnas de 4\u00ba de la ESO, trabajos que est\u00e1n destinados a vestir las paredes interiores de nuestro Centro.<\/div>\n<p><\/p>\n<ul><a href=\"http:\/\/3.bp.blogspot.com\/-UWkyxDRMebQ\/TZoEUmwvUSI\/AAAAAAAAAVw\/8wbwwp5k75c\/s1600\/capitan.jpg\" style=\"clear: left; float: left; margin-bottom: 1em; margin-right: 1em;\" target=\"_blank\"><img loading=\"lazy\" decoding=\"async\" border=\"0\" height=\"200\" src=\"http:\/\/3.bp.blogspot.com\/-UWkyxDRMebQ\/TZoEUmwvUSI\/AAAAAAAAAVw\/8wbwwp5k75c\/s200\/capitan.jpg\" width=\"139\" \/><\/a><a href=\"http:\/\/3.bp.blogspot.com\/-2m5Z3niOW60\/TZoGYRHWNUI\/AAAAAAAAAV0\/fJbFzLSl4wE\/s1600\/fernando_el_temerario_ii.jpg\" style=\"clear: left; float: left; margin-bottom: 1em; margin-right: 1em;\" target=\"_blank\"><img loading=\"lazy\" decoding=\"async\" border=\"0\" height=\"200\" src=\"http:\/\/3.bp.blogspot.com\/-2m5Z3niOW60\/TZoGYRHWNUI\/AAAAAAAAAV0\/fJbFzLSl4wE\/s200\/fernando_el_temerario_ii.jpg\" width=\"139\" \/><\/a><a href=\"http:\/\/3.bp.blogspot.com\/-2m5Z3niOW60\/TZoGYRHWNUI\/AAAAAAAAAV0\/fJbFzLSl4wE\/s1600\/fernando_el_temerario_ii.jpg\" style=\"clear: left; float: left; margin-bottom: 1em; margin-right: 1em;\" target=\"_blank\"><\/a><a href=\"http:\/\/3.bp.blogspot.com\/-2m5Z3niOW60\/TZoGYRHWNUI\/AAAAAAAAAV0\/fJbFzLSl4wE\/s1600\/fernando_el_temerario_ii.jpg\" style=\"clear: left; float: left; margin-bottom: 1em; margin-right: 1em;\" target=\"_blank\"><\/a><a href=\"http:\/\/3.bp.blogspot.com\/-UWkyxDRMebQ\/TZoEUmwvUSI\/AAAAAAAAAVw\/8wbwwp5k75c\/s1600\/capitan.jpg\" style=\"clear: left; float: left; margin-bottom: 1em; margin-right: 1em;\" target=\"_blank\"><\/a><\/p>\n<li style=\"text-align: justify;\">&#8220;<b style=\"color: #4c1130;\">El Capit\u00e1n Alatriste<\/b>&#8220;, por <span style=\"color: #4c1130;\">Jos\u00e9 Javier Torres<\/span> de 4\u00ba A:<span style=\"color: #0c343d;\">&#8220;<\/span><i style=\"color: #0c343d;\">No era el hombre m\u00e1s honesto ni el m\u00e1s piadoso, pero era un hombre valiente<\/i><span style=\"color: #0c343d;\">&#8220;.<\/span> <span style=\"background-color: #cfe2f3; color: #20124d;\">&#8220;Pues este libro me ha encantado por muchos motivos, pero uno de ello es c\u00f3mo describe con todo detalle c\u00f3mo era la Espa\u00f1a del siglo XVII. Ya sab\u00e9is, si os gusta la acci\u00f3n. la historia y la aventura, leeros este cl\u00e1sico de la literatura de aventuras.&#8221;<\/span><\/li>\n<li style=\"text-align: justify;\">&#8220;<b><span style=\"color: #4c1130;\">Fernando el temerario<\/span>&#8220;<\/b>, por <span style=\"color: #4c1130;\">Ra\u00fal Luna Fr\u00edas<\/span> de 4\u00ba C. &#8220;<i style=\"color: #351c75;\">Fernando caminaba deprisa, intentando pasar desapercibido para que nadie me mandase alg\u00fan recado durante el trayecto. Y me ocurr\u00eda una cosa bastante extra\u00f1a. No se me iban de la cabeza las palabras que hab\u00eda dicho uno de los tres jinetes. \u00a1Es por el camino de Illescas! \u00a1Vamos!&#8221;.<\/i> <span style=\"background-color: #cfe2f3; color: #20124d;\">&#8220;Me ha gustado mucho este libro porque trata de la guerra y la valent\u00eda de un chico muy peque\u00f1o. Lo recomiendo porque es muy entretenido y no se aburre uno mientras lo lee.&#8221;<\/span><\/li>\n<li style=\"text-align: justify;\"><b style=\"color: #4c1130;\">Poliedrum<\/b><span style=\"color: #4c1130;\">,<\/span> por <span style=\"color: #4c1130;\">Jose Mar\u00eda Ram\u00edrez Ruiz<\/span>, de 4\u00ba C: &#8220;He escogido este fragmento porque es cuando la historia comienza realmente: <i>&#8220;<span style=\"color: #351c75;\">Antes de partir hacia los dos lugares marcados en el mapa del sobre lacradao, el se\u00f1or Sheridan condujo a los chicos a unos aposentos de la mansi\u00f3n, donde les pidi\u00f3 que se vistieran con unas armaduras como las que hab\u00edan visto en la imagen del persomnaje que Petria Speterd les hab\u00eda mostrado la tarde anterior en la sala de los M\u00e1sters.&#8221;(cap\u00edtulo 14, La Noche eterna)<\/span><\/i> <span style=\"background-color: #cfe2f3; color: #20124d;\">&#8220;Recomiendo este libro porque es f\u00e1cil y muy r\u00e1pido de leer&nbsp;&nbsp; porque no es muy largo, y, adem\u00e1s, narra una historia que quiz\u00e1s no est\u00e9 muy lejana&#8221;.<\/span><\/li>\n<\/ul>\n<p><\/p>\n<ul><\/ul>\n","protected":false},"excerpt":{"rendered":"<p>CLUB DE LECTURA III Hemos seleccionado algunos de los trabajos que est\u00e1n llevando a cabo alumnos y alumnas de 4\u00ba &hellip; <\/p>\n","protected":false},"author":4,"featured_media":0,"comment_status":"open","ping_status":"open","sticky":false,"template":"","format":"standard","meta":{"footnotes":""},"categories":[10],"tags":[],"class_list":["post-373","post","type-post","status-publish","format-standard","hentry","category-recomendamos"],"_links":{"self":[{"href":"http:\/\/biblioteca.isidrodearceneguiycarmona.es\/index.php?rest_route=\/wp\/v2\/posts\/373","targetHints":{"allow":["GET"]}}],"collection":[{"href":"http:\/\/biblioteca.isidrodearceneguiycarmona.es\/index.php?rest_route=\/wp\/v2\/posts"}],"about":[{"href":"http:\/\/biblioteca.isidrodearceneguiycarmona.es\/index.php?rest_route=\/wp\/v2\/types\/post"}],"author":[{"embeddable":true,"href":"http:\/\/biblioteca.isidrodearceneguiycarmona.es\/index.php?rest_route=\/wp\/v2\/users\/4"}],"replies":[{"embeddable":true,"href":"http:\/\/biblioteca.isidrodearceneguiycarmona.es\/index.php?rest_route=%2Fwp%2Fv2%2Fcomments&post=373"}],"version-history":[{"count":2,"href":"http:\/\/biblioteca.isidrodearceneguiycarmona.es\/index.php?rest_route=\/wp\/v2\/posts\/373\/revisions"}],"predecessor-version":[{"id":846,"href":"http:\/\/biblioteca.isidrodearceneguiycarmona.es\/index.php?rest_route=\/wp\/v2\/posts\/373\/revisions\/846"}],"wp:attachment":[{"href":"http:\/\/biblioteca.isidrodearceneguiycarmona.es\/index.php?rest_route=%2Fwp%2Fv2%2Fmedia&parent=373"}],"wp:term":[{"taxonomy":"category","embeddable":true,"href":"http:\/\/biblioteca.isidrodearceneguiycarmona.es\/index.php?rest_route=%2Fwp%2Fv2%2Fcategories&post=373"},{"taxonomy":"post_tag","embeddable":true,"href":"http:\/\/biblioteca.isidrodearceneguiycarmona.es\/index.php?rest_route=%2Fwp%2Fv2%2Ftags&post=373"}],"curies":[{"name":"wp","href":"https:\/\/api.w.org\/{rel}","templated":true}]}}