{"id":376,"date":"2011-03-03T11:36:00","date_gmt":"2011-03-03T11:36:00","guid":{"rendered":"http:\/\/new.isidrodearceneguiycarmona.es"},"modified":"2011-03-03T11:36:00","modified_gmt":"2011-03-03T11:36:00","slug":"376-2","status":"publish","type":"post","link":"http:\/\/biblioteca.isidrodearceneguiycarmona.es\/?p=376","title":{"rendered":""},"content":{"rendered":"<div style=\"font-family: Georgia,&quot;Times New Roman&quot;,serif;\"><span style=\"font-size: large;\"><b>NOVEDAD<\/b><\/span><\/div>\n<div style=\"background-color: #b4a7d6; font-family: Georgia,&quot;Times New Roman&quot;,serif;\"><span style=\"font-size: large;\"><b><i>El silencio del asesino<\/i> de la autora Concha L\u00f3pez Narv\u00e1ez<\/b><\/span><\/div>\n<p><\/p>\n<div style=\"color: #674ea7; font-family: Georgia,&quot;Times New Roman&quot;,serif; text-align: justify;\"><span style=\"font-size: small;\">Concha L\u00f3pez Nav\u00e1ez es una escritora sevillana que estudi\u00f3 Filosof\u00eda y Letras y se especializ\u00f3 en Historia de Am\u00e9rica. Tras algunos a\u00f1os dedicados a la ense\u00f1anza, pas\u00f3 a escribir obras de literatura infantil y juvenil.Desde entonces ha recibido varios premios, entre ellos el Lazarillo en 1984 y el C.C.E.I. en 1987.<\/span> <\/div>\n<div style=\"color: #674ea7; font-family: Georgia,&quot;Times New Roman&quot;,serif; text-align: justify;\"><span style=\"font-size: small;\">En <i>El silencio del asesino <\/i>dos bellos sauces daban vida al jard\u00edn de Twin Willows Manor, pero tambi\u00e9n esconden algo terror\u00edfico. El d\u00eda en el que, por accidente, una excavadora derrumba aquellos \u00e1rboles, el revuelo y el esc\u00e1ndalo se van a apoderar de la tranquila ciudad de Wiggfield. Un cad\u00e1ver, un juicio, testimonios dolorosos, mentiras y un acusado que se niega a hablar forman la trama de esta novela, donde el suspense articula un entramado de personajes y hechos capaz de secuestrar a cualquier lector, por alumno o alumna que sea.<\/span><\/div>\n<div style=\"color: #674ea7; font-family: Georgia,&quot;Times New Roman&quot;,serif; text-align: justify;\"><\/div>\n<div style=\"clear: both; text-align: center;\"><a href=\"https:\/\/lh6.googleusercontent.com\/-HsU2SV4oM4A\/TW981XmloeI\/AAAAAAAAAUw\/fbGzgICCsMA\/s1600\/El+Silencio+del+Asesino.jpg\" style=\"margin-left: 1em; margin-right: 1em;\" target=\"_blank\"><img decoding=\"async\" border=\"0\" src=\"https:\/\/lh6.googleusercontent.com\/-HsU2SV4oM4A\/TW981XmloeI\/AAAAAAAAAUw\/fbGzgICCsMA\/s1600\/El+Silencio+del+Asesino.jpg\" \/><\/a><\/div>\n<div style=\"font-family: Georgia,&quot;Times New Roman&quot;,serif; text-align: justify;\"><\/div>\n","protected":false},"excerpt":{"rendered":"<p>NOVEDAD El silencio del asesino de la autora Concha L\u00f3pez Narv\u00e1ez Concha L\u00f3pez Nav\u00e1ez es una escritora sevillana que estudi\u00f3 &hellip; <\/p>\n","protected":false},"author":4,"featured_media":0,"comment_status":"open","ping_status":"open","sticky":false,"template":"","format":"standard","meta":{"footnotes":""},"categories":[5],"tags":[],"class_list":["post-376","post","type-post","status-publish","format-standard","hentry","category-coleccion"],"_links":{"self":[{"href":"http:\/\/biblioteca.isidrodearceneguiycarmona.es\/index.php?rest_route=\/wp\/v2\/posts\/376","targetHints":{"allow":["GET"]}}],"collection":[{"href":"http:\/\/biblioteca.isidrodearceneguiycarmona.es\/index.php?rest_route=\/wp\/v2\/posts"}],"about":[{"href":"http:\/\/biblioteca.isidrodearceneguiycarmona.es\/index.php?rest_route=\/wp\/v2\/types\/post"}],"author":[{"embeddable":true,"href":"http:\/\/biblioteca.isidrodearceneguiycarmona.es\/index.php?rest_route=\/wp\/v2\/users\/4"}],"replies":[{"embeddable":true,"href":"http:\/\/biblioteca.isidrodearceneguiycarmona.es\/index.php?rest_route=%2Fwp%2Fv2%2Fcomments&post=376"}],"version-history":[{"count":0,"href":"http:\/\/biblioteca.isidrodearceneguiycarmona.es\/index.php?rest_route=\/wp\/v2\/posts\/376\/revisions"}],"wp:attachment":[{"href":"http:\/\/biblioteca.isidrodearceneguiycarmona.es\/index.php?rest_route=%2Fwp%2Fv2%2Fmedia&parent=376"}],"wp:term":[{"taxonomy":"category","embeddable":true,"href":"http:\/\/biblioteca.isidrodearceneguiycarmona.es\/index.php?rest_route=%2Fwp%2Fv2%2Fcategories&post=376"},{"taxonomy":"post_tag","embeddable":true,"href":"http:\/\/biblioteca.isidrodearceneguiycarmona.es\/index.php?rest_route=%2Fwp%2Fv2%2Ftags&post=376"}],"curies":[{"name":"wp","href":"https:\/\/api.w.org\/{rel}","templated":true}]}}