{"id":385,"date":"2010-06-16T13:58:00","date_gmt":"2010-06-16T13:58:00","guid":{"rendered":"http:\/\/new.isidrodearceneguiycarmona.es"},"modified":"2010-06-16T13:58:00","modified_gmt":"2010-06-16T13:58:00","slug":"385-2","status":"publish","type":"post","link":"http:\/\/biblioteca.isidrodearceneguiycarmona.es\/?p=385","title":{"rendered":""},"content":{"rendered":"<p><span style=\"font-size:130%;\"><span style=\"color: rgb(0, 0, 153);\">YA TENEMOS NUEVO BOLET\u00cdN<\/p>\n<p><span style=\"font-size:100%;\"><span style=\"color: rgb(0, 0, 0);\">Desde hoy ya est\u00e1 siendo repartido por el centro el bolet\u00edn informativo n\u00ba 2. En \u00e9l se resumen los \u00faltimos eventos culturales que han sido realizados por alumnos del centro.<\/span><br \/><span style=\"color: rgb(0, 0, 0);\">Representaciones teatrales,concurso literario,alumnos m\u00e1s asiduos en la biblioteca,lecturas veraniegas&#8230;<\/span><br \/><span style=\"color: rgb(0, 0, 0);\">Todo esto y mucho m\u00e1s en el bolet\u00edn informativo !!<\/span><\/p>\n<p><span style=\"color: rgb(0, 0, 0);\">Date prisa !! Buscat\u00e9 uno !!<\/p>\n<p>Mar\u00eda S\u00e1nchez.<br \/><\/span><\/span><\/p>\n<p><\/span><\/span><\/p>\n","protected":false},"excerpt":{"rendered":"<p>YA TENEMOS NUEVO BOLET\u00cdN Desde hoy ya est\u00e1 siendo repartido por el centro el bolet\u00edn informativo n\u00ba 2. En \u00e9l &hellip; <\/p>\n","protected":false},"author":4,"featured_media":0,"comment_status":"open","ping_status":"open","sticky":false,"template":"","format":"standard","meta":{"footnotes":""},"categories":[11],"tags":[],"class_list":["post-385","post","type-post","status-publish","format-standard","hentry","category-boletin"],"_links":{"self":[{"href":"http:\/\/biblioteca.isidrodearceneguiycarmona.es\/index.php?rest_route=\/wp\/v2\/posts\/385","targetHints":{"allow":["GET"]}}],"collection":[{"href":"http:\/\/biblioteca.isidrodearceneguiycarmona.es\/index.php?rest_route=\/wp\/v2\/posts"}],"about":[{"href":"http:\/\/biblioteca.isidrodearceneguiycarmona.es\/index.php?rest_route=\/wp\/v2\/types\/post"}],"author":[{"embeddable":true,"href":"http:\/\/biblioteca.isidrodearceneguiycarmona.es\/index.php?rest_route=\/wp\/v2\/users\/4"}],"replies":[{"embeddable":true,"href":"http:\/\/biblioteca.isidrodearceneguiycarmona.es\/index.php?rest_route=%2Fwp%2Fv2%2Fcomments&post=385"}],"version-history":[{"count":0,"href":"http:\/\/biblioteca.isidrodearceneguiycarmona.es\/index.php?rest_route=\/wp\/v2\/posts\/385\/revisions"}],"wp:attachment":[{"href":"http:\/\/biblioteca.isidrodearceneguiycarmona.es\/index.php?rest_route=%2Fwp%2Fv2%2Fmedia&parent=385"}],"wp:term":[{"taxonomy":"category","embeddable":true,"href":"http:\/\/biblioteca.isidrodearceneguiycarmona.es\/index.php?rest_route=%2Fwp%2Fv2%2Fcategories&post=385"},{"taxonomy":"post_tag","embeddable":true,"href":"http:\/\/biblioteca.isidrodearceneguiycarmona.es\/index.php?rest_route=%2Fwp%2Fv2%2Ftags&post=385"}],"curies":[{"name":"wp","href":"https:\/\/api.w.org\/{rel}","templated":true}]}}