{"id":398,"date":"2009-06-10T15:51:00","date_gmt":"2009-06-10T15:51:00","guid":{"rendered":"http:\/\/new.isidrodearceneguiycarmona.es"},"modified":"2009-06-10T15:51:00","modified_gmt":"2009-06-10T15:51:00","slug":"398-2","status":"publish","type":"post","link":"http:\/\/biblioteca.isidrodearceneguiycarmona.es\/?p=398","title":{"rendered":""},"content":{"rendered":"<p><span style=\"font-weight: bold;\">LA BIBLIOTECA TE INFORMA DE LAS NOVEDADES (JUNIO 2009):<\/span><br \/><span style=\"color: rgb(0, 0, 153);\">ACABA DE LLEGAR A TU BIBLIOTECA ESCOLAR <span style=\"color: rgb(153, 0, 0);\">&#8220;MEMORIAS DE IDHUN&#8221;<\/span>, DE LAURA GALLEGO. <\/span><span style=\"color: rgb(153, 0, 0);\">AHORA EN C\u00d3MIC. <\/span><br \/><span style=\"color: rgb(153, 51, 153);\">Jack, un mago y un guerrero luchar\u00e1n contra las serpientes aladas que tiranizan el mundo de Idh\u00fan. \u00a1Atr\u00e9vete a entrar en el mundo m\u00e1gico de Idh\u00fan, si te atreves, claro!<\/p>\n<p><\/span><a href=\"http:\/\/4.bp.blogspot.com\/_YKFw-Wn3qxk\/Si_XRa7dB-I\/AAAAAAAAAL8\/xmfQBUeWHCA\/s1600-h\/comic_idhun1_comp.jpg\" target=\"_blank\"><img decoding=\"async\" style=\"cursor: pointer; width: 435px; height: 242px;\" src=\"http:\/\/4.bp.blogspot.com\/_YKFw-Wn3qxk\/Si_XRa7dB-I\/AAAAAAAAAL8\/xmfQBUeWHCA\/s320\/comic_idhun1_comp.jpg\" alt=\"\" id=\"BLOGGER_PHOTO_ID_5345727976998504418\" border=\"0\" \/><\/a><\/p>\n","protected":false},"excerpt":{"rendered":"<p>LA BIBLIOTECA TE INFORMA DE LAS NOVEDADES (JUNIO 2009):ACABA DE LLEGAR A TU BIBLIOTECA ESCOLAR &#8220;MEMORIAS DE IDHUN&#8221;, DE LAURA &hellip; <\/p>\n","protected":false},"author":4,"featured_media":0,"comment_status":"open","ping_status":"open","sticky":false,"template":"","format":"standard","meta":{"footnotes":""},"categories":[5],"tags":[],"class_list":["post-398","post","type-post","status-publish","format-standard","hentry","category-coleccion"],"_links":{"self":[{"href":"http:\/\/biblioteca.isidrodearceneguiycarmona.es\/index.php?rest_route=\/wp\/v2\/posts\/398","targetHints":{"allow":["GET"]}}],"collection":[{"href":"http:\/\/biblioteca.isidrodearceneguiycarmona.es\/index.php?rest_route=\/wp\/v2\/posts"}],"about":[{"href":"http:\/\/biblioteca.isidrodearceneguiycarmona.es\/index.php?rest_route=\/wp\/v2\/types\/post"}],"author":[{"embeddable":true,"href":"http:\/\/biblioteca.isidrodearceneguiycarmona.es\/index.php?rest_route=\/wp\/v2\/users\/4"}],"replies":[{"embeddable":true,"href":"http:\/\/biblioteca.isidrodearceneguiycarmona.es\/index.php?rest_route=%2Fwp%2Fv2%2Fcomments&post=398"}],"version-history":[{"count":0,"href":"http:\/\/biblioteca.isidrodearceneguiycarmona.es\/index.php?rest_route=\/wp\/v2\/posts\/398\/revisions"}],"wp:attachment":[{"href":"http:\/\/biblioteca.isidrodearceneguiycarmona.es\/index.php?rest_route=%2Fwp%2Fv2%2Fmedia&parent=398"}],"wp:term":[{"taxonomy":"category","embeddable":true,"href":"http:\/\/biblioteca.isidrodearceneguiycarmona.es\/index.php?rest_route=%2Fwp%2Fv2%2Fcategories&post=398"},{"taxonomy":"post_tag","embeddable":true,"href":"http:\/\/biblioteca.isidrodearceneguiycarmona.es\/index.php?rest_route=%2Fwp%2Fv2%2Ftags&post=398"}],"curies":[{"name":"wp","href":"https:\/\/api.w.org\/{rel}","templated":true}]}}