{"id":400,"date":"2009-05-21T19:24:00","date_gmt":"2009-05-21T19:24:00","guid":{"rendered":"http:\/\/new.isidrodearceneguiycarmona.es"},"modified":"2009-05-21T19:24:00","modified_gmt":"2009-05-21T19:24:00","slug":"400-2","status":"publish","type":"post","link":"http:\/\/biblioteca.isidrodearceneguiycarmona.es\/?p=400","title":{"rendered":""},"content":{"rendered":"<p  style=\"text-align: justify;font-family:arial;\"><span style=\"line-height: 115%;font-size:36;\" ><span style=\"color: rgb(102, 0, 204);font-size:180%;\" >LA BIBLIOTECA INFORMA:<\/span><o:p><\/o:p><\/span><\/p>\n<p  style=\"text-align: justify;font-family:arial;\"><span style=\"font-size:100%;\"><u><span style=\"line-height: 115%;\"><span style=\"color: rgb(204, 102, 0);\">NUEVAS ADQUISICIONES<\/span> <\/span><\/u><\/span><span style=\"line-height: 115%;font-size:36;\" ><o:p><\/o:p><\/span><\/p>\n<p  style=\"text-align: justify;font-family:arial;\"><span style=\"font-size:180%;\"><b style=\"\"><span style=\"line-height: 115%;\">&#8220;DIARIO DE GREG <\/span><\/b><\/span><b style=\"\"><span style=\"line-height: 115%;font-size:26;\" ><span style=\"font-size:180%;\">UN PRINGAO TOTAL&#8221;<\/span><o:p><\/o:p><\/span><\/b><\/p>\n<p  style=\"text-align: justify;font-family:lucida grande;\"><span style=\"line-height: 115%; color: rgb(51, 102, 255);font-family:lucida grande;font-size:100%;\"  >De qu\u00e9 va: Greg Heffley es nuevo en la Secundaria y su<\/span><span style=\"line-height: 115%; color: rgb(51, 102, 255);font-family:lucida grande;font-size:100%;\"  > madre le compra un diario para el nuevo curso escolar en el insti. Ser casi adolescente puede resultar muy fastidioso. Nadie lo sabe mejor <\/span><span style=\"line-height: 115%; color: rgb(51, 102, 255);font-family:lucida grande;font-size:100%;\"  >que Greg, inmerso en el duro ambiente del instituto, donde los chicos bajitos que a\u00fan no han pegado el estir\u00f3n tienen qu<\/span><span style=\"line-height: 115%; color: rgb(51, 102, 255);font-family:lucida grande;font-size:100%;\"  >e compartir los pasillos con grandullones que se afeitan dos veces al d\u00eda. As\u00ed, podr\u00e1s conoce<\/span><span style=\"line-height: 115%; color: rgb(51, 102, 255);font-family:lucida grande;font-size:100%;\"  >r a Greg a trav\u00e9s de las situaciones y desventuras que escribe e ilustra en su libreta.<\/span><\/p>\n<p  style=\"text-align: justify;font-family:lucida grande;\"><span style=\"font-size:100%;\"><a href=\"http:\/\/2.bp.blogspot.com\/_YKFw-Wn3qxk\/ShWrkU7FUgI\/AAAAAAAAALc\/WAahx0e8_iQ\/s1600-h\/diario.JPG\" target=\"_blank\"><img decoding=\"async\" style=\"cursor: pointer; width: 230px; height: 320px;\" src=\"http:\/\/2.bp.blogspot.com\/_YKFw-Wn3qxk\/ShWrkU7FUgI\/AAAAAAAAALc\/WAahx0e8_iQ\/s320\/diario.JPG\" alt=\"\" id=\"BLOGGER_PHOTO_ID_5338361573897753090\" border=\"0\" \/><\/a><\/span><\/p>\n<p  style=\"text-align: justify;font-family:lucida grande;\"><span style=\"line-height: 115%; color: rgb(51, 102, 255);font-family:lucida grande;font-size:100%;\"  ><span style=\"color: rgb(204, 0, 0);\">\u00a1Si quieres partirte de risa, este es tu libro!<\/span><\/span><\/p>\n<p  style=\"text-align: justify;font-family:lucida grande;\"><span style=\"line-height: 115%; color: rgb(51, 102, 255);font-family:lucida grande;font-size:100%;\"  ><span style=\"color: rgb(204, 0, 0);\">________________________________________________________<br \/><\/span><\/span><\/p>\n<p  style=\"text-align: justify; color: rgb(153, 51, 153);font-family:lucida grande;\"><span style=\"line-height: 115%; color: rgb(51, 102, 255);font-family:lucida grande;font-size:180%;\"  ><span style=\"color: rgb(204, 0, 0);\"><span style=\"color: rgb(102, 51, 102);\">&#8220;ECLIPSE&#8221; <\/span>de S. Meyer<\/span><\/span><\/p>\n<p style=\"text-align: justify;\"><span style=\"color: rgb(0, 102, 0);font-size:130%;\" ><span style=\"line-height: 115%;\">Como lo prometido es deuda, la<\/span><\/span><span style=\"color: rgb(0, 102, 0);font-size:130%;\" ><span style=\"line-height: 115%;\"> tercera parte de la saga \u201cCrep\u00fasculo\u201d ha llegado a la biblioteca. Por cierto,<\/span><\/span><span style=\"color: rgb(0, 102, 0);font-size:130%;\" ><span style=\"line-height: 115%;\"> s\u00f3lo hay un ejemplar. \u00a1Corre o te quedas sin \u00e9l!<\/span><\/span><span style=\"line-height: 115%;font-size:72;\" ><o:p><\/o:p><\/span><\/p>\n<p  style=\"text-align: justify;font-family:lucida grande;\"><a href=\"http:\/\/1.bp.blogspot.com\/_YKFw-Wn3qxk\/ShWslAkJf1I\/AAAAAAAAALk\/p9NseWZFSqs\/s1600-h\/eclipse20light.jpg\" target=\"_blank\"><img decoding=\"async\" style=\"cursor: pointer; width: 220px; height: 320px;\" src=\"http:\/\/1.bp.blogspot.com\/_YKFw-Wn3qxk\/ShWslAkJf1I\/AAAAAAAAALk\/p9NseWZFSqs\/s320\/eclipse20light.jpg\" alt=\"\" id=\"BLOGGER_PHOTO_ID_5338362685124345682\" border=\"0\" \/><\/a><\/p>\n<p face=\"lucida grande\" style=\"text-align: justify;\"><span style=\"line-height: 115%; color: rgb(51, 102, 255);font-family:lucida grande;font-size:16;\"  ><span style=\"color: rgb(204, 0, 0);font-size:100%;\" ><\/span><br \/><\/span><\/p>\n<p><span style=\"line-height: 115%;font-family:&quot;;font-size:16;\"  > <\/span><\/p>\n","protected":false},"excerpt":{"rendered":"<p>LA BIBLIOTECA INFORMA: NUEVAS ADQUISICIONES &#8220;DIARIO DE GREG UN PRINGAO TOTAL&#8221; De qu\u00e9 va: Greg Heffley es nuevo en la &hellip; <\/p>\n","protected":false},"author":4,"featured_media":0,"comment_status":"open","ping_status":"open","sticky":false,"template":"","format":"standard","meta":{"footnotes":""},"categories":[5],"tags":[],"class_list":["post-400","post","type-post","status-publish","format-standard","hentry","category-coleccion"],"_links":{"self":[{"href":"http:\/\/biblioteca.isidrodearceneguiycarmona.es\/index.php?rest_route=\/wp\/v2\/posts\/400","targetHints":{"allow":["GET"]}}],"collection":[{"href":"http:\/\/biblioteca.isidrodearceneguiycarmona.es\/index.php?rest_route=\/wp\/v2\/posts"}],"about":[{"href":"http:\/\/biblioteca.isidrodearceneguiycarmona.es\/index.php?rest_route=\/wp\/v2\/types\/post"}],"author":[{"embeddable":true,"href":"http:\/\/biblioteca.isidrodearceneguiycarmona.es\/index.php?rest_route=\/wp\/v2\/users\/4"}],"replies":[{"embeddable":true,"href":"http:\/\/biblioteca.isidrodearceneguiycarmona.es\/index.php?rest_route=%2Fwp%2Fv2%2Fcomments&post=400"}],"version-history":[{"count":0,"href":"http:\/\/biblioteca.isidrodearceneguiycarmona.es\/index.php?rest_route=\/wp\/v2\/posts\/400\/revisions"}],"wp:attachment":[{"href":"http:\/\/biblioteca.isidrodearceneguiycarmona.es\/index.php?rest_route=%2Fwp%2Fv2%2Fmedia&parent=400"}],"wp:term":[{"taxonomy":"category","embeddable":true,"href":"http:\/\/biblioteca.isidrodearceneguiycarmona.es\/index.php?rest_route=%2Fwp%2Fv2%2Fcategories&post=400"},{"taxonomy":"post_tag","embeddable":true,"href":"http:\/\/biblioteca.isidrodearceneguiycarmona.es\/index.php?rest_route=%2Fwp%2Fv2%2Ftags&post=400"}],"curies":[{"name":"wp","href":"https:\/\/api.w.org\/{rel}","templated":true}]}}