{"id":72,"date":"2015-10-25T10:24:00","date_gmt":"2015-10-25T10:24:00","guid":{"rendered":""},"modified":"2018-10-24T17:40:45","modified_gmt":"2018-10-24T17:40:45","slug":"libro-expiacion","status":"publish","type":"post","link":"http:\/\/biblioteca.isidrodearceneguiycarmona.es\/?p=72","title":{"rendered":"LIBRO &#8220;EXPIACI\u00d3N&#8221;"},"content":{"rendered":"<div style=\"text-align: center;\"><span style=\"color: #20124d;\"><span style=\"background-color: white;\">Se incorpora a nuestra colecci\u00f3n la novela de&nbsp;<span style=\"background-attachment: initial; background-clip: initial; background-image: initial; background-origin: initial; background-position: initial; background-repeat: initial; background-size: initial; font-size: 9pt; line-height: 115%;\">MCEWAN, IAN :&nbsp;&nbsp;&nbsp; <\/span><span style=\"background-attachment: initial; background-clip: initial; background-image: initial; background-origin: initial; background-position: initial; background-repeat: initial; background-size: initial; line-height: 115%;\"><span style=\"font-size: large;\">EXPIACI\u00d3N<\/span><\/span><\/span><\/span><br \/><span style=\"color: #20124d;\"><span style=\"background-color: white;\"><span style=\"background-attachment: initial; background-clip: initial; background-image: initial; background-origin: initial; background-position: initial; background-repeat: initial; background-size: initial; line-height: 115%;\">A petici\u00f3n del profesorado del ciclo de Auxiliar de Enfermer\u00eda. Recomendable tambi\u00e9n para Bachillerato.<\/span><\/span><\/span><\/div>\n<div style=\"text-align: center;\"><span style=\"color: #20124d;\"><br \/><\/span><\/div>\n<div style=\"text-align: justify;\"><span style=\"color: #38761d; font-family: Arial, sans-serif; font-size: 12px; line-height: 13.8px;\"><br \/><\/span><\/div>\n<p><span style=\"background-color: white;\"><\/span><\/p>\n<div style=\"text-align: justify;\"><span style=\"color: #8e7cc3;\"><span style=\"background-color: white;\"><span style=\"font-family: 'Trebuchet MS', sans-serif; line-height: 115%;\">Resumen:<span style=\"background-color: #073763;\"><span><\/span><\/span><\/span><\/span><\/span><\/div>\n<p><span style=\"color: #8e7cc3;\"><span style=\"background-color: white;\"><\/span><\/span><\/p>\n<div style=\"text-align: justify;\"><span style=\"color: #8e7cc3;\"><span style=\"background-color: white;\"><span style=\"background-attachment: initial; background-clip: initial; background-image: initial; background-origin: initial; background-position: initial; background-repeat: initial; background-size: initial; font-size: 9pt; line-height: 115%;\"><span style=\"font-family: Trebuchet MS, sans-serif;\"><br \/><\/span><\/span><\/span><\/span><\/div>\n<div>\n<div style=\"text-align: justify;\"><span style=\"color: #8e7cc3;\"><span style=\"background-attachment: initial; background-clip: initial; background-image: initial; background-origin: initial; background-position: initial; background-repeat: initial; background-size: initial; line-height: 115%;\"><span style=\"background-color: white; font-family: Trebuchet MS, sans-serif;\">En la casa de campo de la familia Tallis, la madre se ha encerrado en su habitaci\u00f3n con migra\u00f1a, y el se\u00f1or Tallis est\u00e1 en Londres. Briony, la hija menor, de trece a\u00f1os, ha escrito una obra de teatro para su hermano Leon, que hoy vuelve de la universidad. Cecilia, la mayor de los Tallis, tambi\u00e9n ha regresado de Cambridge, donde no ha obtenido las altas notas que esperaba. Quien s\u00ed lo ha hecho es Robbie, el brillante hijo de la criada de los Tallis. Es el d\u00eda m\u00e1s caluroso del verano de 1935, y las vidas de los habitantes de la mansi\u00f3n parecen deslizarse con apacible elegancia. Pero resuenan unas sutiles notas disonantes: hay una curiosa tensi\u00f3n entre Cecilia y Robbie; la hermana de la se\u00f1ora Tallis ha enviado a su hija Lola, una n\u00ednfula quincea\u00f1era y seductora, a casa de sus t\u00edos; y la imaginativa Briony ve a Cecilia que sale empapada de una fuente, vestida solamente con su ropa interior, mientras Robbie la mira&#8230;<\/span><\/span><\/span><\/div>\n<\/div>\n<div>\n<div style=\"text-align: justify;\"><span style=\"background: white; color: #474747; font-family: &quot;Arial&quot;,&quot;sans-serif&quot;; font-size: 9.0pt; line-height: 115%;\"><br \/><\/span><\/div>\n<\/div>\n<div style=\"clear: both; text-align: center;\"><\/div>\n<div><span style=\"background: white; color: #474747; font-family: &quot;Arial&quot;,&quot;sans-serif&quot;; font-size: 9.0pt; line-height: 115%;\"><br \/><\/span><\/div>\n","protected":false},"excerpt":{"rendered":"<p>Se incorpora a nuestra colecci\u00f3n la novela de&nbsp;MCEWAN, IAN :&nbsp;&nbsp;&nbsp; EXPIACI\u00d3NA petici\u00f3n del profesorado del ciclo de Auxiliar de Enfermer\u00eda. &hellip; <\/p>\n","protected":false},"author":3,"featured_media":165,"comment_status":"open","ping_status":"open","sticky":false,"template":"","format":"standard","meta":{"footnotes":""},"categories":[5],"tags":[],"class_list":["post-72","post","type-post","status-publish","format-standard","has-post-thumbnail","hentry","category-coleccion"],"_links":{"self":[{"href":"http:\/\/biblioteca.isidrodearceneguiycarmona.es\/index.php?rest_route=\/wp\/v2\/posts\/72","targetHints":{"allow":["GET"]}}],"collection":[{"href":"http:\/\/biblioteca.isidrodearceneguiycarmona.es\/index.php?rest_route=\/wp\/v2\/posts"}],"about":[{"href":"http:\/\/biblioteca.isidrodearceneguiycarmona.es\/index.php?rest_route=\/wp\/v2\/types\/post"}],"author":[{"embeddable":true,"href":"http:\/\/biblioteca.isidrodearceneguiycarmona.es\/index.php?rest_route=\/wp\/v2\/users\/3"}],"replies":[{"embeddable":true,"href":"http:\/\/biblioteca.isidrodearceneguiycarmona.es\/index.php?rest_route=%2Fwp%2Fv2%2Fcomments&post=72"}],"version-history":[{"count":3,"href":"http:\/\/biblioteca.isidrodearceneguiycarmona.es\/index.php?rest_route=\/wp\/v2\/posts\/72\/revisions"}],"predecessor-version":[{"id":502,"href":"http:\/\/biblioteca.isidrodearceneguiycarmona.es\/index.php?rest_route=\/wp\/v2\/posts\/72\/revisions\/502"}],"wp:featuredmedia":[{"embeddable":true,"href":"http:\/\/biblioteca.isidrodearceneguiycarmona.es\/index.php?rest_route=\/wp\/v2\/media\/165"}],"wp:attachment":[{"href":"http:\/\/biblioteca.isidrodearceneguiycarmona.es\/index.php?rest_route=%2Fwp%2Fv2%2Fmedia&parent=72"}],"wp:term":[{"taxonomy":"category","embeddable":true,"href":"http:\/\/biblioteca.isidrodearceneguiycarmona.es\/index.php?rest_route=%2Fwp%2Fv2%2Fcategories&post=72"},{"taxonomy":"post_tag","embeddable":true,"href":"http:\/\/biblioteca.isidrodearceneguiycarmona.es\/index.php?rest_route=%2Fwp%2Fv2%2Ftags&post=72"}],"curies":[{"name":"wp","href":"https:\/\/api.w.org\/{rel}","templated":true}]}}