{"id":1002,"date":"2021-03-06T14:16:07","date_gmt":"2021-03-06T14:16:07","guid":{"rendered":"http:\/\/biblioteca.isidrodearceneguiycarmona.es\/?p=1002"},"modified":"2021-03-06T14:16:07","modified_gmt":"2021-03-06T14:16:07","slug":"dia-de-andalucia-3","status":"publish","type":"post","link":"https:\/\/biblioteca.isidrodearceneguiycarmona.es\/?p=1002","title":{"rendered":"D\u00cdA DE ANDALUC\u00cdA"},"content":{"rendered":"<p>Para el d\u00eda de Andaluc\u00eda, nuestra compa\u00f1era de Lengua<strong> Lola Zamudio<\/strong> ha propuesto una selecci\u00f3n de poemas de poetas andaluces a su alumnado de 3\u00ba A. Os presentamos s\u00f3lo los trabajos que los alumnos han querido compartir con nosotros.<\/p>\n<div class=\"wp-playlist wp-video-playlist wp-playlist-light\">\n\t\t<video controls=\"controls\" preload=\"none\" width=\"728\"\n\t\t height=\"546\"\t><\/video>\n\t<div class=\"wp-playlist-next\"><\/div>\n\t<div class=\"wp-playlist-prev\"><\/div>\n\t<noscript>\n\t<ol>\n\t\t<li><a href='https:\/\/biblioteca.isidrodearceneguiycarmona.es\/wp-content\/uploads\/2021\/03\/Abril-Guisado-Sarria-3o-eso.mp4'>Abril Guisado Sarria 3\u00ba eso<\/a><\/li><li><a href='https:\/\/biblioteca.isidrodearceneguiycarmona.es\/wp-content\/uploads\/2021\/03\/Julia-Espinola-Montero-3o-eso.mp4'>Julia Esp\u00ednola Montero 3\u00ba eso<\/a><\/li><li><a href='https:\/\/biblioteca.isidrodearceneguiycarmona.es\/wp-content\/uploads\/2021\/03\/Lucas-Alvarez-Ruiz-3o-eso.mp4'>Lucas \u00c1lvarez Ruiz 3\u00ba eso<\/a><\/li><li><a href='https:\/\/biblioteca.isidrodearceneguiycarmona.es\/wp-content\/uploads\/2021\/03\/Maria-Jose-Corrales-3o-eso.mp4'>Mar\u00eda Jos\u00e9 Corrales 3\u00ba eso<\/a><\/li>\t<\/ol>\n\t<\/noscript>\n\t<script type=\"application\/json\" class=\"wp-playlist-script\">{\"type\":\"video\",\"tracklist\":true,\"tracknumbers\":true,\"images\":true,\"artists\":true,\"tracks\":[{\"src\":\"https:\/\/biblioteca.isidrodearceneguiycarmona.es\/wp-content\/uploads\/2021\/03\/Abril-Guisado-Sarria-3o-eso.mp4\",\"type\":\"video\/mp4\",\"title\":\"Abril Guisado Sarria 3\\u00ba eso\",\"caption\":\"\",\"description\":\"\",\"meta\":{\"length_formatted\":\"0:47\"},\"dimensions\":{\"original\":{\"width\":848,\"height\":480},\"resized\":{\"width\":728,\"height\":412}},\"image\":{\"src\":\"https:\/\/biblioteca.isidrodearceneguiycarmona.es\/wp-includes\/images\/media\/video.svg\",\"width\":48,\"height\":64},\"thumb\":{\"src\":\"https:\/\/biblioteca.isidrodearceneguiycarmona.es\/wp-includes\/images\/media\/video.svg\",\"width\":48,\"height\":64}},{\"src\":\"https:\/\/biblioteca.isidrodearceneguiycarmona.es\/wp-content\/uploads\/2021\/03\/Julia-Espinola-Montero-3o-eso.mp4\",\"type\":\"video\/mp4\",\"title\":\"Julia Esp\\u00ednola Montero 3\\u00ba eso\",\"caption\":\"\",\"description\":\"\",\"meta\":{\"length_formatted\":\"0:14\"},\"dimensions\":{\"original\":{\"width\":1024,\"height\":576},\"resized\":{\"width\":728,\"height\":410}},\"image\":{\"src\":\"https:\/\/biblioteca.isidrodearceneguiycarmona.es\/wp-includes\/images\/media\/video.svg\",\"width\":48,\"height\":64},\"thumb\":{\"src\":\"https:\/\/biblioteca.isidrodearceneguiycarmona.es\/wp-includes\/images\/media\/video.svg\",\"width\":48,\"height\":64}},{\"src\":\"https:\/\/biblioteca.isidrodearceneguiycarmona.es\/wp-content\/uploads\/2021\/03\/Lucas-Alvarez-Ruiz-3o-eso.mp4\",\"type\":\"video\/mp4\",\"title\":\"Lucas \\u00c1lvarez Ruiz 3\\u00ba eso\",\"caption\":\"\",\"description\":\"\",\"meta\":{\"length_formatted\":\"0:15\"},\"dimensions\":{\"original\":{\"width\":852,\"height\":480},\"resized\":{\"width\":728,\"height\":410}},\"image\":{\"src\":\"https:\/\/biblioteca.isidrodearceneguiycarmona.es\/wp-includes\/images\/media\/video.svg\",\"width\":48,\"height\":64},\"thumb\":{\"src\":\"https:\/\/biblioteca.isidrodearceneguiycarmona.es\/wp-includes\/images\/media\/video.svg\",\"width\":48,\"height\":64}},{\"src\":\"https:\/\/biblioteca.isidrodearceneguiycarmona.es\/wp-content\/uploads\/2021\/03\/Maria-Jose-Corrales-3o-eso.mp4\",\"type\":\"video\/mp4\",\"title\":\"Mar\\u00eda Jos\\u00e9 Corrales 3\\u00ba eso\",\"caption\":\"\",\"description\":\"\",\"meta\":{\"length_formatted\":\"0:30\"},\"dimensions\":{\"original\":{\"width\":640,\"height\":480},\"resized\":{\"width\":728,\"height\":546}},\"image\":{\"src\":\"https:\/\/biblioteca.isidrodearceneguiycarmona.es\/wp-includes\/images\/media\/video.svg\",\"width\":48,\"height\":64},\"thumb\":{\"src\":\"https:\/\/biblioteca.isidrodearceneguiycarmona.es\/wp-includes\/images\/media\/video.svg\",\"width\":48,\"height\":64}}]}<\/script>\n<\/div>\n\t\n","protected":false},"excerpt":{"rendered":"<p>Para el d\u00eda de Andaluc\u00eda, nuestra compa\u00f1era de Lengua Lola Zamudio ha propuesto una selecci\u00f3n de poemas de poetas andaluces &hellip; <\/p>\n","protected":false},"author":3,"featured_media":1007,"comment_status":"closed","ping_status":"closed","sticky":false,"template":"","format":"standard","meta":{"footnotes":""},"categories":[1],"tags":[],"class_list":["post-1002","post","type-post","status-publish","format-standard","has-post-thumbnail","hentry","category-articulos-2"],"_links":{"self":[{"href":"https:\/\/biblioteca.isidrodearceneguiycarmona.es\/index.php?rest_route=\/wp\/v2\/posts\/1002","targetHints":{"allow":["GET"]}}],"collection":[{"href":"https:\/\/biblioteca.isidrodearceneguiycarmona.es\/index.php?rest_route=\/wp\/v2\/posts"}],"about":[{"href":"https:\/\/biblioteca.isidrodearceneguiycarmona.es\/index.php?rest_route=\/wp\/v2\/types\/post"}],"author":[{"embeddable":true,"href":"https:\/\/biblioteca.isidrodearceneguiycarmona.es\/index.php?rest_route=\/wp\/v2\/users\/3"}],"replies":[{"embeddable":true,"href":"https:\/\/biblioteca.isidrodearceneguiycarmona.es\/index.php?rest_route=%2Fwp%2Fv2%2Fcomments&post=1002"}],"version-history":[{"count":1,"href":"https:\/\/biblioteca.isidrodearceneguiycarmona.es\/index.php?rest_route=\/wp\/v2\/posts\/1002\/revisions"}],"predecessor-version":[{"id":1008,"href":"https:\/\/biblioteca.isidrodearceneguiycarmona.es\/index.php?rest_route=\/wp\/v2\/posts\/1002\/revisions\/1008"}],"wp:featuredmedia":[{"embeddable":true,"href":"https:\/\/biblioteca.isidrodearceneguiycarmona.es\/index.php?rest_route=\/wp\/v2\/media\/1007"}],"wp:attachment":[{"href":"https:\/\/biblioteca.isidrodearceneguiycarmona.es\/index.php?rest_route=%2Fwp%2Fv2%2Fmedia&parent=1002"}],"wp:term":[{"taxonomy":"category","embeddable":true,"href":"https:\/\/biblioteca.isidrodearceneguiycarmona.es\/index.php?rest_route=%2Fwp%2Fv2%2Fcategories&post=1002"},{"taxonomy":"post_tag","embeddable":true,"href":"https:\/\/biblioteca.isidrodearceneguiycarmona.es\/index.php?rest_route=%2Fwp%2Fv2%2Ftags&post=1002"}],"curies":[{"name":"wp","href":"https:\/\/api.w.org\/{rel}","templated":true}]}}