{"id":1016,"date":"2021-03-17T17:47:59","date_gmt":"2021-03-17T17:47:59","guid":{"rendered":"http:\/\/biblioteca.isidrodearceneguiycarmona.es\/?p=1016"},"modified":"2021-03-26T13:38:40","modified_gmt":"2021-03-26T13:38:40","slug":"dia-de-la-poesia","status":"publish","type":"post","link":"https:\/\/biblioteca.isidrodearceneguiycarmona.es\/?p=1016","title":{"rendered":"D\u00cdA DE LA POES\u00cdA"},"content":{"rendered":"<p dir=\"ltr\">El D\u00eda Mundial de la Poes\u00eda, celebrado cada a\u00f1o el 21 de marzo, conmemora una de las formas m\u00e1s preciadas de la expresi\u00f3n e identidad y ling\u00fc\u00edstica de la humanidad. La poes\u00eda, practicada a lo largo de la historia en todas las culturas y en todos los continentes, habla de nuestra humanidad com\u00fan y de nuestros valores compartidos, transformando el poema m\u00e1s simple en un poderoso catalizador del di\u00e1logo y la paz.<\/p>\n<p dir=\"ltr\">La UNESCO adopt\u00f3 por primera vez el 21 de marzo como D\u00eda Mundial de la Poes\u00eda durante su <a href=\"http:\/\/unesdoc.unesco.org\/images\/0011\/001185\/118514e.pdf#page=70\" target=\"_blank\">30\u00aa Conferencia General en Par\u00eds en 1999<\/a>, con el objetivo de apoyar la diversidad ling\u00fc\u00edstica a trav\u00e9s de la expresi\u00f3n po\u00e9tica y fomentar la visibilizaci\u00f3n de aquellas lenguas que se encuentran en peligro.<\/p>\n<p dir=\"ltr\">El D\u00eda Mundial de la Poes\u00eda es una ocasi\u00f3n para honrar a los poetas, revivir tradiciones orales de recitales de poes\u00eda, promover la lectura, la escritura y la ense\u00f1anza de la poes\u00eda, fomentar la convergencia entre la poes\u00eda y otras artes como el teatro, la danza, la m\u00fasica y la pintura, y aumentar la visibilidad de poes\u00eda en los medios. A medida que la poes\u00eda contin\u00faa uniendo personas en todos los continentes, todos est\u00e1n invitados a unirse.<\/p>\n<p dir=\"ltr\"><img loading=\"lazy\" decoding=\"async\" class=\"alignleft size-thumbnail wp-image-1017\" src=\"http:\/\/biblioteca.isidrodearceneguiycarmona.es\/wp-content\/uploads\/2021\/03\/IMG-20210317-WA0000-1-150x150.jpg\" alt=\"\" width=\"150\" height=\"150\"><\/p>\n<p dir=\"ltr\">Nuestra idea es hacer una colada po\u00e9tica como en cada centro educativo de Marchena. Con los mismos poemas, con la misma intenci\u00f3n: acercar la poes\u00eda de una manera distinta al alumnado y a la comunidad educativa de Marchena.<\/p>\n<p dir=\"ltr\">Para ello, proponemos hacer una COLADA PO\u00c9TICA, tender poemas por el centro, pero tambi\u00e9n, en la propia casa o en cualquier otro lugar de nuestro municipio en el que se pueda colocar un poema tendido con una pinza&#8230;<\/p>\n<p dir=\"ltr\" style=\"padding-left: 40px;\"><span style=\"color: #0000ff;\"><strong>&nbsp; &nbsp; &nbsp; &nbsp; &nbsp; &nbsp; &nbsp; &nbsp; <img loading=\"lazy\" decoding=\"async\" class=\"alignnone size-thumbnail wp-image-1031\" src=\"http:\/\/biblioteca.isidrodearceneguiycarmona.es\/wp-content\/uploads\/2021\/03\/IMG_20210322_183134_8-150x150.jpg\" alt=\"\" width=\"150\" height=\"150\"><img loading=\"lazy\" decoding=\"async\" class=\"alignnone size-thumbnail wp-image-1029\" src=\"http:\/\/biblioteca.isidrodearceneguiycarmona.es\/wp-content\/uploads\/2021\/03\/IMG_20210322_182959_8-150x150.jpg\" alt=\"\" width=\"150\" height=\"150\"> &nbsp; &nbsp;<\/strong><\/span><\/p>\n<p dir=\"ltr\" style=\"padding-left: 40px;\"><span style=\"color: #0000ff;\"><strong><img loading=\"lazy\" decoding=\"async\" class=\"alignnone size-thumbnail wp-image-1039\" src=\"http:\/\/biblioteca.isidrodearceneguiycarmona.es\/wp-content\/uploads\/2021\/03\/20210322_172741-150x150.jpg\" alt=\"\" width=\"150\" height=\"150\"> <img loading=\"lazy\" decoding=\"async\" class=\"alignnone size-thumbnail wp-image-1040\" src=\"http:\/\/biblioteca.isidrodearceneguiycarmona.es\/wp-content\/uploads\/2021\/03\/Camiseta-150x150.jpg\" alt=\"\" width=\"150\" height=\"150\"> <img loading=\"lazy\" decoding=\"async\" class=\"alignnone size-thumbnail wp-image-1041\" src=\"http:\/\/biblioteca.isidrodearceneguiycarmona.es\/wp-content\/uploads\/2021\/03\/COLADA-POETICA-21-mar.-2021-19-50-12-150x150.jpeg\" alt=\"\" width=\"150\" height=\"150\"> <img loading=\"lazy\" decoding=\"async\" class=\"alignnone size-thumbnail wp-image-1042\" src=\"http:\/\/biblioteca.isidrodearceneguiycarmona.es\/wp-content\/uploads\/2021\/03\/COLADA-POETICA-22-Mar-2021-at-07-58-150x150.jpg\" alt=\"\" width=\"150\" height=\"150\"> <img loading=\"lazy\" decoding=\"async\" class=\"alignnone size-thumbnail wp-image-1043\" src=\"http:\/\/biblioteca.isidrodearceneguiycarmona.es\/wp-content\/uploads\/2021\/03\/COLADA-POETICA-22-mar.-2021-17-42-11-150x150.jpeg\" alt=\"\" width=\"150\" height=\"150\"> <img loading=\"lazy\" decoding=\"async\" class=\"alignnone size-thumbnail wp-image-1044\" src=\"http:\/\/biblioteca.isidrodearceneguiycarmona.es\/wp-content\/uploads\/2021\/03\/IMG_20210321_201759-150x150.jpg\" alt=\"\" width=\"150\" height=\"150\"> <img loading=\"lazy\" decoding=\"async\" class=\"alignnone size-thumbnail wp-image-1045\" src=\"http:\/\/biblioteca.isidrodearceneguiycarmona.es\/wp-content\/uploads\/2021\/03\/IMG_20210322_172038-150x150.jpg\" alt=\"\" width=\"150\" height=\"150\"> <img loading=\"lazy\" decoding=\"async\" class=\"alignnone size-thumbnail wp-image-1046\" src=\"http:\/\/biblioteca.isidrodearceneguiycarmona.es\/wp-content\/uploads\/2021\/03\/IMG_20210322_182951_4-Copy-150x150.jpg\" alt=\"\" width=\"150\" height=\"150\"> <img loading=\"lazy\" decoding=\"async\" class=\"alignnone size-thumbnail wp-image-1047\" src=\"http:\/\/biblioteca.isidrodearceneguiycarmona.es\/wp-content\/uploads\/2021\/03\/IMG_20210322_182959_8-Copy-150x150.jpg\" alt=\"\" width=\"150\" height=\"150\"> <img loading=\"lazy\" decoding=\"async\" class=\"alignnone size-thumbnail wp-image-1048\" src=\"http:\/\/biblioteca.isidrodearceneguiycarmona.es\/wp-content\/uploads\/2021\/03\/IMG_20210322_182959_8-1-150x150.jpg\" alt=\"\" width=\"150\" height=\"150\"> <img loading=\"lazy\" decoding=\"async\" class=\"alignnone size-thumbnail wp-image-1049\" src=\"http:\/\/biblioteca.isidrodearceneguiycarmona.es\/wp-content\/uploads\/2021\/03\/IMG_20210322_183117_3-1-150x150.jpg\" alt=\"\" width=\"150\" height=\"150\"> <img loading=\"lazy\" decoding=\"async\" class=\"alignnone size-thumbnail wp-image-1050\" src=\"http:\/\/biblioteca.isidrodearceneguiycarmona.es\/wp-content\/uploads\/2021\/03\/IMG_20210322_183134_81-150x150.jpg\" alt=\"\" width=\"150\" height=\"150\"> <img loading=\"lazy\" decoding=\"async\" class=\"alignnone size-thumbnail wp-image-1051\" src=\"http:\/\/biblioteca.isidrodearceneguiycarmona.es\/wp-content\/uploads\/2021\/03\/IMG_20210322_183139_61-150x150.jpg\" alt=\"\" width=\"150\" height=\"150\"> <img loading=\"lazy\" decoding=\"async\" class=\"alignnone size-thumbnail wp-image-1052\" src=\"http:\/\/biblioteca.isidrodearceneguiycarmona.es\/wp-content\/uploads\/2021\/03\/IMG_20210322_183150_0-150x150.jpg\" alt=\"\" width=\"150\" height=\"150\"> <img loading=\"lazy\" decoding=\"async\" class=\"alignnone size-thumbnail wp-image-1053\" src=\"http:\/\/biblioteca.isidrodearceneguiycarmona.es\/wp-content\/uploads\/2021\/03\/IMG_20210322_183325_21-150x150.jpg\" alt=\"\" width=\"150\" height=\"150\"> <img loading=\"lazy\" decoding=\"async\" class=\"alignnone size-thumbnail wp-image-1054\" src=\"http:\/\/biblioteca.isidrodearceneguiycarmona.es\/wp-content\/uploads\/2021\/03\/IMG_20210322_183328_2-150x150.jpg\" alt=\"\" width=\"150\" height=\"150\"> <img loading=\"lazy\" decoding=\"async\" class=\"alignnone size-thumbnail wp-image-1055\" src=\"http:\/\/biblioteca.isidrodearceneguiycarmona.es\/wp-content\/uploads\/2021\/03\/IMG_20210322_183404_0-150x150.jpg\" alt=\"\" width=\"150\" height=\"150\"> <img loading=\"lazy\" decoding=\"async\" class=\"alignnone size-thumbnail wp-image-1056\" src=\"http:\/\/biblioteca.isidrodearceneguiycarmona.es\/wp-content\/uploads\/2021\/03\/Screenshot_20210322-1115101-150x150.jpg\" alt=\"\" width=\"150\" height=\"150\"> &nbsp; &nbsp; &nbsp; &nbsp; &nbsp; &nbsp; &nbsp;<\/strong><\/span><\/p>\n<ol>\n<li dir=\"ltr\"><span style=\"color: #0000ff;\"><strong>&nbsp; &nbsp; &nbsp; &nbsp; &nbsp; &nbsp; &nbsp; &nbsp; &nbsp; &nbsp; &nbsp; &nbsp; &nbsp; &nbsp; &nbsp; &nbsp; &nbsp; &nbsp; &nbsp; &nbsp; &nbsp; &nbsp; &nbsp; &nbsp; &nbsp; &nbsp; &nbsp; &nbsp;COLADA<\/strong><\/span><\/li>\n<\/ol>\n<p dir=\"ltr\" style=\"text-align: center;\"><span style=\"color: #0000ff;\"><em>Hay personas,<\/em><\/span><\/p>\n<p dir=\"ltr\" style=\"text-align: center;\"><span style=\"color: #0000ff;\"><em>que despu\u00e9s de intentar lavarlas,<\/em><\/span><\/p>\n<p dir=\"ltr\" style=\"text-align: center;\"><span style=\"color: #0000ff;\"><em>m\u00e1s que tenderlas,<\/em><\/span><\/p>\n<p dir=\"ltr\" style=\"text-align: center;\"><span style=\"color: #0000ff;\"><em>-en la cama-<\/em><\/span><\/p>\n<p dir=\"ltr\" style=\"text-align: center;\"><span style=\"color: #0000ff;\"><em>hay que colgarlas<\/em><\/span><\/p>\n<p dir=\"ltr\" style=\"text-align: center;\"><span style=\"color: #0000ff;\"><em>de un \u00e1rbol.<\/em><\/span><\/p>\n<p dir=\"ltr\" style=\"text-align: center;\"><a href=\"http:\/\/www.gloriafuertes.org\/\" target=\"_blank\">Gloria Fuertes<\/a><\/p>\n<p dir=\"ltr\" style=\"text-align: center;\">(En &#8216;Sola en la Sala&#8217;, Editorial Fuendetodos, Zaragoza, 1973)<\/p>\n","protected":false},"excerpt":{"rendered":"<p>El D\u00eda Mundial de la Poes\u00eda, celebrado cada a\u00f1o el 21 de marzo, conmemora una de las formas m\u00e1s preciadas &hellip; <\/p>\n","protected":false},"author":3,"featured_media":1017,"comment_status":"closed","ping_status":"closed","sticky":false,"template":"","format":"standard","meta":{"footnotes":""},"categories":[7],"tags":[],"class_list":["post-1016","post","type-post","status-publish","format-standard","has-post-thumbnail","hentry","category-celebraciones"],"_links":{"self":[{"href":"https:\/\/biblioteca.isidrodearceneguiycarmona.es\/index.php?rest_route=\/wp\/v2\/posts\/1016","targetHints":{"allow":["GET"]}}],"collection":[{"href":"https:\/\/biblioteca.isidrodearceneguiycarmona.es\/index.php?rest_route=\/wp\/v2\/posts"}],"about":[{"href":"https:\/\/biblioteca.isidrodearceneguiycarmona.es\/index.php?rest_route=\/wp\/v2\/types\/post"}],"author":[{"embeddable":true,"href":"https:\/\/biblioteca.isidrodearceneguiycarmona.es\/index.php?rest_route=\/wp\/v2\/users\/3"}],"replies":[{"embeddable":true,"href":"https:\/\/biblioteca.isidrodearceneguiycarmona.es\/index.php?rest_route=%2Fwp%2Fv2%2Fcomments&post=1016"}],"version-history":[{"count":5,"href":"https:\/\/biblioteca.isidrodearceneguiycarmona.es\/index.php?rest_route=\/wp\/v2\/posts\/1016\/revisions"}],"predecessor-version":[{"id":1057,"href":"https:\/\/biblioteca.isidrodearceneguiycarmona.es\/index.php?rest_route=\/wp\/v2\/posts\/1016\/revisions\/1057"}],"wp:featuredmedia":[{"embeddable":true,"href":"https:\/\/biblioteca.isidrodearceneguiycarmona.es\/index.php?rest_route=\/wp\/v2\/media\/1017"}],"wp:attachment":[{"href":"https:\/\/biblioteca.isidrodearceneguiycarmona.es\/index.php?rest_route=%2Fwp%2Fv2%2Fmedia&parent=1016"}],"wp:term":[{"taxonomy":"category","embeddable":true,"href":"https:\/\/biblioteca.isidrodearceneguiycarmona.es\/index.php?rest_route=%2Fwp%2Fv2%2Fcategories&post=1016"},{"taxonomy":"post_tag","embeddable":true,"href":"https:\/\/biblioteca.isidrodearceneguiycarmona.es\/index.php?rest_route=%2Fwp%2Fv2%2Ftags&post=1016"}],"curies":[{"name":"wp","href":"https:\/\/api.w.org\/{rel}","templated":true}]}}