{"id":1070,"date":"2021-04-10T14:00:52","date_gmt":"2021-04-10T14:00:52","guid":{"rendered":"http:\/\/biblioteca.isidrodearceneguiycarmona.es\/?p=1070"},"modified":"2021-04-10T15:10:05","modified_gmt":"2021-04-10T15:10:05","slug":"concurso-de-marcapaginas-curso-2020-21","status":"publish","type":"post","link":"https:\/\/biblioteca.isidrodearceneguiycarmona.es\/?p=1070","title":{"rendered":"CONCURSO DE MARCAP\u00c1GINAS CURSO 2020\/21"},"content":{"rendered":"<h4 style=\"text-align: center;\"><strong>LA BE ROSARIO MART\u00cdN CONVOCA EL TRADICIONAL CONCURSO DE <span style=\"font-size: 16px;\">MARCAP\u00c1GINAS CON OCASI\u00d3N DEL D\u00cdA DEL LIBRO.<\/span><\/strong><\/h4>\n<h4 style=\"text-align: center;\"><strong><span style=\"font-size: 16px;\">&nbsp;BASES DEL CONCURSO<\/span><\/strong><\/h4>\n<p style=\"text-align: center;\">1<span style=\"color: #0000ff;\">\u00ba Podr\u00e1n participar todos los alumn@s de la ESO de nuestro Centro.<\/span><\/p>\n<p style=\"text-align: center;\"><span style=\"color: #0000ff;\">2\u00ba El contenido del marc\u00e1paginas se relacionar\u00e1 con la frase:<\/span><\/p>\n<h4 style=\"text-align: center;\"><strong>&#8220;LEER TE HAR\u00c1 FLORECER&#8221;<\/strong><\/h4>\n<p style=\"text-align: center;\"><span style=\"color: #0000ff;\">3\u00ba El formato ser\u00e1 de 6&#215;21, el soporte a cartulina o similar y la t\u00e9cnica libre, preferentemente a color.<\/span><\/p>\n<p style=\"text-align: center;\"><span style=\"color: #0000ff;\">4\u00ba El plazo de entrega finaliza el pr\u00f3ximo&nbsp; mi\u00e9rcoles d\u00eda 21 de abril.<\/span><\/p>\n<p style=\"text-align: center;\"><span style=\"color: #0000ff;\">5\u00ba Los trabajos ser\u00e1n entregados al profesor de Pl\u00e1stica, Antonio L\u00f3pez, con apellidos, nombre, curso y grupo por el reverso del marcap\u00e1ginas.<\/span><\/p>\n<p style=\"text-align: center;\"><span style=\"color: #0000ff;\">6\u00ba El jurado, perteneciente al equipo de colaboradores de la BE, dar\u00e1 a conocer a&nbsp; los dos finalistas el viernes 23 de abril.<\/span><\/p>\n<p><span style=\"color: #0000ff;\">7\u00ba Los premios consistir\u00e1n en dos cheques al portador por valor de 25 euros cada uno, canjeables por material escolar.<\/span><\/p>\n<p style=\"text-align: center;\"><span style=\"color: #0000ff;\">8\u00ba La organizaci\u00f3n se reserva el derecho de editar y publicar los trabajos de los dos ganadores en un \u00fanico marcap\u00e1ginas con cada uno en cada una de sus caras.<\/span><\/p>\n<p><img loading=\"lazy\" decoding=\"async\" class=\"aligncenter wp-image-1074 size-large\" src=\"http:\/\/biblioteca.isidrodearceneguiycarmona.es\/wp-content\/uploads\/2021\/04\/marca02-717x1024.jpeg\" alt=\"Marcap\u00e1ginas ganadores\" width=\"717\" height=\"1024\" srcset=\"https:\/\/biblioteca.isidrodearceneguiycarmona.es\/wp-content\/uploads\/2021\/04\/marca02-717x1024.jpeg 717w, https:\/\/biblioteca.isidrodearceneguiycarmona.es\/wp-content\/uploads\/2021\/04\/marca02-210x300.jpeg 210w, https:\/\/biblioteca.isidrodearceneguiycarmona.es\/wp-content\/uploads\/2021\/04\/marca02-768x1096.jpeg 768w, https:\/\/biblioteca.isidrodearceneguiycarmona.es\/wp-content\/uploads\/2021\/04\/marca02-1076x1536.jpeg 1076w, https:\/\/biblioteca.isidrodearceneguiycarmona.es\/wp-content\/uploads\/2021\/04\/marca02-1435x2048.jpeg 1435w\" sizes=\"auto, (max-width: 717px) 100vw, 717px\" \/><\/p>\n","protected":false},"excerpt":{"rendered":"<p>LA BE ROSARIO MART\u00cdN CONVOCA EL TRADICIONAL CONCURSO DE MARCAP\u00c1GINAS CON OCASI\u00d3N DEL D\u00cdA DEL LIBRO. &nbsp;BASES DEL CONCURSO 1\u00ba &hellip; <\/p>\n","protected":false},"author":3,"featured_media":1071,"comment_status":"closed","ping_status":"closed","sticky":false,"template":"","format":"standard","meta":{"footnotes":""},"categories":[6],"tags":[],"class_list":["post-1070","post","type-post","status-publish","format-standard","has-post-thumbnail","hentry","category-concursos"],"_links":{"self":[{"href":"https:\/\/biblioteca.isidrodearceneguiycarmona.es\/index.php?rest_route=\/wp\/v2\/posts\/1070","targetHints":{"allow":["GET"]}}],"collection":[{"href":"https:\/\/biblioteca.isidrodearceneguiycarmona.es\/index.php?rest_route=\/wp\/v2\/posts"}],"about":[{"href":"https:\/\/biblioteca.isidrodearceneguiycarmona.es\/index.php?rest_route=\/wp\/v2\/types\/post"}],"author":[{"embeddable":true,"href":"https:\/\/biblioteca.isidrodearceneguiycarmona.es\/index.php?rest_route=\/wp\/v2\/users\/3"}],"replies":[{"embeddable":true,"href":"https:\/\/biblioteca.isidrodearceneguiycarmona.es\/index.php?rest_route=%2Fwp%2Fv2%2Fcomments&post=1070"}],"version-history":[{"count":2,"href":"https:\/\/biblioteca.isidrodearceneguiycarmona.es\/index.php?rest_route=\/wp\/v2\/posts\/1070\/revisions"}],"predecessor-version":[{"id":1076,"href":"https:\/\/biblioteca.isidrodearceneguiycarmona.es\/index.php?rest_route=\/wp\/v2\/posts\/1070\/revisions\/1076"}],"wp:featuredmedia":[{"embeddable":true,"href":"https:\/\/biblioteca.isidrodearceneguiycarmona.es\/index.php?rest_route=\/wp\/v2\/media\/1071"}],"wp:attachment":[{"href":"https:\/\/biblioteca.isidrodearceneguiycarmona.es\/index.php?rest_route=%2Fwp%2Fv2%2Fmedia&parent=1070"}],"wp:term":[{"taxonomy":"category","embeddable":true,"href":"https:\/\/biblioteca.isidrodearceneguiycarmona.es\/index.php?rest_route=%2Fwp%2Fv2%2Fcategories&post=1070"},{"taxonomy":"post_tag","embeddable":true,"href":"https:\/\/biblioteca.isidrodearceneguiycarmona.es\/index.php?rest_route=%2Fwp%2Fv2%2Ftags&post=1070"}],"curies":[{"name":"wp","href":"https:\/\/api.w.org\/{rel}","templated":true}]}}