{"id":109,"date":"2011-05-08T12:30:00","date_gmt":"2011-05-08T12:30:00","guid":{"rendered":"http:\/\/new.isidrodearceneguiycarmona.es"},"modified":"2011-05-08T12:30:00","modified_gmt":"2011-05-08T12:30:00","slug":"109-2","status":"publish","type":"post","link":"https:\/\/biblioteca.isidrodearceneguiycarmona.es\/?p=109","title":{"rendered":""},"content":{"rendered":"<p><span style=\"color: #351c75;\">BLOG ESCOLAR<\/span> <span style=\"color: #4c1130;\">&#8220;SO\u00d1ANDO CUENTOS&#8221;<\/span><span style=\"color: #20124d;\">: FINALISTA V PREMIO ESPIRAL EDUBLOGS 2011<\/span><br \/><span style=\"color: #20124d;\">Dejemos que ellos mismos se presenten:<\/span><\/p>\n<div style=\"color: #351c75; font-family: Arial,Helvetica,sans-serif; text-align: justify;\"><span style=\"font-size: x-small;\"><b>&#8220;Este blog nace de la mano de tres  maestros de Educaci\u00f3n Infantil, que coinciden en su pasi\u00f3n por la  literatura para ni\u00f1os: LUIS (Motril, Granada), JOS\u00c9 CARLOS (Brenes,  Sevilla) y M\u00aa JOS\u00c9 (Torreblanca, Sevilla). Con \u00e9l pretendemos acercar a otros maestros y maestras aquellos  libros que d\u00eda a d\u00eda utilizamos en nuestras aulas y que consideramos  tienen alg\u00fan tipo de valor, sobre todo did\u00e1ctico.<\/b> <br \/><b>Pero no hablamos tan solo de  cuentos para ni\u00f1os y ni\u00f1as, sino de aquellos libros que tambi\u00e9n a los  adultos nos hagan pensar, reflexionar, imaginar y, sobre todo&#8230; so\u00f1ar,  como a ellos.&#8221;<\/b><\/span><\/div>\n<div style=\"color: #351c75;\"><b style=\"font-family: Times,&quot;Times New Roman&quot;,serif;\">&nbsp;<\/b> <\/div>\n<div style=\"clear: both; text-align: center;\"><a href=\"http:\/\/3.bp.blogspot.com\/-TW-gYEsXpn0\/TcaLjXExqYI\/AAAAAAAAAW0\/ydSlTc_QrhI\/s1600\/ss-1.png\" style=\"margin-left: 1em; margin-right: 1em;\" target=\"_blank\"><img loading=\"lazy\" decoding=\"async\" border=\"0\" height=\"180\" src=\"http:\/\/3.bp.blogspot.com\/-TW-gYEsXpn0\/TcaLjXExqYI\/AAAAAAAAAW0\/ydSlTc_QrhI\/s320\/ss-1.png\" width=\"320\" \/><\/a><\/div>\n<p>&nbsp;&nbsp;&nbsp;&nbsp;&nbsp;&nbsp;&nbsp;&nbsp;&nbsp;&nbsp;&nbsp;&nbsp;&nbsp;&nbsp;&nbsp;&nbsp;&nbsp;&nbsp;&nbsp;&nbsp;&nbsp;&nbsp;&nbsp;&nbsp;&nbsp;&nbsp; <span style=\"color: #20124d;\">ENHORABUENA<\/span><\/p>\n","protected":false},"excerpt":{"rendered":"<p>BLOG ESCOLAR &#8220;SO\u00d1ANDO CUENTOS&#8221;: FINALISTA V PREMIO ESPIRAL EDUBLOGS 2011Dejemos que ellos mismos se presenten: &#8220;Este blog nace de la &hellip; <\/p>\n","protected":false},"author":3,"featured_media":0,"comment_status":"open","ping_status":"open","sticky":false,"template":"","format":"standard","meta":{"footnotes":""},"categories":[10],"tags":[],"class_list":["post-109","post","type-post","status-publish","format-standard","hentry","category-recomendamos"],"_links":{"self":[{"href":"https:\/\/biblioteca.isidrodearceneguiycarmona.es\/index.php?rest_route=\/wp\/v2\/posts\/109","targetHints":{"allow":["GET"]}}],"collection":[{"href":"https:\/\/biblioteca.isidrodearceneguiycarmona.es\/index.php?rest_route=\/wp\/v2\/posts"}],"about":[{"href":"https:\/\/biblioteca.isidrodearceneguiycarmona.es\/index.php?rest_route=\/wp\/v2\/types\/post"}],"author":[{"embeddable":true,"href":"https:\/\/biblioteca.isidrodearceneguiycarmona.es\/index.php?rest_route=\/wp\/v2\/users\/3"}],"replies":[{"embeddable":true,"href":"https:\/\/biblioteca.isidrodearceneguiycarmona.es\/index.php?rest_route=%2Fwp%2Fv2%2Fcomments&post=109"}],"version-history":[{"count":0,"href":"https:\/\/biblioteca.isidrodearceneguiycarmona.es\/index.php?rest_route=\/wp\/v2\/posts\/109\/revisions"}],"wp:attachment":[{"href":"https:\/\/biblioteca.isidrodearceneguiycarmona.es\/index.php?rest_route=%2Fwp%2Fv2%2Fmedia&parent=109"}],"wp:term":[{"taxonomy":"category","embeddable":true,"href":"https:\/\/biblioteca.isidrodearceneguiycarmona.es\/index.php?rest_route=%2Fwp%2Fv2%2Fcategories&post=109"},{"taxonomy":"post_tag","embeddable":true,"href":"https:\/\/biblioteca.isidrodearceneguiycarmona.es\/index.php?rest_route=%2Fwp%2Fv2%2Ftags&post=109"}],"curies":[{"name":"wp","href":"https:\/\/api.w.org\/{rel}","templated":true}]}}