{"id":113,"date":"2011-04-09T11:01:00","date_gmt":"2011-04-09T11:01:00","guid":{"rendered":"http:\/\/new.isidrodearceneguiycarmona.es"},"modified":"2011-04-09T11:01:00","modified_gmt":"2011-04-09T11:01:00","slug":"113-2","status":"publish","type":"post","link":"https:\/\/biblioteca.isidrodearceneguiycarmona.es\/?p=113","title":{"rendered":""},"content":{"rendered":"<p><span style=\"font-family: &quot;Trebuchet MS&quot;,sans-serif;\"><span style=\"background-color: #4c1130; color: #cfe2f3; font-size: large;\"><b>ENTREGA DE PREMIOS CERTAMEN LITERARIO VILLA DE MARCHENA 2011<\/b><\/span><\/span><\/p>\n<div style=\"clear: both; text-align: center;\"><a href=\"http:\/\/3.bp.blogspot.com\/-IdV10lBnIHs\/TaA52YVAshI\/AAAAAAAAAWA\/sE1FmmkFzM4\/s1600\/Cdrtamne.JPG\" style=\"clear: right; float: right; margin-bottom: 1em; margin-left: 1em;\" target=\"_blank\"><img loading=\"lazy\" decoding=\"async\" border=\"0\" height=\"111\" src=\"http:\/\/3.bp.blogspot.com\/-IdV10lBnIHs\/TaA52YVAshI\/AAAAAAAAAWA\/sE1FmmkFzM4\/s200\/Cdrtamne.JPG\" width=\"200\" \/><\/a><\/div>\n<div style=\"color: #20124d; font-family: &quot;Helvetica Neue&quot;,Arial,Helvetica,sans-serif; text-align: justify;\"><span style=\"font-size: small;\">La entrega de premios del Certamen literario Villa de Marchena, Memorial Rosario Mart\u00edn se celebr\u00f3 el viernes 8 de Abril. Tres alumn@s de nuestro centro fueron premiados en diferentes categor\u00edas.&nbsp;<\/span><\/div>\n<div style=\"color: #20124d; font-family: &quot;Helvetica Neue&quot;,Arial,Helvetica,sans-serif; text-align: justify;\"><span style=\"font-size: small;\"><\/span><\/div>\n<div style=\"color: #20124d; font-family: &quot;Helvetica Neue&quot;,Arial,Helvetica,sans-serif; text-align: justify;\"><span style=\"font-size: small;\"><\/span><\/div>\n<div style=\"color: #20124d; font-family: &quot;Helvetica Neue&quot;,Arial,Helvetica,sans-serif; text-align: justify;\"><span style=\"font-size: small;\"><\/span><\/div>\n<div style=\"color: #20124d; font-family: &quot;Helvetica Neue&quot;,Arial,Helvetica,sans-serif; text-align: justify;\"><span style=\"font-size: small;\"><\/span><\/div>\n<div style=\"color: #20124d; font-family: &quot;Helvetica Neue&quot;,Arial,Helvetica,sans-serif; text-align: justify;\"><span style=\"font-size: small;\"><\/span><\/div>\n<div style=\"color: #20124d; font-family: &quot;Helvetica Neue&quot;,Arial,Helvetica,sans-serif; text-align: justify;\"><span style=\"font-size: small;\"><\/span><\/div>\n<div style=\"color: #20124d; font-family: &quot;Helvetica Neue&quot;,Arial,Helvetica,sans-serif; text-align: justify;\"><span style=\"font-size: small;\"><\/span><\/div>\n<div style=\"color: #20124d; font-family: &quot;Helvetica Neue&quot;,Arial,Helvetica,sans-serif; text-align: justify;\"><span style=\"font-size: small;\"><\/span><\/div>\n<div style=\"color: #20124d; font-family: &quot;Helvetica Neue&quot;,Arial,Helvetica,sans-serif; text-align: justify;\"><span style=\"font-size: small;\">En la Categor\u00eda de menores de 15 a\u00f1os el Primer premio correspondi\u00f3 a Julio Berdugo Rodr\u00edguez, alumno de 2\u00ba de la ESO por su relato titulado \u201cUn mundo paralelo\u201d.&nbsp;<\/span><\/div>\n<div style=\"color: #20124d; font-family: &quot;Helvetica Neue&quot;,Arial,Helvetica,sans-serif; text-align: justify;\"><span style=\"font-size: small;\"><\/span><\/div>\n<div style=\"color: #20124d; font-family: &quot;Helvetica Neue&quot;,Arial,Helvetica,sans-serif; text-align: justify;\"><span style=\"font-size: small;\"><\/span><\/div>\n<div style=\"color: #20124d; font-family: &quot;Helvetica Neue&quot;,Arial,Helvetica,sans-serif; text-align: justify;\"><span style=\"font-size: small;\"><\/span><\/div>\n<div style=\"color: #20124d; font-family: &quot;Helvetica Neue&quot;,Arial,Helvetica,sans-serif; text-align: justify;\"><span style=\"font-size: small;\"><\/span><\/div>\n<div style=\"color: #20124d; font-family: &quot;Helvetica Neue&quot;,Arial,Helvetica,sans-serif; text-align: justify;\"><span style=\"font-size: small;\"><\/span><\/div>\n<table cellpadding=\"0\" cellspacing=\"0\" style=\"float: left; margin-right: 1em; text-align: left;\">\n<tbody>\n<tr>\n<td style=\"text-align: center;\"><a href=\"http:\/\/3.bp.blogspot.com\/-0QrjesqnPBk\/TaA6WTx_yLI\/AAAAAAAAAWE\/b7VDs8JSDR4\/s1600\/JUlio.JPG\" style=\"clear: left; margin-bottom: 1em; margin-left: auto; margin-right: auto;\" target=\"_blank\"><img loading=\"lazy\" decoding=\"async\" border=\"0\" height=\"111\" src=\"http:\/\/3.bp.blogspot.com\/-0QrjesqnPBk\/TaA6WTx_yLI\/AAAAAAAAAWE\/b7VDs8JSDR4\/s200\/JUlio.JPG\" width=\"200\" \/><\/a><\/td>\n<\/tr>\n<tr>\n<td style=\"text-align: center;\">Julio Berdugo<\/td>\n<\/tr>\n<\/tbody>\n<\/table>\n<table cellpadding=\"0\" cellspacing=\"0\" style=\"float: right; margin-left: 1em; text-align: right;\">\n<tbody>\n<tr>\n<td style=\"text-align: center;\"><a href=\"http:\/\/1.bp.blogspot.com\/-k6CbsmZcZGs\/TaA6tmHk9kI\/AAAAAAAAAWI\/25yPk1mJMM8\/s1600\/Andrea+Flor%25C3%25ADn.JPG\" style=\"clear: right; margin-bottom: 1em; margin-left: auto; margin-right: auto;\" target=\"_blank\"><img loading=\"lazy\" decoding=\"async\" border=\"0\" height=\"111\" src=\"http:\/\/1.bp.blogspot.com\/-k6CbsmZcZGs\/TaA6tmHk9kI\/AAAAAAAAAWI\/25yPk1mJMM8\/s200\/Andrea+Flor%25C3%25ADn.JPG\" width=\"200\" \/><\/a><\/td>\n<\/tr>\n<tr>\n<td style=\"text-align: center;\">Andrea Flor\u00edn<\/td>\n<\/tr>\n<\/tbody>\n<\/table>\n<div style=\"color: #20124d; font-family: &quot;Helvetica Neue&quot;,Arial,Helvetica,sans-serif; text-align: justify;\">\n<p><span style=\"font-size: small;\">En la Categor\u00eda de Poes\u00eda entre 15 y 17 a\u00f1os el Segundo premio correspondi\u00f3 a Andrea Flor\u00edn Rodr\u00edguez,de 2\u00ba de Bachillerato por su trabajo titulado \u201cTres l\u00e1grimas\u201d.&nbsp;<\/span><\/div>\n<div style=\"color: #20124d; font-family: &quot;Helvetica Neue&quot;,Arial,Helvetica,sans-serif; text-align: justify;\"><span style=\"font-size: small;\">Por \u00faltimo, y en la Categor\u00eda de Poes\u00eda para mayores de 18 a\u00f1os el Primer premio correspondi\u00f3 a Dafne Benjumea Rodr\u00edguez, tambi\u00e9n de 2\u00ba de Bachillerato, por su trabajo titulado \u201cS\u00edntomas de amor de poeta\u201d.&nbsp;<\/span><\/div>\n<table align=\"center\" cellpadding=\"0\" cellspacing=\"0\" style=\"margin-left: auto; margin-right: auto; text-align: center;\">\n<tbody>\n<tr>\n<td style=\"text-align: center;\"><a href=\"http:\/\/4.bp.blogspot.com\/-mBNI1ze0LuA\/TaA65A7EJ8I\/AAAAAAAAAWM\/sPVViE0_WKI\/s1600\/Dafne+Benjumea.JPG\" style=\"margin-left: auto; margin-right: auto;\" target=\"_blank\"><img loading=\"lazy\" decoding=\"async\" border=\"0\" height=\"111\" src=\"http:\/\/4.bp.blogspot.com\/-mBNI1ze0LuA\/TaA65A7EJ8I\/AAAAAAAAAWM\/sPVViE0_WKI\/s200\/Dafne+Benjumea.JPG\" width=\"200\" \/><\/a><\/td>\n<\/tr>\n<tr>\n<td style=\"text-align: center;\">Dafne Benjumea<\/td>\n<\/tr>\n<\/tbody>\n<\/table>\n<p><span style=\"color: #20124d; font-size: small;\"><span style=\"font-family: &quot;Helvetica Neue&quot;,Arial,Helvetica,sans-serif;\">&nbsp;&nbsp;&nbsp;&nbsp;&nbsp;&nbsp;&nbsp;&nbsp;&nbsp;&nbsp;&nbsp;&nbsp;&nbsp;&nbsp;&nbsp;&nbsp;&nbsp;&nbsp;&nbsp;&nbsp;&nbsp;&nbsp;&nbsp;&nbsp;&nbsp;&nbsp;&nbsp;&nbsp;&nbsp;&nbsp;&nbsp;&nbsp;&nbsp;&nbsp;&nbsp;&nbsp;&nbsp;&nbsp;&nbsp; &nbsp; &nbsp; &nbsp; &nbsp;&nbsp; <span style=\"font-size: large;\">\u00a1Enhorabuena!<\/span><\/span><\/span><\/p>\n","protected":false},"excerpt":{"rendered":"<p>ENTREGA DE PREMIOS CERTAMEN LITERARIO VILLA DE MARCHENA 2011 La entrega de premios del Certamen literario Villa de Marchena, Memorial &hellip; <\/p>\n","protected":false},"author":3,"featured_media":0,"comment_status":"open","ping_status":"open","sticky":false,"template":"","format":"standard","meta":{"footnotes":""},"categories":[7],"tags":[],"class_list":["post-113","post","type-post","status-publish","format-standard","hentry","category-celebraciones"],"_links":{"self":[{"href":"https:\/\/biblioteca.isidrodearceneguiycarmona.es\/index.php?rest_route=\/wp\/v2\/posts\/113","targetHints":{"allow":["GET"]}}],"collection":[{"href":"https:\/\/biblioteca.isidrodearceneguiycarmona.es\/index.php?rest_route=\/wp\/v2\/posts"}],"about":[{"href":"https:\/\/biblioteca.isidrodearceneguiycarmona.es\/index.php?rest_route=\/wp\/v2\/types\/post"}],"author":[{"embeddable":true,"href":"https:\/\/biblioteca.isidrodearceneguiycarmona.es\/index.php?rest_route=\/wp\/v2\/users\/3"}],"replies":[{"embeddable":true,"href":"https:\/\/biblioteca.isidrodearceneguiycarmona.es\/index.php?rest_route=%2Fwp%2Fv2%2Fcomments&post=113"}],"version-history":[{"count":0,"href":"https:\/\/biblioteca.isidrodearceneguiycarmona.es\/index.php?rest_route=\/wp\/v2\/posts\/113\/revisions"}],"wp:attachment":[{"href":"https:\/\/biblioteca.isidrodearceneguiycarmona.es\/index.php?rest_route=%2Fwp%2Fv2%2Fmedia&parent=113"}],"wp:term":[{"taxonomy":"category","embeddable":true,"href":"https:\/\/biblioteca.isidrodearceneguiycarmona.es\/index.php?rest_route=%2Fwp%2Fv2%2Fcategories&post=113"},{"taxonomy":"post_tag","embeddable":true,"href":"https:\/\/biblioteca.isidrodearceneguiycarmona.es\/index.php?rest_route=%2Fwp%2Fv2%2Ftags&post=113"}],"curies":[{"name":"wp","href":"https:\/\/api.w.org\/{rel}","templated":true}]}}