{"id":116,"date":"2011-03-15T22:22:00","date_gmt":"2011-03-15T22:22:00","guid":{"rendered":"http:\/\/new.isidrodearceneguiycarmona.es"},"modified":"2011-03-15T22:22:00","modified_gmt":"2011-03-15T22:22:00","slug":"116-2","status":"publish","type":"post","link":"https:\/\/biblioteca.isidrodearceneguiycarmona.es\/?p=116","title":{"rendered":""},"content":{"rendered":"<div style=\"color: #4c1130;\">VISITA A NUESTRA BIBLIOTECA MUNICIPAL<\/div>\n<div style=\"color: #45818e; text-align: justify;\">Este Martes 15 de Marzo los grupos A y B de 1\u00ba de la ESO de nuestro IES Isidro Arcenegui y Carmona han visitado la biblioteca municipal de nuestra localidad, Marchena, continuando con la formaci\u00f3n de usuarios, que ya realizamos en nuestra propia biblioteca. Ram\u00f3n Ramos, el bibliotecario, nos atendi\u00f3 gustosamente, invit\u00e1ndonos a entrar en la sala de lectura para ni\u00f1os y adolescentes, donde nos explic\u00f3 el sistema de ordenaci\u00f3n de los libros (CDU y colores), el horario y los servicios que oferta la biblioteca municipal. Despu\u00e9s de que los alumnos y alumnas se desplazaran libremente por la sala, entrando en contacto visual con los libros de la misma, nos obsequi\u00f3 a todos con un libro del autor Luis Rosales, de modo que nos fuimos muy contentos, con la sensaci\u00f3n de que la visita hab\u00eda sido bastante fugaz. El pr\u00f3ximo viernes le tocar\u00e1 el turno a 1\u00ba C.<\/div>\n<p><\/p>\n<div style=\"clear: both; text-align: center;\"><a href=\"https:\/\/lh3.googleusercontent.com\/-i5i3KlqYHyI\/TX_lMa8Sx9I\/AAAAAAAAAU8\/OmEjkOJiNoM\/s1600\/CIMG5035.JPG\" linkindex=\"114\" style=\"margin-left: 1em; margin-right: 1em;\" target=\"_blank\"><img loading=\"lazy\" decoding=\"async\" border=\"0\" height=\"179\" src=\"https:\/\/lh3.googleusercontent.com\/-i5i3KlqYHyI\/TX_lMa8Sx9I\/AAAAAAAAAU8\/OmEjkOJiNoM\/s320\/CIMG5035.JPG\" width=\"320\" \/><\/a><\/div>\n<div style=\"clear: both; text-align: center;\"><a href=\"https:\/\/lh3.googleusercontent.com\/-H72RKedsTd0\/TX_lgYyOjXI\/AAAAAAAAAVE\/BSDpuHb_nDA\/s1600\/CIMG5037.JPG\" linkindex=\"115\" style=\"margin-left: 1em; margin-right: 1em;\" target=\"_blank\"><img loading=\"lazy\" decoding=\"async\" border=\"0\" height=\"179\" src=\"https:\/\/lh3.googleusercontent.com\/-H72RKedsTd0\/TX_lgYyOjXI\/AAAAAAAAAVE\/BSDpuHb_nDA\/s320\/CIMG5037.JPG\" width=\"320\" \/><\/a><\/div>\n<div style=\"clear: both; text-align: center;\"><a href=\"https:\/\/lh5.googleusercontent.com\/-wDpfuuIfzF0\/TX_lonO_fII\/AAAAAAAAAVI\/2rFcOvatnBA\/s1600\/CIMG5038.JPG\" linkindex=\"116\" style=\"margin-left: 1em; margin-right: 1em;\" target=\"_blank\"><img loading=\"lazy\" decoding=\"async\" border=\"0\" height=\"179\" src=\"https:\/\/lh5.googleusercontent.com\/-wDpfuuIfzF0\/TX_lonO_fII\/AAAAAAAAAVI\/2rFcOvatnBA\/s320\/CIMG5038.JPG\" width=\"320\" \/><\/a><\/div>\n<div style=\"clear: both; text-align: center;\"><a href=\"https:\/\/lh4.googleusercontent.com\/-y4FgjlWAoT4\/TX_lENuossI\/AAAAAAAAAU4\/drWXm05u_04\/s1600\/CIMG5039.JPG\" linkindex=\"117\" style=\"margin-left: 1em; margin-right: 1em;\" target=\"_blank\"><img loading=\"lazy\" decoding=\"async\" border=\"0\" height=\"179\" src=\"https:\/\/lh4.googleusercontent.com\/-y4FgjlWAoT4\/TX_lENuossI\/AAAAAAAAAU4\/drWXm05u_04\/s320\/CIMG5039.JPG\" width=\"320\" \/><\/a><\/div>\n","protected":false},"excerpt":{"rendered":"<p>VISITA A NUESTRA BIBLIOTECA MUNICIPAL Este Martes 15 de Marzo los grupos A y B de 1\u00ba de la ESO &hellip; <\/p>\n","protected":false},"author":3,"featured_media":0,"comment_status":"open","ping_status":"open","sticky":false,"template":"","format":"standard","meta":{"footnotes":""},"categories":[9],"tags":[],"class_list":["post-116","post","type-post","status-publish","format-standard","hentry","category-eventos"],"_links":{"self":[{"href":"https:\/\/biblioteca.isidrodearceneguiycarmona.es\/index.php?rest_route=\/wp\/v2\/posts\/116","targetHints":{"allow":["GET"]}}],"collection":[{"href":"https:\/\/biblioteca.isidrodearceneguiycarmona.es\/index.php?rest_route=\/wp\/v2\/posts"}],"about":[{"href":"https:\/\/biblioteca.isidrodearceneguiycarmona.es\/index.php?rest_route=\/wp\/v2\/types\/post"}],"author":[{"embeddable":true,"href":"https:\/\/biblioteca.isidrodearceneguiycarmona.es\/index.php?rest_route=\/wp\/v2\/users\/3"}],"replies":[{"embeddable":true,"href":"https:\/\/biblioteca.isidrodearceneguiycarmona.es\/index.php?rest_route=%2Fwp%2Fv2%2Fcomments&post=116"}],"version-history":[{"count":0,"href":"https:\/\/biblioteca.isidrodearceneguiycarmona.es\/index.php?rest_route=\/wp\/v2\/posts\/116\/revisions"}],"wp:attachment":[{"href":"https:\/\/biblioteca.isidrodearceneguiycarmona.es\/index.php?rest_route=%2Fwp%2Fv2%2Fmedia&parent=116"}],"wp:term":[{"taxonomy":"category","embeddable":true,"href":"https:\/\/biblioteca.isidrodearceneguiycarmona.es\/index.php?rest_route=%2Fwp%2Fv2%2Fcategories&post=116"},{"taxonomy":"post_tag","embeddable":true,"href":"https:\/\/biblioteca.isidrodearceneguiycarmona.es\/index.php?rest_route=%2Fwp%2Fv2%2Ftags&post=116"}],"curies":[{"name":"wp","href":"https:\/\/api.w.org\/{rel}","templated":true}]}}