{"id":119,"date":"2011-02-03T13:11:00","date_gmt":"2011-02-03T13:11:00","guid":{"rendered":"http:\/\/new.isidrodearceneguiycarmona.es"},"modified":"2011-02-03T13:11:00","modified_gmt":"2011-02-03T13:11:00","slug":"119-2","status":"publish","type":"post","link":"https:\/\/biblioteca.isidrodearceneguiycarmona.es\/?p=119","title":{"rendered":""},"content":{"rendered":"<p><span style=\"font-size: x-large;\">CELEBRACI\u00d3N D\u00cdA DE LA PAZ<\/span><\/p>\n<div style=\"background-color: #f3f3f3; color: #20124d; line-height: normal; margin-right: -13.5pt; text-align: justify;\"><span style=\"font-family: Georgia; font-size: 12pt;\">El d\u00eda Mundial de la Paz&nbsp; se celebra el d\u00eda 30 de enero de cada a\u00f1o coincidiendo con el aniversario del asesinato de Mahatma Gandhi, el gran ap\u00f3stol de la no-violencia en el mundo actual.&nbsp;<\/span><br \/><span style=\"font-family: Georgia; font-size: 12pt;\">Sin embargo, por cuestiones t\u00e9cnicas, lo hemos aplazado hasta el pr\u00f3ximo lunes d\u00eda 7 de Febrero.<\/span><\/div>\n<div style=\"background-color: #f3f3f3; color: #20124d; line-height: normal; margin-right: -42.8pt; text-align: justify;\"><span lang=\"ES-TRAD\" style=\"font-family: Georgia; font-size: 12pt;\">El mensaje b\u00e1sico de este d\u00eda es:<\/span><\/p>\n<p><span lang=\"ES-TRAD\" style=\"font-family: Georgia; font-size: 12pt;\">\u2019Amor universal, No-violencia y Paz.&nbsp;<\/span><br \/><span lang=\"ES-TRAD\" style=\"font-family: Georgia; font-size: 12pt;\">El Amor universal es mejor que el ego\u00edsmo,&nbsp;<\/span><br \/><span lang=\"ES-TRAD\" style=\"font-family: Georgia; font-size: 12pt;\">la No-violencia es mejor que la violencia y<\/span><br \/><span lang=\"ES-TRAD\" style=\"font-family: Georgia; font-size: 12pt;\">la Paz es mejor que la guerra\u2019.<\/span><\/p>\n<p><span style=\"color: #9fc5e8; font-family: Georgia,&quot;Times New Roman&quot;,serif; font-size: small;\"><span style=\"background-color: #674ea7;\">La Biblioteca tambi\u00e9n quiere contribuir ofertando recursos al profesorado<\/span><\/span><br \/><span style=\"font-family: Georgia,&quot;Times New Roman&quot;,serif;\">En concreto<\/span>, <span lang=\"ES-TRAD\" style=\"font-family: Georgia; font-size: 12pt;\">ofrecemos un <b>CINE FORUM <\/b>con las siguientes pel\u00edculas: <\/span><\/div>\n<ol style=\"background-color: cyan;\">\n<li><b><span lang=\"ES-TRAD\" style=\"font-family: Georgia; font-size: 16pt;\">&#8220;La vida es bella&#8221; o \u201cEl diario de Ana Frank\u201d<\/span><\/b><span lang=\"ES-TRAD\" style=\"font-family: Georgia; font-size: 16pt;\">(<\/span><span lang=\"ES-TRAD\" style=\"font-family: Georgia; font-size: 12pt;\">para el primer ciclo de la ESO)<\/span><\/li>\n<li><span lang=\"ES-TRAD\" style=\"font-family: Georgia; font-size: 12pt;\">&nbsp;<\/span><b><span lang=\"ES-TRAD\" style=\"font-family: Georgia; font-size: 16pt;\">\u201cGandhi\u201d ,\u201cEl gran dictador\u201d, \u201cLa lengua de las mariposas<\/span><\/b><b><span lang=\"ES-TRAD\" style=\"font-family: Georgia; font-size: 12pt;\">\u201d (<\/span><\/b><span lang=\"ES-TRAD\" style=\"font-family: Georgia; font-size: 12pt;\">para el segundo ciclo de la ESO)<\/span><b><span lang=\"ES-TRAD\" style=\"font-family: Georgia; font-size: 16pt;\">&nbsp;<\/span><\/b><\/li>\n<li><b><span lang=\"ES-TRAD\" style=\"font-family: Georgia; font-size: 16pt;\">\u201cLa delgada l\u00ednea roja\u201d<\/span><\/b><span lang=\"ES-TRAD\" style=\"font-family: Georgia; font-size: 16pt;\">o \u201c<b>Cadena perpetua<\/b><\/span><span lang=\"ES-TRAD\" style=\"font-family: Georgia; font-size: 12pt;\">\u201d(para Bachillerato)<\/span><\/li>\n<\/ol>\n<p><span lang=\"ES-TRAD\" style=\"font-family: Georgia; font-size: 12pt; line-height: 115%;\">Se puede consultar tambi\u00e9n la p\u00e1gina web : &nbsp;<\/span><br \/><span lang=\"ES-TRAD\" style=\"font-family: Georgia; font-size: 12pt; line-height: 115%;\"><a href=\"http:\/\/www.edualter.org\/material\/pau\/paz.htm\" linkindex=\"17\" target=\"_blank\">http:\/\/www.edualter.org\/material\/pau\/paz.htm<\/a><\/span><\/p>\n<div style=\"line-height: normal;\"><span lang=\"ES-TRAD\" style=\"font-family: Georgia; font-size: 12pt;\">para encontrar m\u00e1s pel\u00edculas relacionadas con el tema de la paz,&nbsp;<\/span><br \/><span lang=\"ES-TRAD\" style=\"font-family: Georgia; font-size: 12pt;\">con propuestas did\u00e1cticas sobre las mismas.<\/span><\/div>\n","protected":false},"excerpt":{"rendered":"<p>CELEBRACI\u00d3N D\u00cdA DE LA PAZ El d\u00eda Mundial de la Paz&nbsp; se celebra el d\u00eda 30 de enero de cada &hellip; <\/p>\n","protected":false},"author":3,"featured_media":0,"comment_status":"open","ping_status":"open","sticky":false,"template":"","format":"standard","meta":{"footnotes":""},"categories":[7],"tags":[],"class_list":["post-119","post","type-post","status-publish","format-standard","hentry","category-celebraciones"],"_links":{"self":[{"href":"https:\/\/biblioteca.isidrodearceneguiycarmona.es\/index.php?rest_route=\/wp\/v2\/posts\/119","targetHints":{"allow":["GET"]}}],"collection":[{"href":"https:\/\/biblioteca.isidrodearceneguiycarmona.es\/index.php?rest_route=\/wp\/v2\/posts"}],"about":[{"href":"https:\/\/biblioteca.isidrodearceneguiycarmona.es\/index.php?rest_route=\/wp\/v2\/types\/post"}],"author":[{"embeddable":true,"href":"https:\/\/biblioteca.isidrodearceneguiycarmona.es\/index.php?rest_route=\/wp\/v2\/users\/3"}],"replies":[{"embeddable":true,"href":"https:\/\/biblioteca.isidrodearceneguiycarmona.es\/index.php?rest_route=%2Fwp%2Fv2%2Fcomments&post=119"}],"version-history":[{"count":0,"href":"https:\/\/biblioteca.isidrodearceneguiycarmona.es\/index.php?rest_route=\/wp\/v2\/posts\/119\/revisions"}],"wp:attachment":[{"href":"https:\/\/biblioteca.isidrodearceneguiycarmona.es\/index.php?rest_route=%2Fwp%2Fv2%2Fmedia&parent=119"}],"wp:term":[{"taxonomy":"category","embeddable":true,"href":"https:\/\/biblioteca.isidrodearceneguiycarmona.es\/index.php?rest_route=%2Fwp%2Fv2%2Fcategories&post=119"},{"taxonomy":"post_tag","embeddable":true,"href":"https:\/\/biblioteca.isidrodearceneguiycarmona.es\/index.php?rest_route=%2Fwp%2Fv2%2Ftags&post=119"}],"curies":[{"name":"wp","href":"https:\/\/api.w.org\/{rel}","templated":true}]}}