{"id":121,"date":"2011-02-03T11:33:00","date_gmt":"2011-02-03T11:33:00","guid":{"rendered":"http:\/\/new.isidrodearceneguiycarmona.es"},"modified":"2011-02-03T11:33:00","modified_gmt":"2011-02-03T11:33:00","slug":"121-2","status":"publish","type":"post","link":"https:\/\/biblioteca.isidrodearceneguiycarmona.es\/?p=121","title":{"rendered":""},"content":{"rendered":"<div style=\"color: blue;\">XI CERTAMEN LITERARIO &#8220;VILLA DE MARCHENA&#8221;<\/div>\n<div style=\"background-color: lime; text-align: justify;\"><span style=\"background-color: #eeeeee;\"><\/span>El I.E.S. Isidro de Arcenegui y Carmona de nuestra localidad ha convocado la XI Edici\u00f3n del Certamen Literario Villa de Marchena, Memorial Rosario Mart\u00edn, que honra la memoria de la tristemente desaparecida profesora de Lengua Espa\u00f1ola y Literatura, y que se ha convertido en todo un referente en la comarca e incluso en la provincia de Sevilla, tanto por la calidad de las obras presentadas como por la extraordinaria organizaci\u00f3n por parte del profesorado del citado Centro. En esta ocasi\u00f3n el cartel es una obra original y exclusiva de Ricardo G\u00f3mez Arcos.<\/div>\n<div style=\"background-color: lime; text-align: justify;\">El Certamen literario supone toda una se\u00f1a de identidad de la comunidad educativa del I.E.S. Isidro de Arcenegui y Carmona , cuyo Claustro, y principalmente el Departamento de Lengua Espa\u00f1ola y Literatura, dedica todo su esmero cari\u00f1o y esfuerzo para mantener viva la llama de este Concurso.<\/div>\n<div style=\"background-color: lime; text-align: justify;\">Las Bases del Certamen distinguen dos apartados: uno destinado a alumnos de ESO menores de 15 a\u00f1os, quienes podr\u00e1n presentar trabajos de relato corto y poes\u00eda; &nbsp;y otro destinado a participantes mayores de 14 a\u00f1os, que incluye adem\u00e1s la posibilidad de presentar ensayo o trabajo de investigaci\u00f3n.<\/div>\n<div style=\"background-color: lime; text-align: justify;\">El plazo de presentaci\u00f3n de los trabajos finalizar\u00e1 el pr\u00f3ximo d\u00eda 2 de marzo de 2011, mientras que el fallo del Jurado se publicar\u00e1 el 4 de abril, siendo el acto de entrega de premios el 8 de abril a partir de las 20:30 horas en el propio Instituto marchenero.<\/div>\n<div style=\"clear: both; text-align: center;\"><a href=\"http:\/\/1.bp.blogspot.com\/_YKFw-Wn3qxk\/TUqSTNkKcfI\/AAAAAAAAAUI\/g5qWIlbzz9E\/s1600\/cartel_pequeno.png\" linkindex=\"17\" style=\"margin-left: 1em; margin-right: 1em;\" target=\"_blank\"><img decoding=\"async\" border=\"0\" src=\"http:\/\/1.bp.blogspot.com\/_YKFw-Wn3qxk\/TUqSTNkKcfI\/AAAAAAAAAUI\/g5qWIlbzz9E\/s1600\/cartel_pequeno.png\" \/><\/a><\/div>\n<div style=\"background-color: lime; text-align: justify;\"><\/div>\n","protected":false},"excerpt":{"rendered":"<p>XI CERTAMEN LITERARIO &#8220;VILLA DE MARCHENA&#8221; El I.E.S. Isidro de Arcenegui y Carmona de nuestra localidad ha convocado la XI &hellip; <\/p>\n","protected":false},"author":3,"featured_media":0,"comment_status":"open","ping_status":"open","sticky":false,"template":"","format":"standard","meta":{"footnotes":""},"categories":[6],"tags":[],"class_list":["post-121","post","type-post","status-publish","format-standard","hentry","category-concursos"],"_links":{"self":[{"href":"https:\/\/biblioteca.isidrodearceneguiycarmona.es\/index.php?rest_route=\/wp\/v2\/posts\/121","targetHints":{"allow":["GET"]}}],"collection":[{"href":"https:\/\/biblioteca.isidrodearceneguiycarmona.es\/index.php?rest_route=\/wp\/v2\/posts"}],"about":[{"href":"https:\/\/biblioteca.isidrodearceneguiycarmona.es\/index.php?rest_route=\/wp\/v2\/types\/post"}],"author":[{"embeddable":true,"href":"https:\/\/biblioteca.isidrodearceneguiycarmona.es\/index.php?rest_route=\/wp\/v2\/users\/3"}],"replies":[{"embeddable":true,"href":"https:\/\/biblioteca.isidrodearceneguiycarmona.es\/index.php?rest_route=%2Fwp%2Fv2%2Fcomments&post=121"}],"version-history":[{"count":0,"href":"https:\/\/biblioteca.isidrodearceneguiycarmona.es\/index.php?rest_route=\/wp\/v2\/posts\/121\/revisions"}],"wp:attachment":[{"href":"https:\/\/biblioteca.isidrodearceneguiycarmona.es\/index.php?rest_route=%2Fwp%2Fv2%2Fmedia&parent=121"}],"wp:term":[{"taxonomy":"category","embeddable":true,"href":"https:\/\/biblioteca.isidrodearceneguiycarmona.es\/index.php?rest_route=%2Fwp%2Fv2%2Fcategories&post=121"},{"taxonomy":"post_tag","embeddable":true,"href":"https:\/\/biblioteca.isidrodearceneguiycarmona.es\/index.php?rest_route=%2Fwp%2Fv2%2Ftags&post=121"}],"curies":[{"name":"wp","href":"https:\/\/api.w.org\/{rel}","templated":true}]}}