{"id":1258,"date":"2021-05-20T20:25:05","date_gmt":"2021-05-20T20:25:05","guid":{"rendered":"http:\/\/biblioteca.isidrodearceneguiycarmona.es\/?p=1258"},"modified":"2021-05-20T20:25:05","modified_gmt":"2021-05-20T20:25:05","slug":"nuevos-titulos-de-novela-juvenil-para-la-biblioteca","status":"publish","type":"post","link":"https:\/\/biblioteca.isidrodearceneguiycarmona.es\/?p=1258","title":{"rendered":"NUEVOS T\u00cdTULOS DE NOVELA JUVENIL PARA LA BIBLIOTECA"},"content":{"rendered":"<p>Se informa de la llegada de 15 nuevos t\u00edtulos a la biblioteca para el alumnado, con temas variados que van desde la amistad con un t\u00edtulo llevado al cine como <span style=\"color: #800080;\">EL NI\u00d1O CON EL PILAMA DE RAYAS<\/span>, la adolescencia con t\u00edtulos como <span style=\"color: #3366ff;\">PROHIBIDO TENER CATORCE A\u00d1OS<\/span> o <span style=\"color: #00ff00;\">50 COSAS SOBRE M\u00cd<\/span>, el miedo, con t\u00edtulos como <span style=\"color: #800000;\">LAS FRONTERAS DEL MIEDO<\/span> o <span style=\"color: #808000;\">EL DADO DE FUEGO<\/span>, hasta temas relacionados con valores \u00e9ticos como&nbsp; la anorexia con<span style=\"color: #800000;\"> MIRIAM ES ANOR\u00c9XICA<\/span>, la tecno-dependencia con el t\u00edtulo <span style=\"color: #33cccc;\">WHAPPS (M\u00cdRAME A LOS OJOS)<\/span> y la donaci\u00f3n de \u00f3rganos con el t\u00edtulo <span style=\"color: #ff00ff;\">MALAS HIERBAS<\/span> de SIERRA I FABRA&nbsp; para finalizar con <span style=\"color: #cc99ff;\">EL EFECTO FRANKENSTEIN<\/span> de ELIA BARCEL\u00d3, obra policiaca y de misterio ganadora del premio nacional de Literatura infantil y juvenil del 2020.<\/p>\n<div id='gallery-1' class='gallery galleryid-1258 gallery-columns-3 gallery-size-full'><figure class='gallery-item'>\n\t\t\t<div class='gallery-icon portrait'>\n\t\t\t\t<a href='https:\/\/biblioteca.isidrodearceneguiycarmona.es\/?attachment_id=1274'><img loading=\"lazy\" decoding=\"async\" width=\"179\" height=\"282\" src=\"https:\/\/biblioteca.isidrodearceneguiycarmona.es\/wp-content\/uploads\/2021\/05\/whapps.jpg\" class=\"attachment-full size-full\" alt=\"\" \/><\/a>\n\t\t\t<\/div><\/figure><figure class='gallery-item'>\n\t\t\t<div class='gallery-icon portrait'>\n\t\t\t\t<a href='https:\/\/biblioteca.isidrodearceneguiycarmona.es\/?attachment_id=1273'><img loading=\"lazy\" decoding=\"async\" width=\"178\" height=\"283\" src=\"https:\/\/biblioteca.isidrodearceneguiycarmona.es\/wp-content\/uploads\/2021\/05\/Prohibido-tener.jpg\" class=\"attachment-full size-full\" alt=\"\" \/><\/a>\n\t\t\t<\/div><\/figure><figure class='gallery-item'>\n\t\t\t<div class='gallery-icon portrait'>\n\t\t\t\t<a href='https:\/\/biblioteca.isidrodearceneguiycarmona.es\/?attachment_id=1272'><img loading=\"lazy\" decoding=\"async\" width=\"229\" height=\"361\" src=\"https:\/\/biblioteca.isidrodearceneguiycarmona.es\/wp-content\/uploads\/2021\/05\/Nunca-sere-tu-heroe.jpg\" class=\"attachment-full size-full\" alt=\"\" srcset=\"https:\/\/biblioteca.isidrodearceneguiycarmona.es\/wp-content\/uploads\/2021\/05\/Nunca-sere-tu-heroe.jpg 229w, https:\/\/biblioteca.isidrodearceneguiycarmona.es\/wp-content\/uploads\/2021\/05\/Nunca-sere-tu-heroe-190x300.jpg 190w\" sizes=\"auto, (max-width: 229px) 100vw, 229px\" \/><\/a>\n\t\t\t<\/div><\/figure><figure class='gallery-item'>\n\t\t\t<div class='gallery-icon landscape'>\n\t\t\t\t<a href='https:\/\/biblioteca.isidrodearceneguiycarmona.es\/?attachment_id=1271'><img loading=\"lazy\" decoding=\"async\" width=\"600\" height=\"600\" src=\"https:\/\/biblioteca.isidrodearceneguiycarmona.es\/wp-content\/uploads\/2021\/05\/miriam.jpg\" class=\"attachment-full size-full\" alt=\"\" srcset=\"https:\/\/biblioteca.isidrodearceneguiycarmona.es\/wp-content\/uploads\/2021\/05\/miriam.jpg 600w, https:\/\/biblioteca.isidrodearceneguiycarmona.es\/wp-content\/uploads\/2021\/05\/miriam-300x300.jpg 300w, https:\/\/biblioteca.isidrodearceneguiycarmona.es\/wp-content\/uploads\/2021\/05\/miriam-150x150.jpg 150w\" sizes=\"auto, (max-width: 600px) 100vw, 600px\" \/><\/a>\n\t\t\t<\/div><\/figure><figure class='gallery-item'>\n\t\t\t<div class='gallery-icon portrait'>\n\t\t\t\t<a href='https:\/\/biblioteca.isidrodearceneguiycarmona.es\/?attachment_id=1270'><img loading=\"lazy\" decoding=\"async\" width=\"175\" height=\"289\" src=\"https:\/\/biblioteca.isidrodearceneguiycarmona.es\/wp-content\/uploads\/2021\/05\/memoria-DE-la-chica.jpg\" class=\"attachment-full size-full\" alt=\"\" \/><\/a>\n\t\t\t<\/div><\/figure><figure class='gallery-item'>\n\t\t\t<div class='gallery-icon portrait'>\n\t\t\t\t<a href='https:\/\/biblioteca.isidrodearceneguiycarmona.es\/?attachment_id=1265'><img loading=\"lazy\" decoding=\"async\" width=\"315\" height=\"500\" src=\"https:\/\/biblioteca.isidrodearceneguiycarmona.es\/wp-content\/uploads\/2021\/05\/El-efecto-1.jpg\" class=\"attachment-full size-full\" alt=\"\" srcset=\"https:\/\/biblioteca.isidrodearceneguiycarmona.es\/wp-content\/uploads\/2021\/05\/El-efecto-1.jpg 315w, https:\/\/biblioteca.isidrodearceneguiycarmona.es\/wp-content\/uploads\/2021\/05\/El-efecto-1-189x300.jpg 189w\" sizes=\"auto, (max-width: 315px) 100vw, 315px\" \/><\/a>\n\t\t\t<\/div><\/figure><figure class='gallery-item'>\n\t\t\t<div class='gallery-icon portrait'>\n\t\t\t\t<a href='https:\/\/biblioteca.isidrodearceneguiycarmona.es\/?attachment_id=1266'><img loading=\"lazy\" decoding=\"async\" width=\"178\" height=\"283\" src=\"https:\/\/biblioteca.isidrodearceneguiycarmona.es\/wp-content\/uploads\/2021\/05\/el-nino.jpg\" class=\"attachment-full size-full\" alt=\"\" \/><\/a>\n\t\t\t<\/div><\/figure><figure class='gallery-item'>\n\t\t\t<div class='gallery-icon portrait'>\n\t\t\t\t<a href='https:\/\/biblioteca.isidrodearceneguiycarmona.es\/?attachment_id=1267'><img loading=\"lazy\" decoding=\"async\" width=\"984\" height=\"1389\" src=\"https:\/\/biblioteca.isidrodearceneguiycarmona.es\/wp-content\/uploads\/2021\/05\/Las-aventuras-del-joven-Einstein.jpg\" class=\"attachment-full size-full\" alt=\"\" srcset=\"https:\/\/biblioteca.isidrodearceneguiycarmona.es\/wp-content\/uploads\/2021\/05\/Las-aventuras-del-joven-Einstein.jpg 984w, https:\/\/biblioteca.isidrodearceneguiycarmona.es\/wp-content\/uploads\/2021\/05\/Las-aventuras-del-joven-Einstein-213x300.jpg 213w, https:\/\/biblioteca.isidrodearceneguiycarmona.es\/wp-content\/uploads\/2021\/05\/Las-aventuras-del-joven-Einstein-725x1024.jpg 725w, https:\/\/biblioteca.isidrodearceneguiycarmona.es\/wp-content\/uploads\/2021\/05\/Las-aventuras-del-joven-Einstein-768x1084.jpg 768w\" sizes=\"auto, (max-width: 984px) 100vw, 984px\" \/><\/a>\n\t\t\t<\/div><\/figure><figure class='gallery-item'>\n\t\t\t<div class='gallery-icon portrait'>\n\t\t\t\t<a href='https:\/\/biblioteca.isidrodearceneguiycarmona.es\/?attachment_id=1268'><img loading=\"lazy\" decoding=\"async\" width=\"174\" height=\"290\" src=\"https:\/\/biblioteca.isidrodearceneguiycarmona.es\/wp-content\/uploads\/2021\/05\/Las-fronteras.jpg\" class=\"attachment-full size-full\" alt=\"\" \/><\/a>\n\t\t\t<\/div><\/figure><figure class='gallery-item'>\n\t\t\t<div class='gallery-icon portrait'>\n\t\t\t\t<a href='https:\/\/biblioteca.isidrodearceneguiycarmona.es\/?attachment_id=1269'><img loading=\"lazy\" decoding=\"async\" width=\"600\" height=\"919\" src=\"https:\/\/biblioteca.isidrodearceneguiycarmona.es\/wp-content\/uploads\/2021\/05\/malas-tierras.jpg\" class=\"attachment-full size-full\" alt=\"\" srcset=\"https:\/\/biblioteca.isidrodearceneguiycarmona.es\/wp-content\/uploads\/2021\/05\/malas-tierras.jpg 600w, https:\/\/biblioteca.isidrodearceneguiycarmona.es\/wp-content\/uploads\/2021\/05\/malas-tierras-196x300.jpg 196w\" sizes=\"auto, (max-width: 600px) 100vw, 600px\" \/><\/a>\n\t\t\t<\/div><\/figure><figure class='gallery-item'>\n\t\t\t<div class='gallery-icon portrait'>\n\t\t\t\t<a href='https:\/\/biblioteca.isidrodearceneguiycarmona.es\/?attachment_id=1260'><img loading=\"lazy\" decoding=\"async\" width=\"317\" height=\"500\" src=\"https:\/\/biblioteca.isidrodearceneguiycarmona.es\/wp-content\/uploads\/2021\/05\/50-cosas-sobre.jpg\" class=\"attachment-full size-full\" alt=\"\" srcset=\"https:\/\/biblioteca.isidrodearceneguiycarmona.es\/wp-content\/uploads\/2021\/05\/50-cosas-sobre.jpg 317w, https:\/\/biblioteca.isidrodearceneguiycarmona.es\/wp-content\/uploads\/2021\/05\/50-cosas-sobre-190x300.jpg 190w\" sizes=\"auto, (max-width: 317px) 100vw, 317px\" \/><\/a>\n\t\t\t<\/div><\/figure><figure class='gallery-item'>\n\t\t\t<div class='gallery-icon portrait'>\n\t\t\t\t<a href='https:\/\/biblioteca.isidrodearceneguiycarmona.es\/?attachment_id=1261'><img loading=\"lazy\" decoding=\"async\" width=\"178\" height=\"283\" src=\"https:\/\/biblioteca.isidrodearceneguiycarmona.es\/wp-content\/uploads\/2021\/05\/De-chico-a-chica.jpg\" class=\"attachment-full size-full\" alt=\"\" \/><\/a>\n\t\t\t<\/div><\/figure><figure class='gallery-item'>\n\t\t\t<div class='gallery-icon portrait'>\n\t\t\t\t<a href='https:\/\/biblioteca.isidrodearceneguiycarmona.es\/?attachment_id=1262'><img loading=\"lazy\" decoding=\"async\" width=\"552\" height=\"895\" src=\"https:\/\/biblioteca.isidrodearceneguiycarmona.es\/wp-content\/uploads\/2021\/05\/El-circulo-escarlata.jpg\" class=\"attachment-full size-full\" alt=\"\" srcset=\"https:\/\/biblioteca.isidrodearceneguiycarmona.es\/wp-content\/uploads\/2021\/05\/El-circulo-escarlata.jpg 552w, https:\/\/biblioteca.isidrodearceneguiycarmona.es\/wp-content\/uploads\/2021\/05\/El-circulo-escarlata-185x300.jpg 185w\" sizes=\"auto, (max-width: 552px) 100vw, 552px\" \/><\/a>\n\t\t\t<\/div><\/figure><figure class='gallery-item'>\n\t\t\t<div class='gallery-icon landscape'>\n\t\t\t\t<a href='https:\/\/biblioteca.isidrodearceneguiycarmona.es\/?attachment_id=1263'><img loading=\"lazy\" decoding=\"async\" width=\"600\" height=\"600\" src=\"https:\/\/biblioteca.isidrodearceneguiycarmona.es\/wp-content\/uploads\/2021\/05\/El-club-de-los-in.jpg\" class=\"attachment-full size-full\" alt=\"\" srcset=\"https:\/\/biblioteca.isidrodearceneguiycarmona.es\/wp-content\/uploads\/2021\/05\/El-club-de-los-in.jpg 600w, https:\/\/biblioteca.isidrodearceneguiycarmona.es\/wp-content\/uploads\/2021\/05\/El-club-de-los-in-300x300.jpg 300w, https:\/\/biblioteca.isidrodearceneguiycarmona.es\/wp-content\/uploads\/2021\/05\/El-club-de-los-in-150x150.jpg 150w\" sizes=\"auto, (max-width: 600px) 100vw, 600px\" \/><\/a>\n\t\t\t<\/div><\/figure><figure class='gallery-item'>\n\t\t\t<div class='gallery-icon portrait'>\n\t\t\t\t<a href='https:\/\/biblioteca.isidrodearceneguiycarmona.es\/?attachment_id=1264'><img loading=\"lazy\" decoding=\"async\" width=\"236\" height=\"370\" src=\"https:\/\/biblioteca.isidrodearceneguiycarmona.es\/wp-content\/uploads\/2021\/05\/El-dado.jpg\" class=\"attachment-full size-full\" alt=\"\" srcset=\"https:\/\/biblioteca.isidrodearceneguiycarmona.es\/wp-content\/uploads\/2021\/05\/El-dado.jpg 236w, https:\/\/biblioteca.isidrodearceneguiycarmona.es\/wp-content\/uploads\/2021\/05\/El-dado-191x300.jpg 191w\" sizes=\"auto, (max-width: 236px) 100vw, 236px\" \/><\/a>\n\t\t\t<\/div><\/figure>\n\t\t<\/div>\n\n<p>&nbsp;<\/p>\n","protected":false},"excerpt":{"rendered":"<p>Se informa de la llegada de 15 nuevos t\u00edtulos a la biblioteca para el alumnado, con temas variados que van &hellip; <\/p>\n","protected":false},"author":3,"featured_media":1259,"comment_status":"closed","ping_status":"closed","sticky":false,"template":"","format":"standard","meta":{"footnotes":""},"categories":[5],"tags":[],"class_list":["post-1258","post","type-post","status-publish","format-standard","has-post-thumbnail","hentry","category-coleccion"],"_links":{"self":[{"href":"https:\/\/biblioteca.isidrodearceneguiycarmona.es\/index.php?rest_route=\/wp\/v2\/posts\/1258","targetHints":{"allow":["GET"]}}],"collection":[{"href":"https:\/\/biblioteca.isidrodearceneguiycarmona.es\/index.php?rest_route=\/wp\/v2\/posts"}],"about":[{"href":"https:\/\/biblioteca.isidrodearceneguiycarmona.es\/index.php?rest_route=\/wp\/v2\/types\/post"}],"author":[{"embeddable":true,"href":"https:\/\/biblioteca.isidrodearceneguiycarmona.es\/index.php?rest_route=\/wp\/v2\/users\/3"}],"replies":[{"embeddable":true,"href":"https:\/\/biblioteca.isidrodearceneguiycarmona.es\/index.php?rest_route=%2Fwp%2Fv2%2Fcomments&post=1258"}],"version-history":[{"count":3,"href":"https:\/\/biblioteca.isidrodearceneguiycarmona.es\/index.php?rest_route=\/wp\/v2\/posts\/1258\/revisions"}],"predecessor-version":[{"id":1277,"href":"https:\/\/biblioteca.isidrodearceneguiycarmona.es\/index.php?rest_route=\/wp\/v2\/posts\/1258\/revisions\/1277"}],"wp:featuredmedia":[{"embeddable":true,"href":"https:\/\/biblioteca.isidrodearceneguiycarmona.es\/index.php?rest_route=\/wp\/v2\/media\/1259"}],"wp:attachment":[{"href":"https:\/\/biblioteca.isidrodearceneguiycarmona.es\/index.php?rest_route=%2Fwp%2Fv2%2Fmedia&parent=1258"}],"wp:term":[{"taxonomy":"category","embeddable":true,"href":"https:\/\/biblioteca.isidrodearceneguiycarmona.es\/index.php?rest_route=%2Fwp%2Fv2%2Fcategories&post=1258"},{"taxonomy":"post_tag","embeddable":true,"href":"https:\/\/biblioteca.isidrodearceneguiycarmona.es\/index.php?rest_route=%2Fwp%2Fv2%2Ftags&post=1258"}],"curies":[{"name":"wp","href":"https:\/\/api.w.org\/{rel}","templated":true}]}}