{"id":1280,"date":"2021-05-29T11:06:27","date_gmt":"2021-05-29T11:06:27","guid":{"rendered":"http:\/\/biblioteca.isidrodearceneguiycarmona.es\/?p=1280"},"modified":"2021-05-29T11:08:28","modified_gmt":"2021-05-29T11:08:28","slug":"nuevos-titulos-de-novela-juvenil-para-la-coleccion-de-la-biblioteca","status":"publish","type":"post","link":"https:\/\/biblioteca.isidrodearceneguiycarmona.es\/?p=1280","title":{"rendered":"NUEVOS T\u00cdTULOS DE NOVELA JUVENIL PARA LA COLECCI\u00d3N DE LA BIBLIOTECA"},"content":{"rendered":"<p>Os anunciamos la entrada de t\u00edtulos como <span style=\"color: #0000ff;\">PAPEL MOJADO<\/span>, de Juan Jos\u00e9 Mill\u00e1s, una novela policiaca con un final sorprendente, <span style=\"color: #0000ff;\">EL DIARIO SECRETO DE ADRIAN MOLE<\/span>&nbsp; y su continuaci\u00f3n, <span style=\"color: #0000ff;\">CRECEN LOS PROBLEMAS DE ADRIAN MOLE<\/span>, ambos de la novelista Sue Townsend, novelas juveniles en la que nos sumergimos a trav\u00e9s del diario de su protagonista en los problemas t\u00edpicos de los adolescentes, <span style=\"color: #0000ff;\">ZONAS INTERIORES<\/span>, de Jordi Sierra I Fabra, autor laureado por sus novelas de literatura juvenil, <span style=\"color: #0000ff;\">CELIA EN EL COLEGIO<\/span>, de Elena Fort\u00fan, segundo volumen de la serie despu\u00e9s de CELIA LO QUE DICE, relatos de las aventuras de la protagonista del cl\u00e1sico infantil espa\u00f1ol, <span style=\"color: #0000ff;\">\u00cdNTIMOS SECRETOS<\/span> de M\u00aa Carmen de la Bandera, otro diario a trav\u00e9s del cual descubrir\u00e9is los \u00edntimos secretos de Marta, su protagonista, y, por \u00faltimo, <span style=\"color: #0000ff;\">EL PEQUE\u00d1O VAMPIRO<\/span>, de Angela Sommer-Bodenburg, una novela juvenil repleta de criptas secretas, vuelos nocturnos y cementerios abandonados, que har\u00e1n las delicias de los fans del g\u00e9nero de misterio y terror.<\/p>\n<div id='gallery-1' class='gallery galleryid-1280 gallery-columns-3 gallery-size-large'><figure class='gallery-item'>\n\t\t\t<div class='gallery-icon portrait'>\n\t\t\t\t<a href='https:\/\/biblioteca.isidrodearceneguiycarmona.es\/?attachment_id=1281'><img loading=\"lazy\" decoding=\"async\" width=\"229\" height=\"344\" src=\"https:\/\/biblioteca.isidrodearceneguiycarmona.es\/wp-content\/uploads\/2021\/05\/Celia-en-el-colegio.jpg\" class=\"attachment-large size-large\" alt=\"\" srcset=\"https:\/\/biblioteca.isidrodearceneguiycarmona.es\/wp-content\/uploads\/2021\/05\/Celia-en-el-colegio.jpg 229w, https:\/\/biblioteca.isidrodearceneguiycarmona.es\/wp-content\/uploads\/2021\/05\/Celia-en-el-colegio-200x300.jpg 200w\" sizes=\"auto, (max-width: 229px) 100vw, 229px\" \/><\/a>\n\t\t\t<\/div><\/figure><figure class='gallery-item'>\n\t\t\t<div class='gallery-icon portrait'>\n\t\t\t\t<a href='https:\/\/biblioteca.isidrodearceneguiycarmona.es\/?attachment_id=1282'><img loading=\"lazy\" decoding=\"async\" width=\"184\" height=\"274\" src=\"https:\/\/biblioteca.isidrodearceneguiycarmona.es\/wp-content\/uploads\/2021\/05\/Crcene-los-problemas.jpg\" class=\"attachment-large size-large\" alt=\"\" \/><\/a>\n\t\t\t<\/div><\/figure><figure class='gallery-item'>\n\t\t\t<div class='gallery-icon portrait'>\n\t\t\t\t<a href='https:\/\/biblioteca.isidrodearceneguiycarmona.es\/?attachment_id=1283'><img loading=\"lazy\" decoding=\"async\" width=\"681\" height=\"1024\" src=\"https:\/\/biblioteca.isidrodearceneguiycarmona.es\/wp-content\/uploads\/2021\/05\/El-diario-secreto-681x1024.jpg\" class=\"attachment-large size-large\" alt=\"\" srcset=\"https:\/\/biblioteca.isidrodearceneguiycarmona.es\/wp-content\/uploads\/2021\/05\/El-diario-secreto-681x1024.jpg 681w, https:\/\/biblioteca.isidrodearceneguiycarmona.es\/wp-content\/uploads\/2021\/05\/El-diario-secreto-200x300.jpg 200w, https:\/\/biblioteca.isidrodearceneguiycarmona.es\/wp-content\/uploads\/2021\/05\/El-diario-secreto-768x1155.jpg 768w, https:\/\/biblioteca.isidrodearceneguiycarmona.es\/wp-content\/uploads\/2021\/05\/El-diario-secreto-1021x1536.jpg 1021w, https:\/\/biblioteca.isidrodearceneguiycarmona.es\/wp-content\/uploads\/2021\/05\/El-diario-secreto.jpg 1330w\" sizes=\"auto, (max-width: 681px) 100vw, 681px\" \/><\/a>\n\t\t\t<\/div><\/figure><figure class='gallery-item'>\n\t\t\t<div class='gallery-icon portrait'>\n\t\t\t\t<a href='https:\/\/biblioteca.isidrodearceneguiycarmona.es\/?attachment_id=1284'><img loading=\"lazy\" decoding=\"async\" width=\"552\" height=\"820\" src=\"https:\/\/biblioteca.isidrodearceneguiycarmona.es\/wp-content\/uploads\/2021\/05\/El-pequeno-vampiro.jpg\" class=\"attachment-large size-large\" alt=\"\" srcset=\"https:\/\/biblioteca.isidrodearceneguiycarmona.es\/wp-content\/uploads\/2021\/05\/El-pequeno-vampiro.jpg 552w, https:\/\/biblioteca.isidrodearceneguiycarmona.es\/wp-content\/uploads\/2021\/05\/El-pequeno-vampiro-202x300.jpg 202w\" sizes=\"auto, (max-width: 552px) 100vw, 552px\" \/><\/a>\n\t\t\t<\/div><\/figure><figure class='gallery-item'>\n\t\t\t<div class='gallery-icon portrait'>\n\t\t\t\t<a href='https:\/\/biblioteca.isidrodearceneguiycarmona.es\/?attachment_id=1285'><img loading=\"lazy\" decoding=\"async\" width=\"182\" height=\"277\" src=\"https:\/\/biblioteca.isidrodearceneguiycarmona.es\/wp-content\/uploads\/2021\/05\/Intimos-secretos.jpg\" class=\"attachment-large size-large\" alt=\"\" \/><\/a>\n\t\t\t<\/div><\/figure><figure class='gallery-item'>\n\t\t\t<div class='gallery-icon portrait'>\n\t\t\t\t<a href='https:\/\/biblioteca.isidrodearceneguiycarmona.es\/?attachment_id=1286'><img loading=\"lazy\" decoding=\"async\" width=\"187\" height=\"270\" src=\"https:\/\/biblioteca.isidrodearceneguiycarmona.es\/wp-content\/uploads\/2021\/05\/papel-mojado.jpg\" class=\"attachment-large size-large\" alt=\"\" \/><\/a>\n\t\t\t<\/div><\/figure><figure class='gallery-item'>\n\t\t\t<div class='gallery-icon portrait'>\n\t\t\t\t<a href='https:\/\/biblioteca.isidrodearceneguiycarmona.es\/?attachment_id=1287'><img loading=\"lazy\" decoding=\"async\" width=\"183\" height=\"275\" src=\"https:\/\/biblioteca.isidrodearceneguiycarmona.es\/wp-content\/uploads\/2021\/05\/zonas-interiores.jpg\" class=\"attachment-large size-large\" alt=\"\" \/><\/a>\n\t\t\t<\/div><\/figure>\n\t\t<\/div>\n\n","protected":false},"excerpt":{"rendered":"<p>Os anunciamos la entrada de t\u00edtulos como PAPEL MOJADO, de Juan Jos\u00e9 Mill\u00e1s, una novela policiaca con un final sorprendente, &hellip; <\/p>\n","protected":false},"author":3,"featured_media":1284,"comment_status":"closed","ping_status":"closed","sticky":false,"template":"","format":"standard","meta":{"footnotes":""},"categories":[5],"tags":[],"class_list":["post-1280","post","type-post","status-publish","format-standard","has-post-thumbnail","hentry","category-coleccion"],"_links":{"self":[{"href":"https:\/\/biblioteca.isidrodearceneguiycarmona.es\/index.php?rest_route=\/wp\/v2\/posts\/1280","targetHints":{"allow":["GET"]}}],"collection":[{"href":"https:\/\/biblioteca.isidrodearceneguiycarmona.es\/index.php?rest_route=\/wp\/v2\/posts"}],"about":[{"href":"https:\/\/biblioteca.isidrodearceneguiycarmona.es\/index.php?rest_route=\/wp\/v2\/types\/post"}],"author":[{"embeddable":true,"href":"https:\/\/biblioteca.isidrodearceneguiycarmona.es\/index.php?rest_route=\/wp\/v2\/users\/3"}],"replies":[{"embeddable":true,"href":"https:\/\/biblioteca.isidrodearceneguiycarmona.es\/index.php?rest_route=%2Fwp%2Fv2%2Fcomments&post=1280"}],"version-history":[{"count":2,"href":"https:\/\/biblioteca.isidrodearceneguiycarmona.es\/index.php?rest_route=\/wp\/v2\/posts\/1280\/revisions"}],"predecessor-version":[{"id":1289,"href":"https:\/\/biblioteca.isidrodearceneguiycarmona.es\/index.php?rest_route=\/wp\/v2\/posts\/1280\/revisions\/1289"}],"wp:featuredmedia":[{"embeddable":true,"href":"https:\/\/biblioteca.isidrodearceneguiycarmona.es\/index.php?rest_route=\/wp\/v2\/media\/1284"}],"wp:attachment":[{"href":"https:\/\/biblioteca.isidrodearceneguiycarmona.es\/index.php?rest_route=%2Fwp%2Fv2%2Fmedia&parent=1280"}],"wp:term":[{"taxonomy":"category","embeddable":true,"href":"https:\/\/biblioteca.isidrodearceneguiycarmona.es\/index.php?rest_route=%2Fwp%2Fv2%2Fcategories&post=1280"},{"taxonomy":"post_tag","embeddable":true,"href":"https:\/\/biblioteca.isidrodearceneguiycarmona.es\/index.php?rest_route=%2Fwp%2Fv2%2Ftags&post=1280"}],"curies":[{"name":"wp","href":"https:\/\/api.w.org\/{rel}","templated":true}]}}