{"id":1290,"date":"2021-05-31T00:35:37","date_gmt":"2021-05-31T00:35:37","guid":{"rendered":"http:\/\/biblioteca.isidrodearceneguiycarmona.es\/?p=1290"},"modified":"2021-06-02T16:09:45","modified_gmt":"2021-06-02T16:09:45","slug":"te-cuento-un-cuadro","status":"publish","type":"post","link":"https:\/\/biblioteca.isidrodearceneguiycarmona.es\/?p=1290","title":{"rendered":"TE CUENTO UN CUADRO"},"content":{"rendered":"<p class=\"CDt4Ke zfr3Q\" dir=\"ltr\"><span style=\"color: #800080;\">Cada a\u00f1o desde 1977, el ICOM organiza el D\u00eda Internacional de los Museos, un momento excepcional para la comunidad muse\u00edstica internacional.<\/span><\/p>\n<p class=\"CDt4Ke zfr3Q\" dir=\"ltr\"><span style=\"color: #800080;\">El objetivo del D\u00eda Internacional de los Museos (DIM) es concienciar sobre el hecho de que los museos son un importante medio para el intercambio cultural, el enriquecimiento de las culturas, as\u00ed como para el desarrollo de la comprensi\u00f3n mutua, de la colaboraci\u00f3n y de la paz entre los pueblos. Organizados cada 18 de mayo o alrededor de esa fecha desde hace m\u00e1s de 40 a\u00f1os, los eventos y actividades planeados para celebrar el DIM pueden durar un d\u00eda, un fin de semana o incluso toda la semana.<\/span><\/p>\n<p dir=\"ltr\"><span style=\"color: #0000ff;\">Nuestros alumnos, con ocasi\u00f3n de esta efem\u00e9rides, han participado de un fruct\u00edfero proyecto de escritura creativa e incluso colaborativa, en el que han recreado la historia de un cuadro&nbsp; mediante una narraci\u00f3n, un cuento o simplemente unos di\u00e1logos.<\/span><\/p>\n<p dir=\"ltr\">Se puede acceder al material desde esta <a href=\"https:\/\/drive.google.com\/drive\/u\/1\/folders\/1sdzNrRQrY2AXaWeDlqcxampMO36sHegN\" target=\"_blank\"><span style=\"color: #800000;\">direcci\u00f3n<\/span><\/a><\/p>\n<p dir=\"ltr\"><img loading=\"lazy\" decoding=\"async\" class=\"aligncenter wp-image-1304 size-large\" src=\"http:\/\/biblioteca.isidrodearceneguiycarmona.es\/wp-content\/uploads\/2021\/05\/1622649676978-1024x740.jpg\" alt=\"TE CUENTO UN CUADRO\" width=\"750\" height=\"542\" srcset=\"https:\/\/biblioteca.isidrodearceneguiycarmona.es\/wp-content\/uploads\/2021\/05\/1622649676978-1024x740.jpg 1024w, https:\/\/biblioteca.isidrodearceneguiycarmona.es\/wp-content\/uploads\/2021\/05\/1622649676978-300x217.jpg 300w, https:\/\/biblioteca.isidrodearceneguiycarmona.es\/wp-content\/uploads\/2021\/05\/1622649676978-768x555.jpg 768w, https:\/\/biblioteca.isidrodearceneguiycarmona.es\/wp-content\/uploads\/2021\/05\/1622649676978-1536x1110.jpg 1536w, https:\/\/biblioteca.isidrodearceneguiycarmona.es\/wp-content\/uploads\/2021\/05\/1622649676978-2048x1480.jpg 2048w\" sizes=\"auto, (max-width: 750px) 100vw, 750px\" \/><\/p>\n","protected":false},"excerpt":{"rendered":"<p>Cada a\u00f1o desde 1977, el ICOM organiza el D\u00eda Internacional de los Museos, un momento excepcional para la comunidad muse\u00edstica &hellip; <\/p>\n","protected":false},"author":3,"featured_media":1304,"comment_status":"closed","ping_status":"closed","sticky":false,"template":"","format":"standard","meta":{"footnotes":""},"categories":[7],"tags":[],"class_list":["post-1290","post","type-post","status-publish","format-standard","has-post-thumbnail","hentry","category-celebraciones"],"_links":{"self":[{"href":"https:\/\/biblioteca.isidrodearceneguiycarmona.es\/index.php?rest_route=\/wp\/v2\/posts\/1290","targetHints":{"allow":["GET"]}}],"collection":[{"href":"https:\/\/biblioteca.isidrodearceneguiycarmona.es\/index.php?rest_route=\/wp\/v2\/posts"}],"about":[{"href":"https:\/\/biblioteca.isidrodearceneguiycarmona.es\/index.php?rest_route=\/wp\/v2\/types\/post"}],"author":[{"embeddable":true,"href":"https:\/\/biblioteca.isidrodearceneguiycarmona.es\/index.php?rest_route=\/wp\/v2\/users\/3"}],"replies":[{"embeddable":true,"href":"https:\/\/biblioteca.isidrodearceneguiycarmona.es\/index.php?rest_route=%2Fwp%2Fv2%2Fcomments&post=1290"}],"version-history":[{"count":9,"href":"https:\/\/biblioteca.isidrodearceneguiycarmona.es\/index.php?rest_route=\/wp\/v2\/posts\/1290\/revisions"}],"predecessor-version":[{"id":1306,"href":"https:\/\/biblioteca.isidrodearceneguiycarmona.es\/index.php?rest_route=\/wp\/v2\/posts\/1290\/revisions\/1306"}],"wp:featuredmedia":[{"embeddable":true,"href":"https:\/\/biblioteca.isidrodearceneguiycarmona.es\/index.php?rest_route=\/wp\/v2\/media\/1304"}],"wp:attachment":[{"href":"https:\/\/biblioteca.isidrodearceneguiycarmona.es\/index.php?rest_route=%2Fwp%2Fv2%2Fmedia&parent=1290"}],"wp:term":[{"taxonomy":"category","embeddable":true,"href":"https:\/\/biblioteca.isidrodearceneguiycarmona.es\/index.php?rest_route=%2Fwp%2Fv2%2Fcategories&post=1290"},{"taxonomy":"post_tag","embeddable":true,"href":"https:\/\/biblioteca.isidrodearceneguiycarmona.es\/index.php?rest_route=%2Fwp%2Fv2%2Ftags&post=1290"}],"curies":[{"name":"wp","href":"https:\/\/api.w.org\/{rel}","templated":true}]}}