{"id":133,"date":"2010-03-02T13:32:00","date_gmt":"2010-03-02T13:32:00","guid":{"rendered":"http:\/\/new.isidrodearceneguiycarmona.es"},"modified":"2010-03-02T13:32:00","modified_gmt":"2010-03-02T13:32:00","slug":"133-2","status":"publish","type":"post","link":"https:\/\/biblioteca.isidrodearceneguiycarmona.es\/?p=133","title":{"rendered":""},"content":{"rendered":"<p><span style=\"color: #4c1130;\">BOLET\u00cdN INFORMATIVO MARZO 2010<\/span>:<\/p>\n<div style=\"color: #0b5394; text-align: justify;\">Dentro de unos d\u00edas ver\u00e1 la luz el n\u00famero 1 (en realidad, el segundo boletin) de nuestra biblioteca escolar, en el que se os dar\u00e1 informaci\u00f3n de algunas normas b\u00e1sicas de uso de la biblioteca, las \u00faltimas novedades en libros adquiridos, as\u00ed como las actividades culturales realizadas o que se van a realizar, relacionadas con el mundo del libro. Si no quereis esperar, aqu\u00ed podeis visualizar c\u00f3mo sera nuestro bolet\u00edn.<\/div>\n<div style=\"clear: both; text-align: center;\"><a href=\"http:\/\/2.bp.blogspot.com\/_YKFw-Wn3qxk\/S40SgC2WYMI\/AAAAAAAAAQk\/RI0IvWGrr1k\/s1600-h\/Boletin+Marzo+2010.jpg\" style=\"margin-left: 1em; margin-right: 1em;\" target=\"_blank\"><img loading=\"lazy\" decoding=\"async\" border=\"0\" height=\"640\" src=\"http:\/\/2.bp.blogspot.com\/_YKFw-Wn3qxk\/S40SgC2WYMI\/AAAAAAAAAQk\/RI0IvWGrr1k\/s640\/Boletin+Marzo+2010.jpg\" width=\"451\" \/><\/a><span><\/span>&nbsp;<\/div>\n<div style=\"clear: both; text-align: center;\"><\/div>\n<div style=\"clear: both; text-align: center;\">&nbsp;<a href=\"http:\/\/3.bp.blogspot.com\/_YKFw-Wn3qxk\/S40SnSqu_eI\/AAAAAAAAAQs\/ustvmeccfwM\/s1600-h\/Boletin+Marzo+02.jpg\" style=\"margin-left: 1em; margin-right: 1em;\" target=\"_blank\"><img loading=\"lazy\" decoding=\"async\" border=\"0\" height=\"640\" src=\"http:\/\/3.bp.blogspot.com\/_YKFw-Wn3qxk\/S40SnSqu_eI\/AAAAAAAAAQs\/ustvmeccfwM\/s640\/Boletin+Marzo+02.jpg\" width=\"452\" \/><\/a>&nbsp;<\/div>\n<div style=\"clear: both; text-align: center;\">&nbsp;<a href=\"http:\/\/3.bp.blogspot.com\/_YKFw-Wn3qxk\/S40SswogsiI\/AAAAAAAAAQ0\/LN2npZeu6hY\/s1600-h\/Boletin+Marzo+03.jpg\" style=\"margin-left: 1em; margin-right: 1em;\" target=\"_blank\"><img loading=\"lazy\" decoding=\"async\" border=\"0\" height=\"640\" src=\"http:\/\/3.bp.blogspot.com\/_YKFw-Wn3qxk\/S40SswogsiI\/AAAAAAAAAQ0\/LN2npZeu6hY\/s640\/Boletin+Marzo+03.jpg\" width=\"452\" \/><\/a>&nbsp;<\/div>\n<div style=\"clear: both; text-align: center;\">&nbsp;<a href=\"http:\/\/2.bp.blogspot.com\/_YKFw-Wn3qxk\/S40SyPq-0GI\/AAAAAAAAAQ8\/CftWPj8zceM\/s1600-h\/Boletin+Marzo+04.jpg\" style=\"margin-left: 1em; margin-right: 1em;\" target=\"_blank\"><img loading=\"lazy\" decoding=\"async\" border=\"0\" height=\"640\" src=\"http:\/\/2.bp.blogspot.com\/_YKFw-Wn3qxk\/S40SyPq-0GI\/AAAAAAAAAQ8\/CftWPj8zceM\/s640\/Boletin+Marzo+04.jpg\" width=\"452\" \/><\/a><\/div>\n","protected":false},"excerpt":{"rendered":"<p>BOLET\u00cdN INFORMATIVO MARZO 2010: Dentro de unos d\u00edas ver\u00e1 la luz el n\u00famero 1 (en realidad, el segundo boletin) de &hellip; <\/p>\n","protected":false},"author":3,"featured_media":0,"comment_status":"open","ping_status":"open","sticky":false,"template":"","format":"standard","meta":{"footnotes":""},"categories":[11],"tags":[],"class_list":["post-133","post","type-post","status-publish","format-standard","hentry","category-boletin"],"_links":{"self":[{"href":"https:\/\/biblioteca.isidrodearceneguiycarmona.es\/index.php?rest_route=\/wp\/v2\/posts\/133","targetHints":{"allow":["GET"]}}],"collection":[{"href":"https:\/\/biblioteca.isidrodearceneguiycarmona.es\/index.php?rest_route=\/wp\/v2\/posts"}],"about":[{"href":"https:\/\/biblioteca.isidrodearceneguiycarmona.es\/index.php?rest_route=\/wp\/v2\/types\/post"}],"author":[{"embeddable":true,"href":"https:\/\/biblioteca.isidrodearceneguiycarmona.es\/index.php?rest_route=\/wp\/v2\/users\/3"}],"replies":[{"embeddable":true,"href":"https:\/\/biblioteca.isidrodearceneguiycarmona.es\/index.php?rest_route=%2Fwp%2Fv2%2Fcomments&post=133"}],"version-history":[{"count":0,"href":"https:\/\/biblioteca.isidrodearceneguiycarmona.es\/index.php?rest_route=\/wp\/v2\/posts\/133\/revisions"}],"wp:attachment":[{"href":"https:\/\/biblioteca.isidrodearceneguiycarmona.es\/index.php?rest_route=%2Fwp%2Fv2%2Fmedia&parent=133"}],"wp:term":[{"taxonomy":"category","embeddable":true,"href":"https:\/\/biblioteca.isidrodearceneguiycarmona.es\/index.php?rest_route=%2Fwp%2Fv2%2Fcategories&post=133"},{"taxonomy":"post_tag","embeddable":true,"href":"https:\/\/biblioteca.isidrodearceneguiycarmona.es\/index.php?rest_route=%2Fwp%2Fv2%2Ftags&post=133"}],"curies":[{"name":"wp","href":"https:\/\/api.w.org\/{rel}","templated":true}]}}