{"id":1345,"date":"2021-11-12T14:11:57","date_gmt":"2021-11-12T14:11:57","guid":{"rendered":"http:\/\/biblioteca.isidrodearceneguiycarmona.es\/?p=1345"},"modified":"2021-11-18T23:39:24","modified_gmt":"2021-11-18T23:39:24","slug":"dia-de-la-lectura-en-andalucia-el-duende-de-la-lectura","status":"publish","type":"post","link":"https:\/\/biblioteca.isidrodearceneguiycarmona.es\/?p=1345","title":{"rendered":"D\u00cdA DE LA LECTURA EN ANDALUC\u00cdA: EL DUENDE DE LA LECTURA"},"content":{"rendered":"<p dir=\"ltr\"><span style=\"color: #0000ff;\">TODO PUEBLO O&nbsp; CULTURA TIENE UN TESORO ESPECIAL, VOCES QUE SIGUEN LATENTES EN TODOS NOSOTROS Y HAN LOGRADO SOBREVIVIR DURANTE GENERACIONES. SON LOS DUENDES, ESAS VOCES QUE NOS ADVIERTEN, NOS PREVIENEN, NOS INSTRUYEN, NOS AVISAN, EN FORMA DE PROVERBIOS. OTRAS VECES, LOS DUENDES ACOMPA\u00d1AN A UNOS POCOS ELEGIDOS EN FORMA DE INSPIRACI\u00d3N Y POR ESO, DECIMOS QUE&#8221; TIENE UN DUENDE&#8221;.<\/span><\/p>\n<p dir=\"ltr\"><span style=\"color: #0000ff;\">POR OTRO LADO, EN MUCHAS CULTURAS Y PAISES, SOBRE TODO, N\u00d3RDICOS, LA CREENCIA EN LA EXISTENCIA DE SERES PEQUE\u00d1OS M\u00c1GICOS FORMA PARTE DEL FOLKLORE Y LAS TRADICIONES ORALES, COMO HAN DADO FE&nbsp; TESTIMONIOS RECOPILADOS POR INVESTIGADORES DE ESTA QUE PODR\u00cdAMOS LLAMAR CONCEPCI\u00d3N ANIMISTA DE LA NATURALEZA, PERO QUE, EN DEFINITIVA, FORMA PARTE DE NUESTRO MODO DE SER HUMANO, QUE, DESDE EL ORIGEN DE LOS TIEMPOS, HA SENTIDO UNA ESPECIAL CONEXI\u00d3N CON LO INVISIBLE Y LO TRASCENDENTE.<\/span><\/p>\n<p><span style=\"color: #0000ff;\">POR ESO, EN ESTA OCASI\u00d3N QUEREMOS DEDICAR ESTA PR\u00d3XIMA&nbsp; EFEM\u00c9RIDES DE LA LECTURA A LOS DUENDES Y POR EXTENSI\u00d3N AL <a href=\"https:\/\/go.ivoox.com\/rf\/2121057\"style=\"color: #0000ff;\"  target=\"_blank\">UNIVERSO \u00c9LFICO<\/a>, CONVERTIDO EN OBJETO DE ESTUDIO EN LA LLAMADA <a href=\"https:\/\/es.wikipedia.org\/wiki\/Elficolog%C3%ADa\"style=\"color: #0000ff;\"  target=\"_blank\">ELFICOLOG\u00cdA<\/a>.<\/span><\/p>\n<p><span style=\"color: #3366ff;\">PARA CONOCER ALGO M\u00c1S DE ESTOS SERES DE LA LITERATURA FANT\u00c1STICA OS RECOMIENDO TAMBI\u00c9N VISITAR<\/span> <a href=\"https:\/\/www.abretelibro.com\/foro\/viewtopic.php?t=56189\" target=\"_blank\">ESTA P\u00c1GINA<\/a><\/p>\n<p><span style=\"color: #800080;\">SI LO QUE QUIERES ES LITERATURA FANT\u00c1STICA EN LA QUE LOS PROTAGONISTAS SON ESTOS SERS M\u00c1GICOS,&nbsp; UNA ESCRITORA&nbsp; A DESTACAR ESPECIALIZADA EN CUENTOS SOBRE HADAS Y DUENDES ES <a href=\"https:\/\/cvc.cervantes.es\/el_rinconete\/anteriores\/mayo_17\/29052017_01.htm\"style=\"color: #800080;\"  target=\"_blank\">MAR\u00cdA PUNCEL,<\/a> QUIEN INTRODUCE AL NI\u00d1O EN LO MARAVILLOSO Y EXTRA\u00d1O A TRAV\u00c9S DE SUS RELATOS CORTOS.<\/span><\/p>\n<p><span style=\"color: #339966;\">LA ESCRITORA LAURA GALLEGO TAMBI\u00c9N SE HA DESTACADO POR SUS RELATOS SOBRE LO M\u00c1GICO Y EXTRAORDINARIO COMO EN &#8220;<a href=\"https:\/\/www.casadellibro.com\/libro-todas-las-hadas-del-reino\/9788490433713\/2500972\" target=\"_blank\">TODAS LAS HADAS DEL REINO<\/a>&#8220;.<\/span><\/p>\n<p><span style=\"color: #339966;\"> EN ESTAS P\u00c1GINAS TAMBI\u00c9N PUEDES ENCONTRAR UNA SELECCI\u00d3N DE LIBROS SOBRE HADAS Y DUENDES:<\/span><\/p>\n<p><a href=\"https:\/\/gnomosyduendes.com\/duendes\/los-mejores-libros-sobre-duendes\/\" target=\"_blank\">LIBROS SOBRE DUENDES<\/a><\/p>\n<p><a href=\"http:\/\/www.oceanosdepaginas.com\/2016\/01\/novelas-y-sagas-sobre-hadas.html?m=1\" target=\"_blank\">SAGAS SOBRE DUENDES Y HADAS<\/a><\/p>\n<p><a href=\"http:\/\/www.oceanosdepaginas.com\/2016\/01\/libros-sobre-hadas-y-duendes-que-no-son.html?m=1\" target=\"_blank\">LIBROS SOBRE HADAS Y DUENDES QUE NO SON NOVELAS<\/a><\/p>\n<p><a href=\"https:\/\/www.muscaria.com\/hadas.htm\" target=\"_blank\">LIBROS SOBRE HADAS Y ELFOS<\/a><\/p>\n<p><a href=\"https:\/\/www.anagonzalezduque.com\/libros-de-hadas\/\" target=\"_blank\">LIBROS SOBRE HADAS<\/a><\/p>\n<p class=\"has-text-align-justify\"><span style=\"color: #800000;\">A destacar, en otro sentido, la pedagog\u00eda <strong>Waldorf<\/strong>&nbsp;que proviene de las ense\u00f1anzas y de la investigaci\u00f3n de&nbsp;<strong>Rudolf Steiner<\/strong> (fil\u00f3sofo austr\u00edaco, erudito literario, educador, artista, autor teatral, pensador social y ocultista), que a principios del siglo XX desarroll\u00f3 una ense\u00f1anza pionera basada en&nbsp;una <strong>educaci\u00f3n equilibrada<\/strong> para el ni\u00f1o, que parte de la comprensi\u00f3n de su desarrollo evolutivo. Los cuentos de hadas son para este pedagogo muy importantes ya que ayudan a los ni\u00f1os a resolver problemas a trav\u00e9s de la paciencia, a distinguir el bien del mal adem\u00e1s de&nbsp; potenciar su imaginaci\u00f3n. Con los cuentos de hadas pueden llegar a superar sus miedos y los prepara para superar las dificultades que puedan encontrar en su camino aprendiendo a afrontarlas.<\/span><\/p>\n<p style=\"font-weight: 400;\"><span style=\"color: #800000;\">En el caso de una breve novela titulada \u201c<a href=\"https:\/\/lecturarte.blogspot.com\/2014\/04\/resenas-la-ciudad-de-los-duendes-de-g.html\" target=\"_blank\">La ciudad de los duendes<\/a>\u201d de G. Liliana Maldonado de Bliman, seg\u00fan la Dra. Honoria Zelaya de Nader : \u201c<em>Abre las puertas al ilimitado mundo de la imaginaci\u00f3n y le permite al ni\u00f1o lector encontrarse con seres m\u00edticos legendarios universales y regionales desde rupturas temporales, acercamientos afectivos, protagonistas con actitudes&nbsp;&nbsp;positivas, amplios intereses, intertextualidades, juegos de lenguaje\u2026\u201d<\/em><\/span><\/p>\n<p style=\"font-weight: 400;\"><span style=\"color: #800000;\">Y es que todo este&nbsp;&nbsp;mundo de ficci\u00f3n entra en fruct\u00edfero di\u00e1logo con la realidad y se encauza en el formato narrativo, a trav\u00e9s de la lengua coloquial.<\/span><\/p>\n<p><span style=\"color: #800000;\">Y Si todav\u00eda piensas que estos libros sobre duendes, elfos y hadas est\u00e1n reservados s\u00f3lo para ni\u00f1os y adolescentes, aqu\u00ed tienes un par de p\u00e1ginas en la que recomiendan CUENTOS PARA ADULTOS:<\/span><\/p>\n<p><a href=\"https:\/\/www.lavanguardia.com\/cribeo\/cultura\/20190529\/47435980446\/10-cuentos-de-hadas-para-leer-cuando-eres-adulto.html\" target=\"_blank\">diez cuentos de hadas para leer cuando eres adulto.<\/a><\/p>\n<p><a href=\"https:\/\/culturacolectiva.com\/letras\/cuentos-de-hadas-para-adultos-leer-antes-de-dormir\" target=\"_blank\">libros sobre hadas para leer antes de irse a dormir&nbsp;<\/a><\/p>\n<p><a href=\"https:\/\/drive.google.com\/drive\/folders\/1NXOlvdR2wD2LNz1EsedvvcFVgaMu8-Ym?usp=sharing\" target=\"_blank\">Libros para leer sobre duendes y gnomos<\/a>.<\/p>\n<p>&nbsp;<\/p>\n<figure id=\"attachment_1346\" aria-describedby=\"caption-attachment-1346\" style=\"width: 202px\" class=\"wp-caption aligncenter\"><a href=\"http:\/\/biblioteca.isidrodearceneguiycarmona.es\/?attachment_id=1346\" rel=\"attachment wp-att-1346\"><img loading=\"lazy\" decoding=\"async\" class=\"wp-image-1346 size-medium\" src=\"http:\/\/biblioteca.isidrodearceneguiycarmona.es\/wp-content\/uploads\/2021\/11\/LosDuendes-202x300.jpg\" alt=\"\" width=\"202\" height=\"300\" srcset=\"https:\/\/biblioteca.isidrodearceneguiycarmona.es\/wp-content\/uploads\/2021\/11\/LosDuendes-202x300.jpg 202w, https:\/\/biblioteca.isidrodearceneguiycarmona.es\/wp-content\/uploads\/2021\/11\/LosDuendes.jpg 600w\" sizes=\"auto, (max-width: 202px) 100vw, 202px\" \/><\/a><figcaption id=\"caption-attachment-1346\" class=\"wp-caption-text\">Si crees en los duendes y quieres saber todo sobre ellos, \u00e9ste es tu libro.<\/figcaption><\/figure>\n","protected":false},"excerpt":{"rendered":"<p>TODO PUEBLO O&nbsp; CULTURA TIENE UN TESORO ESPECIAL, VOCES QUE SIGUEN LATENTES EN TODOS NOSOTROS Y HAN LOGRADO SOBREVIVIR DURANTE &hellip; <\/p>\n","protected":false},"author":3,"featured_media":1346,"comment_status":"closed","ping_status":"closed","sticky":false,"template":"","format":"standard","meta":{"footnotes":""},"categories":[7],"tags":[],"class_list":["post-1345","post","type-post","status-publish","format-standard","has-post-thumbnail","hentry","category-celebraciones"],"_links":{"self":[{"href":"https:\/\/biblioteca.isidrodearceneguiycarmona.es\/index.php?rest_route=\/wp\/v2\/posts\/1345","targetHints":{"allow":["GET"]}}],"collection":[{"href":"https:\/\/biblioteca.isidrodearceneguiycarmona.es\/index.php?rest_route=\/wp\/v2\/posts"}],"about":[{"href":"https:\/\/biblioteca.isidrodearceneguiycarmona.es\/index.php?rest_route=\/wp\/v2\/types\/post"}],"author":[{"embeddable":true,"href":"https:\/\/biblioteca.isidrodearceneguiycarmona.es\/index.php?rest_route=\/wp\/v2\/users\/3"}],"replies":[{"embeddable":true,"href":"https:\/\/biblioteca.isidrodearceneguiycarmona.es\/index.php?rest_route=%2Fwp%2Fv2%2Fcomments&post=1345"}],"version-history":[{"count":3,"href":"https:\/\/biblioteca.isidrodearceneguiycarmona.es\/index.php?rest_route=\/wp\/v2\/posts\/1345\/revisions"}],"predecessor-version":[{"id":1349,"href":"https:\/\/biblioteca.isidrodearceneguiycarmona.es\/index.php?rest_route=\/wp\/v2\/posts\/1345\/revisions\/1349"}],"wp:featuredmedia":[{"embeddable":true,"href":"https:\/\/biblioteca.isidrodearceneguiycarmona.es\/index.php?rest_route=\/wp\/v2\/media\/1346"}],"wp:attachment":[{"href":"https:\/\/biblioteca.isidrodearceneguiycarmona.es\/index.php?rest_route=%2Fwp%2Fv2%2Fmedia&parent=1345"}],"wp:term":[{"taxonomy":"category","embeddable":true,"href":"https:\/\/biblioteca.isidrodearceneguiycarmona.es\/index.php?rest_route=%2Fwp%2Fv2%2Fcategories&post=1345"},{"taxonomy":"post_tag","embeddable":true,"href":"https:\/\/biblioteca.isidrodearceneguiycarmona.es\/index.php?rest_route=%2Fwp%2Fv2%2Ftags&post=1345"}],"curies":[{"name":"wp","href":"https:\/\/api.w.org\/{rel}","templated":true}]}}