{"id":138,"date":"2009-12-20T21:11:00","date_gmt":"2009-12-20T21:11:00","guid":{"rendered":"http:\/\/new.isidrodearceneguiycarmona.es"},"modified":"2009-12-20T21:11:00","modified_gmt":"2009-12-20T21:11:00","slug":"138-2","status":"publish","type":"post","link":"https:\/\/biblioteca.isidrodearceneguiycarmona.es\/?p=138","title":{"rendered":""},"content":{"rendered":"<p><span style=\"font-size: 100%;\"><span style=\"font-family: georgia;\"><span style=\"color: #000099;\"><span style=\"font-size: 130%;\">El pasado 16 de Diciembre celebramos en nuestro I.E.S. I<\/span><\/span><\/span><\/span><span style=\"font-size: 100%;\"><span style=\"font-family: georgia;\"><span style=\"color: #000099;\"><span style=\"font-size: 130%;\">sidro Arcenegui y<\/span><\/span><\/span><\/span><span style=\"font-size: 100%;\"><span style=\"font-family: georgia;\"><span style=\"color: #000099;\"><span style=\"font-size: 130%;\"> Carmona el d\u00eda de la lectura en Andaluc\u00eda. <\/p>\n<p><span style=\"color: #009900; font-size: 100%;\">Se ley\u00f3 y coment\u00f3 en el aula la alocuci\u00f3n p\u00fablica de este a\u00f1o 2009 a cargo de Fernando Iwasaki.<\/span> <\/p>\n<p><\/span><\/span><\/span><\/span><a href=\"http:\/\/1.bp.blogspot.com\/_YKFw-Wn3qxk\/Sy6jEJ3QVVI\/AAAAAAAAAO4\/SG70bjA_DUY\/s1600-h\/Fernando-Iwasaki.gif\" linkindex=\"15\" target=\"_blank\"><img decoding=\"async\" alt=\"\" border=\"0\" id=\"BLOGGER_PHOTO_ID_5417446693535765842\" src=\"http:\/\/1.bp.blogspot.com\/_YKFw-Wn3qxk\/Sy6jEJ3QVVI\/AAAAAAAAAO4\/SG70bjA_DUY\/s320\/Fernando-Iwasaki.gif\" style=\"cursor: pointer; height: 257px; width: 289px;\" \/><\/a> <br \/><span style=\"font-size: 100%;\"><span style=\"font-family: georgia;\"><span style=\"color: #000099;\"> <br \/>Durante toda la ma\u00f1ana los alumns@s salier<\/span><\/span><\/span><span style=\"font-size: 100%;\"><span style=\"font-family: georgia;\"><span style=\"color: #000099;\">on de sus aulas, de f<\/span><\/span><\/span><span style=\"font-size: 100%;\"><span style=\"font-family: georgia;\"><span style=\"color: #000099;\">orma escalonada, para pegar en las paredes del edificio poemas de autores como Neruda y B\u00e9cquer. <\/p>\n<p><\/span><\/span><\/span><a href=\"http:\/\/2.bp.blogspot.com\/_YKFw-Wn3qxk\/Sy6UD7LaNrI\/AAAAAAAAANo\/E_wWhZ5Va-Y\/s1600-h\/DSCI4322.JPG\" linkindex=\"16\" target=\"_blank\"><img decoding=\"async\" alt=\"\" border=\"0\" id=\"BLOGGER_PHOTO_ID_5417430196919350962\" src=\"http:\/\/2.bp.blogspot.com\/_YKFw-Wn3qxk\/Sy6UD7LaNrI\/AAAAAAAAANo\/E_wWhZ5Va-Y\/s320\/DSCI4322.JPG\" style=\"cursor: pointer; height: 240px; width: 277px;\" \/><\/a><a href=\"http:\/\/3.bp.blogspot.com\/_YKFw-Wn3qxk\/Sy6ZmlI8xtI\/AAAAAAAAAN4\/_11Q93mNm34\/s1600-h\/DSCI4299.JPG\" linkindex=\"17\" target=\"_blank\"><img decoding=\"async\" alt=\"\" border=\"0\" id=\"BLOGGER_PHOTO_ID_5417436289857013458\" src=\"http:\/\/3.bp.blogspot.com\/_YKFw-Wn3qxk\/Sy6ZmlI8xtI\/AAAAAAAAAN4\/_11Q93mNm34\/s320\/DSCI4299.JPG\" style=\"cursor: pointer; height: 240px; width: 263px;\" \/><\/a><a href=\"http:\/\/3.bp.blogspot.com\/_YKFw-Wn3qxk\/Sy6feBF2sXI\/AAAAAAAAAOg\/51-Bh5r7G2s\/s1600-h\/DSCI4340.JPG\" linkindex=\"18\" target=\"_blank\"><img decoding=\"async\" alt=\"\" border=\"0\" id=\"BLOGGER_PHOTO_ID_5417442739811168626\" src=\"http:\/\/3.bp.blogspot.com\/_YKFw-Wn3qxk\/Sy6feBF2sXI\/AAAAAAAAAOg\/51-Bh5r7G2s\/s320\/DSCI4340.JPG\" style=\"cursor: pointer; height: 240px; width: 271px;\" \/><\/a><a href=\"http:\/\/4.bp.blogspot.com\/_YKFw-Wn3qxk\/Sy6dJa0O6xI\/AAAAAAAAAOQ\/_6IcnYLlm0g\/s1600-h\/DSCI4314.JPG\" linkindex=\"19\" target=\"_blank\"><img decoding=\"async\" alt=\"\" border=\"0\" id=\"BLOGGER_PHOTO_ID_5417440186916072210\" src=\"http:\/\/4.bp.blogspot.com\/_YKFw-Wn3qxk\/Sy6dJa0O6xI\/AAAAAAAAAOQ\/_6IcnYLlm0g\/s320\/DSCI4314.JPG\" style=\"cursor: pointer; height: 240px; width: 268px;\" \/><\/a> <\/p>\n<p><span style=\"color: #990000;\">Aprovechamos tambi\u00e9n la ocasi\u00f3n para celebrar el 50 aniversario del c\u00f3mic franc\u00e9s de Asterix y Ob\u00e9lix con maquetas expuestas en frente de la puerta de la biblioteca.<\/span> <link href=\"file:\/\/\/C:%5CDOCUME%7E1%5CCOCODR%7E1%5CCONFIG%7E1%5CTemp%5Cmsohtml1%5C01%5Cclip_filelist.xml\" rel=\"File-List\"><\/link><link href=\"file:\/\/\/C:%5CDOCUME%7E1%5CCOCODR%7E1%5CCONFIG%7E1%5CTemp%5Cmsohtml1%5C01%5Cclip_editdata.mso\" rel=\"Edit-Time-Data\"><\/link><link href=\"file:\/\/\/C:%5CDOCUME%7E1%5CCOCODR%7E1%5CCONFIG%7E1%5CTemp%5Cmsohtml1%5C01%5Cclip_oledata.mso\" rel=\"OLE-Object-Data\"><\/link><link href=\"file:\/\/\/C:%5CDOCUME%7E1%5CCOCODR%7E1%5CCONFIG%7E1%5CTemp%5Cmsohtml1%5C01%5Cclip_filelist.xml\" rel=\"File-List\"><\/link><link href=\"file:\/\/\/C:%5CDOCUME%7E1%5CCOCODR%7E1%5CCONFIG%7E1%5CTemp%5Cmsohtml1%5C01%5Cclip_editdata.mso\" rel=\"Edit-Time-Data\"><\/link><link href=\"file:\/\/\/C:%5CDOCUME%7E1%5CCOCODR%7E1%5CCONFIG%7E1%5CTemp%5Cmsohtml1%5C01%5Cclip_oledata.mso\" rel=\"OLE-Object-Data\"><\/link><span lang=\"EN-US\" style=\"font-family: &quot;; font-size: 10.5pt;\"><\/span> <br \/><a href=\"http:\/\/3.bp.blogspot.com\/_YKFw-Wn3qxk\/Sy6hxVKVo4I\/AAAAAAAAAOo\/j47L-DBsIBk\/s1600-h\/DSCI4351.JPG\" linkindex=\"20\" target=\"_blank\"><img decoding=\"async\" alt=\"\" border=\"0\" id=\"BLOGGER_PHOTO_ID_5417445270639453058\" src=\"http:\/\/3.bp.blogspot.com\/_YKFw-Wn3qxk\/Sy6hxVKVo4I\/AAAAAAAAAOo\/j47L-DBsIBk\/s320\/DSCI4351.JPG\" style=\"cursor: pointer; height: 240px; width: 320px;\" \/><\/a><\/p>\n","protected":false},"excerpt":{"rendered":"<p>El pasado 16 de Diciembre celebramos en nuestro I.E.S. Isidro Arcenegui y Carmona el d\u00eda de la lectura en Andaluc\u00eda. &hellip; <\/p>\n","protected":false},"author":3,"featured_media":0,"comment_status":"open","ping_status":"open","sticky":false,"template":"","format":"standard","meta":{"footnotes":""},"categories":[7],"tags":[],"class_list":["post-138","post","type-post","status-publish","format-standard","hentry","category-celebraciones"],"_links":{"self":[{"href":"https:\/\/biblioteca.isidrodearceneguiycarmona.es\/index.php?rest_route=\/wp\/v2\/posts\/138","targetHints":{"allow":["GET"]}}],"collection":[{"href":"https:\/\/biblioteca.isidrodearceneguiycarmona.es\/index.php?rest_route=\/wp\/v2\/posts"}],"about":[{"href":"https:\/\/biblioteca.isidrodearceneguiycarmona.es\/index.php?rest_route=\/wp\/v2\/types\/post"}],"author":[{"embeddable":true,"href":"https:\/\/biblioteca.isidrodearceneguiycarmona.es\/index.php?rest_route=\/wp\/v2\/users\/3"}],"replies":[{"embeddable":true,"href":"https:\/\/biblioteca.isidrodearceneguiycarmona.es\/index.php?rest_route=%2Fwp%2Fv2%2Fcomments&post=138"}],"version-history":[{"count":0,"href":"https:\/\/biblioteca.isidrodearceneguiycarmona.es\/index.php?rest_route=\/wp\/v2\/posts\/138\/revisions"}],"wp:attachment":[{"href":"https:\/\/biblioteca.isidrodearceneguiycarmona.es\/index.php?rest_route=%2Fwp%2Fv2%2Fmedia&parent=138"}],"wp:term":[{"taxonomy":"category","embeddable":true,"href":"https:\/\/biblioteca.isidrodearceneguiycarmona.es\/index.php?rest_route=%2Fwp%2Fv2%2Fcategories&post=138"},{"taxonomy":"post_tag","embeddable":true,"href":"https:\/\/biblioteca.isidrodearceneguiycarmona.es\/index.php?rest_route=%2Fwp%2Fv2%2Ftags&post=138"}],"curies":[{"name":"wp","href":"https:\/\/api.w.org\/{rel}","templated":true}]}}