{"id":1386,"date":"2021-12-19T19:46:02","date_gmt":"2021-12-19T19:46:02","guid":{"rendered":"http:\/\/biblioteca.isidrodearceneguiycarmona.es\/?p=1386"},"modified":"2021-12-19T19:46:02","modified_gmt":"2021-12-19T19:46:02","slug":"descubre-la-lectura-con-duende","status":"publish","type":"post","link":"https:\/\/biblioteca.isidrodearceneguiycarmona.es\/?p=1386","title":{"rendered":"DESCUBRE LA LECTURA CON DUENDE"},"content":{"rendered":"<p>Como coment\u00e1bamos en una entrada anterior, el alumnado de la ESO de nuestro Centro ha elaborado una serie de trabajos relacionados con esta efem\u00e9rides consistentes en rese\u00f1as de libros , descripciones de personajes o selecci\u00f3n de fragmentos de narraciones relacionadas con el mundo de los m\u00e1gicos seres peque\u00f1os, como los duendes, elfos, gnomos y hadas, todo ello acompa\u00f1ado de ilustraciones de personajes dibujados por ellos mismos, enmarcado en un m\u00e1gico escenario propio de la Navidad, elaborado por nuestros compa\u00f1eros de dise\u00f1o. \u00a1Felicitaciones a tod@s!<\/p>\n<p><a href=\"http:\/\/biblioteca.isidrodearceneguiycarmona.es\/?attachment_id=1409\" rel=\"attachment wp-att-1409\"><img loading=\"lazy\" decoding=\"async\" class=\"size-thumbnail wp-image-1409 aligncenter\" src=\"http:\/\/biblioteca.isidrodearceneguiycarmona.es\/wp-content\/uploads\/2021\/12\/IMG_20211210_185251-150x150.jpg\" alt=\"DUENDE DE LA LECTURA\" width=\"150\" height=\"150\"><\/a><\/p>\n<p>[ngg src=&#8221;galleries&#8221; ids=&#8221;8&#8243; display=&#8221;basic_slideshow&#8221;]&nbsp;<\/p>\n<p>&nbsp;<\/p>\n","protected":false},"excerpt":{"rendered":"<p>Como coment\u00e1bamos en una entrada anterior, el alumnado de la ESO de nuestro Centro ha elaborado una serie de trabajos &hellip; <\/p>\n","protected":false},"author":3,"featured_media":1409,"comment_status":"closed","ping_status":"closed","sticky":false,"template":"","format":"standard","meta":{"footnotes":""},"categories":[1,7],"tags":[],"class_list":["post-1386","post","type-post","status-publish","format-standard","has-post-thumbnail","hentry","category-articulos-2","category-celebraciones"],"_links":{"self":[{"href":"https:\/\/biblioteca.isidrodearceneguiycarmona.es\/index.php?rest_route=\/wp\/v2\/posts\/1386","targetHints":{"allow":["GET"]}}],"collection":[{"href":"https:\/\/biblioteca.isidrodearceneguiycarmona.es\/index.php?rest_route=\/wp\/v2\/posts"}],"about":[{"href":"https:\/\/biblioteca.isidrodearceneguiycarmona.es\/index.php?rest_route=\/wp\/v2\/types\/post"}],"author":[{"embeddable":true,"href":"https:\/\/biblioteca.isidrodearceneguiycarmona.es\/index.php?rest_route=\/wp\/v2\/users\/3"}],"replies":[{"embeddable":true,"href":"https:\/\/biblioteca.isidrodearceneguiycarmona.es\/index.php?rest_route=%2Fwp%2Fv2%2Fcomments&post=1386"}],"version-history":[{"count":2,"href":"https:\/\/biblioteca.isidrodearceneguiycarmona.es\/index.php?rest_route=\/wp\/v2\/posts\/1386\/revisions"}],"predecessor-version":[{"id":1411,"href":"https:\/\/biblioteca.isidrodearceneguiycarmona.es\/index.php?rest_route=\/wp\/v2\/posts\/1386\/revisions\/1411"}],"wp:featuredmedia":[{"embeddable":true,"href":"https:\/\/biblioteca.isidrodearceneguiycarmona.es\/index.php?rest_route=\/wp\/v2\/media\/1409"}],"wp:attachment":[{"href":"https:\/\/biblioteca.isidrodearceneguiycarmona.es\/index.php?rest_route=%2Fwp%2Fv2%2Fmedia&parent=1386"}],"wp:term":[{"taxonomy":"category","embeddable":true,"href":"https:\/\/biblioteca.isidrodearceneguiycarmona.es\/index.php?rest_route=%2Fwp%2Fv2%2Fcategories&post=1386"},{"taxonomy":"post_tag","embeddable":true,"href":"https:\/\/biblioteca.isidrodearceneguiycarmona.es\/index.php?rest_route=%2Fwp%2Fv2%2Ftags&post=1386"}],"curies":[{"name":"wp","href":"https:\/\/api.w.org\/{rel}","templated":true}]}}