{"id":1425,"date":"2022-01-30T23:26:50","date_gmt":"2022-01-30T23:26:50","guid":{"rendered":"http:\/\/biblioteca.isidrodearceneguiycarmona.es\/?p=1425"},"modified":"2022-02-01T14:48:44","modified_gmt":"2022-02-01T14:48:44","slug":"emprendemos-la-paz-bajo-un-mismo-sol","status":"publish","type":"post","link":"https:\/\/biblioteca.isidrodearceneguiycarmona.es\/?p=1425","title":{"rendered":"EMPRENDEMOS LA PAZ BAJO UN MISMO SOL"},"content":{"rendered":"<p style=\"text-align: center;\"><span style=\"color: #800000;\">BAJO EL LEMA &#8220;EMPRENDEMOS LA PAZ BAJO UN MISMO SOL&#8221;, NUESTRO CENTRO HA CONMEMORADO EL D\u00cdA DE LA PAZ A TRAV\u00c9S DE DISTINTAS ACCIONES:<\/span><\/p>\n<p style=\"text-align: center;\"><span style=\"color: #800000;\">A TRAV\u00c9S DE MURALES CON DECLARACIONES DE PAZ, TANTO PERSONALES COMO HIST\u00d3RICAS.<\/span><\/p>\n<p style=\"text-align: center;\"><span style=\"color: #800000;\">A TRAV\u00c9S DE UN MURAL CON UN GRAN SOL CON MENSAJES DE PAZ SALIENDO DE SUS RAYOS.<\/span><\/p>\n<p style=\"text-align: center;\"><span style=\"color: #800000;\">CON PRODUCCIONES AUDIOVISUALES TANTO DE VIDEOS COMO DE AUDIOS.<\/span><\/p>\n<p style=\"text-align: center;\"><span style=\"color: #800000;\">CON UNA TAREA INTERBIBLIOTECARIA TITULADA &#8220;PALABRAS DE PAZ&#8221;, RECIBIENDO TEXTOS LITERARIOS LEIDOS&nbsp; COMO RESPUESTAS A NUESTRAS PETICIONES, DENTRO DE LA ACTIVIDAD &#8220;LA VOZ A T\u00cd DEBIDA&#8221;, DIFUNDIDA POR NUESTRO CENTRO HERMANO DE EDUCACI\u00d3N SECUNDARIA, L\u00d3PEZ DE ARENAS.&nbsp;<\/span><\/p>\n<p style=\"text-align: center;\"><span style=\"color: #800000;\">Y, EN FIN, HASTA CON POES\u00cdAS CANTADAS EN CLAVE DE RAP.<\/span><\/p>\n<p><a href=\"http:\/\/biblioteca.isidrodearceneguiycarmona.es\/?attachment_id=1431\">D\u00cdA paZ<\/a><\/p>\n<p><a href=\"http:\/\/biblioteca.isidrodearceneguiycarmona.es\/?attachment_id=1429\" rel=\"attachment wp-att-1429\"><img loading=\"lazy\" decoding=\"async\" class=\"alignnone size-thumbnail wp-image-1429\" src=\"http:\/\/biblioteca.isidrodearceneguiycarmona.es\/wp-content\/uploads\/2022\/01\/IMG_20220128_190226-150x150.jpg\" alt=\"\" width=\"150\" height=\"150\"><\/a> <a href=\"http:\/\/biblioteca.isidrodearceneguiycarmona.es\/?attachment_id=1428\" rel=\"attachment wp-att-1428\"><img loading=\"lazy\" decoding=\"async\" class=\"alignnone size-thumbnail wp-image-1428\" src=\"http:\/\/biblioteca.isidrodearceneguiycarmona.es\/wp-content\/uploads\/2022\/01\/IMG_20220128_190207-150x150.jpg\" alt=\"\" width=\"150\" height=\"150\"><\/a> <a href=\"http:\/\/biblioteca.isidrodearceneguiycarmona.es\/?attachment_id=1430\" rel=\"attachment wp-att-1430\"><img loading=\"lazy\" decoding=\"async\" class=\"alignnone size-thumbnail wp-image-1430\" src=\"http:\/\/biblioteca.isidrodearceneguiycarmona.es\/wp-content\/uploads\/2022\/01\/IMG_20220128_190243-150x150.jpg\" alt=\"\" width=\"150\" height=\"150\"><\/a><\/p>\n<div class=\"wp-playlist wp-video-playlist wp-playlist-light\">\n\t\t<video controls=\"controls\" preload=\"none\" width=\"728\"\n\t\t height=\"1294\"\t><\/video>\n\t<div class=\"wp-playlist-next\"><\/div>\n\t<div class=\"wp-playlist-prev\"><\/div>\n\t<noscript>\n\t<ol>\n\t\t<li><a href='https:\/\/biblioteca.isidrodearceneguiycarmona.es\/wp-content\/uploads\/2022\/01\/DIA-paZ-1.mp4'>D\u00cdA paZ (1)<\/a><\/li><li><a href='https:\/\/biblioteca.isidrodearceneguiycarmona.es\/wp-content\/uploads\/2022\/01\/Por-la-paz-2-1.mp4'>Por la paz 2<\/a><\/li><li><a href='https:\/\/biblioteca.isidrodearceneguiycarmona.es\/wp-content\/uploads\/2022\/01\/Por-la-paz.mp4'>Por la paz<\/a><\/li>\t<\/ol>\n\t<\/noscript>\n\t<script type=\"application\/json\" class=\"wp-playlist-script\">{\"type\":\"video\",\"tracklist\":true,\"tracknumbers\":true,\"images\":true,\"artists\":true,\"tracks\":[{\"src\":\"https:\/\/biblioteca.isidrodearceneguiycarmona.es\/wp-content\/uploads\/2022\/01\/DIA-paZ-1.mp4\",\"type\":\"video\/mp4\",\"title\":\"D\\u00cdA paZ (1)\",\"caption\":\"\",\"description\":\"\",\"meta\":{\"length_formatted\":\"4:44\"},\"dimensions\":{\"original\":{\"width\":1350,\"height\":1080},\"resized\":{\"width\":728,\"height\":582}},\"image\":{\"src\":\"https:\/\/biblioteca.isidrodearceneguiycarmona.es\/wp-includes\/images\/media\/video.svg\",\"width\":48,\"height\":64},\"thumb\":{\"src\":\"https:\/\/biblioteca.isidrodearceneguiycarmona.es\/wp-includes\/images\/media\/video.svg\",\"width\":48,\"height\":64}},{\"src\":\"https:\/\/biblioteca.isidrodearceneguiycarmona.es\/wp-content\/uploads\/2022\/01\/Por-la-paz-2-1.mp4\",\"type\":\"video\/mp4\",\"title\":\"Por la paz 2\",\"caption\":\"\",\"description\":\"\",\"meta\":{\"length_formatted\":\"0:25\"},\"dimensions\":{\"original\":{\"width\":720,\"height\":1280},\"resized\":{\"width\":728,\"height\":1294}},\"image\":{\"src\":\"https:\/\/biblioteca.isidrodearceneguiycarmona.es\/wp-includes\/images\/media\/video.svg\",\"width\":48,\"height\":64},\"thumb\":{\"src\":\"https:\/\/biblioteca.isidrodearceneguiycarmona.es\/wp-includes\/images\/media\/video.svg\",\"width\":48,\"height\":64}},{\"src\":\"https:\/\/biblioteca.isidrodearceneguiycarmona.es\/wp-content\/uploads\/2022\/01\/Por-la-paz.mp4\",\"type\":\"video\/mp4\",\"title\":\"Por la paz\",\"caption\":\"\",\"description\":\"\",\"meta\":{\"length_formatted\":\"0:29\"},\"dimensions\":{\"original\":{\"width\":576,\"height\":1024},\"resized\":{\"width\":728,\"height\":1294}},\"image\":{\"src\":\"https:\/\/biblioteca.isidrodearceneguiycarmona.es\/wp-includes\/images\/media\/video.svg\",\"width\":48,\"height\":64},\"thumb\":{\"src\":\"https:\/\/biblioteca.isidrodearceneguiycarmona.es\/wp-includes\/images\/media\/video.svg\",\"width\":48,\"height\":64}}]}<\/script>\n<\/div>\n\t\n<div class=\"wp-playlist wp-audio-playlist wp-playlist-light\">\n\t\t\t<div class=\"wp-playlist-current-item\"><\/div>\n\t\t<audio controls=\"controls\" preload=\"none\" width=\"728\"\n\t\t\t><\/audio>\n\t<div class=\"wp-playlist-next\"><\/div>\n\t<div class=\"wp-playlist-prev\"><\/div>\n\t<noscript>\n\t<ol>\n\t\t<li><a href='https:\/\/biblioteca.isidrodearceneguiycarmona.es\/wp-content\/uploads\/2022\/01\/2022-01-30-19-46-26.mp3'>POES\u00cdA POR LA PAZ<\/a><\/li><li><a href='https:\/\/biblioteca.isidrodearceneguiycarmona.es\/wp-content\/uploads\/2022\/01\/2022-01-30-19-32-46.mp3'>RAP POR LA PAZ<\/a><\/li>\t<\/ol>\n\t<\/noscript>\n\t<script type=\"application\/json\" class=\"wp-playlist-script\">{\"type\":\"audio\",\"tracklist\":true,\"tracknumbers\":true,\"images\":false,\"artists\":true,\"tracks\":[{\"src\":\"https:\/\/biblioteca.isidrodearceneguiycarmona.es\/wp-content\/uploads\/2022\/01\/2022-01-30-19-46-26.mp3\",\"type\":\"audio\/mpeg\",\"title\":\"POES\\u00cdA POR LA PAZ\",\"caption\":\"\",\"description\":\"\\u00ab2022-01-30-19-46-26\\u00bb.\",\"meta\":{\"length_formatted\":\"0:51\"},\"image\":{\"src\":\"https:\/\/biblioteca.isidrodearceneguiycarmona.es\/wp-includes\/images\/media\/audio.svg\",\"width\":48,\"height\":64},\"thumb\":{\"src\":\"https:\/\/biblioteca.isidrodearceneguiycarmona.es\/wp-includes\/images\/media\/audio.svg\",\"width\":48,\"height\":64}},{\"src\":\"https:\/\/biblioteca.isidrodearceneguiycarmona.es\/wp-content\/uploads\/2022\/01\/2022-01-30-19-32-46.mp3\",\"type\":\"audio\/mpeg\",\"title\":\"RAP POR LA PAZ\",\"caption\":\"\",\"description\":\"\\u00ab2022-01-30-19-32-46\\u00bb.\",\"meta\":{\"artist\":\"JOS\\u00c9 ANTONIO 3\\u00baESO\",\"length_formatted\":\"2:31\"},\"image\":{\"src\":\"https:\/\/biblioteca.isidrodearceneguiycarmona.es\/wp-includes\/images\/media\/audio.svg\",\"width\":48,\"height\":64},\"thumb\":{\"src\":\"https:\/\/biblioteca.isidrodearceneguiycarmona.es\/wp-includes\/images\/media\/audio.svg\",\"width\":48,\"height\":64}}]}<\/script>\n<\/div>\n\t\n","protected":false},"excerpt":{"rendered":"<p>BAJO EL LEMA &#8220;EMPRENDEMOS LA PAZ BAJO UN MISMO SOL&#8221;, NUESTRO CENTRO HA CONMEMORADO EL D\u00cdA DE LA PAZ A &hellip; <\/p>\n","protected":false},"author":3,"featured_media":1430,"comment_status":"closed","ping_status":"closed","sticky":false,"template":"","format":"standard","meta":{"footnotes":""},"categories":[7],"tags":[],"class_list":["post-1425","post","type-post","status-publish","format-standard","has-post-thumbnail","hentry","category-celebraciones"],"_links":{"self":[{"href":"https:\/\/biblioteca.isidrodearceneguiycarmona.es\/index.php?rest_route=\/wp\/v2\/posts\/1425","targetHints":{"allow":["GET"]}}],"collection":[{"href":"https:\/\/biblioteca.isidrodearceneguiycarmona.es\/index.php?rest_route=\/wp\/v2\/posts"}],"about":[{"href":"https:\/\/biblioteca.isidrodearceneguiycarmona.es\/index.php?rest_route=\/wp\/v2\/types\/post"}],"author":[{"embeddable":true,"href":"https:\/\/biblioteca.isidrodearceneguiycarmona.es\/index.php?rest_route=\/wp\/v2\/users\/3"}],"replies":[{"embeddable":true,"href":"https:\/\/biblioteca.isidrodearceneguiycarmona.es\/index.php?rest_route=%2Fwp%2Fv2%2Fcomments&post=1425"}],"version-history":[{"count":5,"href":"https:\/\/biblioteca.isidrodearceneguiycarmona.es\/index.php?rest_route=\/wp\/v2\/posts\/1425\/revisions"}],"predecessor-version":[{"id":1444,"href":"https:\/\/biblioteca.isidrodearceneguiycarmona.es\/index.php?rest_route=\/wp\/v2\/posts\/1425\/revisions\/1444"}],"wp:featuredmedia":[{"embeddable":true,"href":"https:\/\/biblioteca.isidrodearceneguiycarmona.es\/index.php?rest_route=\/wp\/v2\/media\/1430"}],"wp:attachment":[{"href":"https:\/\/biblioteca.isidrodearceneguiycarmona.es\/index.php?rest_route=%2Fwp%2Fv2%2Fmedia&parent=1425"}],"wp:term":[{"taxonomy":"category","embeddable":true,"href":"https:\/\/biblioteca.isidrodearceneguiycarmona.es\/index.php?rest_route=%2Fwp%2Fv2%2Fcategories&post=1425"},{"taxonomy":"post_tag","embeddable":true,"href":"https:\/\/biblioteca.isidrodearceneguiycarmona.es\/index.php?rest_route=%2Fwp%2Fv2%2Ftags&post=1425"}],"curies":[{"name":"wp","href":"https:\/\/api.w.org\/{rel}","templated":true}]}}