{"id":145,"date":"2009-05-02T13:52:00","date_gmt":"2009-05-02T13:52:00","guid":{"rendered":"http:\/\/new.isidrodearceneguiycarmona.es"},"modified":"2009-05-02T13:52:00","modified_gmt":"2009-05-02T13:52:00","slug":"145-2","status":"publish","type":"post","link":"https:\/\/biblioteca.isidrodearceneguiycarmona.es\/?p=145","title":{"rendered":""},"content":{"rendered":"<p><span style=\"color: rgb(0, 51, 0); font-weight: bold;font-size:180%;\">D\u00cdA DEL LIBRO 23 DE ABRIL<\/span> <\/p>\n<p><span style=\"color: rgb(0, 0, 153);font-size:130%;\"><span style=\"color: rgb(51, 102, 102);\">El pasado d\u00eda 23 de abril celebramos el d\u00eda del libro con actividades para cada curso, a excepci\u00f3n de 2\u00ba de bachillerato, para lo cual creamos un cuadrante con horarios y p<\/span><\/span><span style=\"color: rgb(0, 0, 153);\"><span style=\"color: rgb(51, 102, 102);\"><span style=\"font-size:130%;\">rofesorado implicado.<\/span> <br \/><\/span><\/span> <\/p>\n<div>\n<div style=\"text-align: justify;\"><span style=\"color: rgb(0, 0, 153);\">Para 1\u00ba de la ESO subimos previamente una relaci\u00f3n de <span style=\"font-weight: bold;\">c\u00f3mics digitales <\/span>en la plataforma helvia de nuestra web. Se trataba de que los alumnos dedicaran, al menos, una <\/span><span style=\"color: rgb(0, 0, 153);\">hora a la lectur<\/span><span style=\"color: rgb(0, 0, 153);\">a de los comics que ellos eligieran libremente de una relaci\u00f3n propuesta, entre ellos, de Mortad<\/span><span style=\"color: rgb(0, 0, 153);\">elo y Filem\u00f3n, Zipi y Zape, las Witch, Los Simpsons, y superheroes de la Marv<\/span><span style=\"color: rgb(0, 0, 153);\">el. Hubo cierta dificultad con las descargas, ya que al estar la actividad programada para todos los grupos al mismo tiempo,<\/span><span style=\"color: rgb(0, 0, 153);\"> \u00e9stas se ralentizaron lamentablemente. No obstante, la mayor\u00eda pudo acceder a alg\u00fan c\u00f3mic.<\/span> <\/p>\n<\/div>\n<p><a href=\"http:\/\/3.bp.blogspot.com\/_YKFw-Wn3qxk\/SfxZ1cS3xUI\/AAAAAAAAAJk\/xSPWUqsDxj0\/s1600-h\/comic04.JPG\"display=\"\" style=\"\" border=\"\"  target=\"_blank\"><img decoding=\"async\" style=\"cursor: pointer; width: 232px; height: 239px;\" src=\"http:\/\/3.bp.blogspot.com\/_YKFw-Wn3qxk\/SfxZ1cS3xUI\/AAAAAAAAAJk\/xSPWUqsDxj0\/s320\/comic04.JPG\" alt=\"\" id=\"BLOGGER_PHOTO_ID_5331234833563108674\" border=\"0\" \/><\/a><a href=\"http:\/\/4.bp.blogspot.com\/_YKFw-Wn3qxk\/SfxW4tvjG0I\/AAAAAAAAAJM\/6xd4449JPeg\/s1600-h\/comic02.JPG\"display=\"\" style=\"\" border=\"\"  target=\"_blank\"><img decoding=\"async\" style=\"cursor: pointer; width: 227px; height: 240px;\" src=\"http:\/\/4.bp.blogspot.com\/_YKFw-Wn3qxk\/SfxW4tvjG0I\/AAAAAAAAAJM\/6xd4449JPeg\/s320\/comic02.JPG\" alt=\"\" id=\"BLOGGER_PHOTO_ID_5331231591251516226\" border=\"0\" \/><\/a><a href=\"http:\/\/3.bp.blogspot.com\/_YKFw-Wn3qxk\/SfxgU1GN_9I\/AAAAAAAAAKE\/E8oHtti5uGk\/s1600-h\/comic03.JPG\"display=\"\" style=\"\" border=\"\"  target=\"_blank\"><img decoding=\"async\" style=\"cursor: pointer; width: 228px; height: 240px;\" src=\"http:\/\/3.bp.blogspot.com\/_YKFw-Wn3qxk\/SfxgU1GN_9I\/AAAAAAAAAKE\/E8oHtti5uGk\/s320\/comic03.JPG\" alt=\"\" id=\"BLOGGER_PHOTO_ID_5331241969866637266\" border=\"0\" \/><\/a><a href=\"http:\/\/3.bp.blogspot.com\/_YKFw-Wn3qxk\/SfxU0JZo_kI\/AAAAAAAAAJE\/Yq-2MOzZsa0\/s1600-h\/comic01.JPG\"display=\"\" style=\"\" border=\"\"  target=\"_blank\"><img decoding=\"async\" style=\"cursor: pointer; width: 227px; height: 240px;\" src=\"http:\/\/3.bp.blogspot.com\/_YKFw-Wn3qxk\/SfxU0JZo_kI\/AAAAAAAAAJE\/Yq-2MOzZsa0\/s320\/comic01.JPG\" alt=\"\" id=\"BLOGGER_PHOTO_ID_5331229313753218626\" border=\"0\" \/><\/a> <\/p>\n<div style=\"text-align: justify; color: rgb(51, 51, 255);\">Para 2\u00ba y 3\u00ba de ESO dise\u00f1amos una serie de actividades para realizar en peque\u00f1o grupo de formaci\u00f3n de usuarios y dinamizaci\u00f3n de la biblioteca, bastante l\u00fadicas, tales como un &#8220;Quiz-test&#8221;, un &#8220;Baile literario&#8221;, una &#8220;Coral literaria&#8221; o , la m\u00e1s elegida por el profesorado, las &#8220;Vi\u00f1etas humor\u00edsticas&#8221;. <\/div>\n<p><a href=\"http:\/\/4.bp.blogspot.com\/_YKFw-Wn3qxk\/SfxeOJFh-0I\/AAAAAAAAAJ0\/m1UxDrTmnVA\/s1600-h\/vi%C3%B1etas+01.JPG\"display=\"\" style=\"\" border=\"\"  target=\"_blank\"><img decoding=\"async\" style=\"cursor: pointer; width: 233px; height: 240px;\" src=\"http:\/\/4.bp.blogspot.com\/_YKFw-Wn3qxk\/SfxeOJFh-0I\/AAAAAAAAAJ0\/m1UxDrTmnVA\/s320\/vi%C3%B1etas+01.JPG\" alt=\"\" id=\"BLOGGER_PHOTO_ID_5331239655950121794\" border=\"0\" \/><\/a><a href=\"http:\/\/3.bp.blogspot.com\/_YKFw-Wn3qxk\/Sfxh-nyuGAI\/AAAAAAAAAKM\/z57b_cFWbL8\/s1600-h\/vi%C3%B1etas+00.JPG\"display=\"\" style=\"\" border=\"\"  target=\"_blank\"><img decoding=\"async\" style=\"cursor: pointer; width: 232px; height: 240px;\" src=\"http:\/\/3.bp.blogspot.com\/_YKFw-Wn3qxk\/Sfxh-nyuGAI\/AAAAAAAAAKM\/z57b_cFWbL8\/s320\/vi%C3%B1etas+00.JPG\" alt=\"\" id=\"BLOGGER_PHOTO_ID_5331243787361327106\" border=\"0\" \/><\/a> <\/p>\n<p><!--[if gte mso 9]><xml>  <w:worddocument>   <w:view>Normal<\/w:View>   <w:zoom>0<\/w:Zoom>   <w:hyphenationzone>21<\/w:HyphenationZone>   <w:punctuationkerning\/>   <w:validateagainstschemas\/>   <w:saveifxmlinval>false<\/w:SaveIfXMLInvalid>   <w:ignoremixedcontent>false<\/w:IgnoreMixedContent>   <w:alwaysshowplaceholdertext>false<\/w:AlwaysShowPlaceholderText>   <w:compatibility>    <w:breakwrappedtables\/>    <w:snaptogridincell\/>    <w:wraptextwithpunct\/>    <w:useasianbreakrules\/>    <w:dontgrowautofit\/>   <\/w:Compatibility>   <w:browserlevel>MicrosoftInternetExplorer4<\/w:BrowserLevel>  <\/w:WordDocument> <\/xml><![endif]--><!--[if gte mso 9]><xml>  <w:latentstyles deflockedstate=\"false\" latentstylecount=\"156\">  <\/w:LatentStyles> <\/xml><![endif]--><!--[if gte mso 10]>  <![endif]--><\/p>\n<div style=\"text-align: justify;\"><span style=\"color: rgb(51, 102, 255);font-family:georgia;font-size:100%;\"  ><b style=\"\"><span style=\"\">Como actividad para 4\u00ba Eso se realiz\u00f3 una conferencia con Antonio Florido en el Sum.<o:p><\/o:p><\/span><\/b><\/span><span style=\";font-family:&quot;;font-size:10;\"  ><span style=\"color: rgb(51, 102, 255);font-family:georgia;font-size:100%;\"  > Los profesores respectivos acompa\u00f1aron a sus alumnos\/as en esta sesi\u00f3n dedicada a las vivencias literarias de nuestro compa\u00f1ero. Al final,<\/span><span style=\"color: rgb(51, 102, 255);font-family:georgia;font-size:100%;\"  >  <\/span><span style=\"color: rgb(51, 102, 255);font-family:georgia;font-size:100%;\"  >se leyeron algunos textos de su obra en p\u00fablico, dejando los minutos \u00faltimos para las preguntas del alumnado<\/span><span style=\"color: rgb(51, 102, 255);font-family:georgia;font-size:100%;\"  >. <br \/><\/span><\/span> <br \/><a href=\"http:\/\/1.bp.blogspot.com\/_YKFw-Wn3qxk\/Sfxj6jbUSuI\/AAAAAAAAAKU\/5GO5fpZYiPc\/s1600-h\/conferencia00.JPG\"display=\"\" style=\"\" border=\"\"  target=\"_blank\"><img decoding=\"async\" style=\"cursor: pointer; width: 273px; height: 219px;\" src=\"http:\/\/1.bp.blogspot.com\/_YKFw-Wn3qxk\/Sfxj6jbUSuI\/AAAAAAAAAKU\/5GO5fpZYiPc\/s200\/conferencia00.JPG\" alt=\"\" id=\"BLOGGER_PHOTO_ID_5331245916493204194\" border=\"0\" \/><\/a><a href=\"http:\/\/3.bp.blogspot.com\/_YKFw-Wn3qxk\/SfxlHGn4HOI\/AAAAAAAAAKc\/xSuGoArX44U\/s1600-h\/conferencia+02.JPG\" target=\"_blank\"><img decoding=\"async\" style=\"cursor: pointer; width: 200px; height: 219px;\" src=\"http:\/\/3.bp.blogspot.com\/_YKFw-Wn3qxk\/SfxlHGn4HOI\/AAAAAAAAAKc\/xSuGoArX44U\/s200\/conferencia+02.JPG\" alt=\"\" id=\"BLOGGER_PHOTO_ID_5331247231611182306\" border=\"0\" \/><\/a> <\/p>\n<p><span style=\"color: rgb(102, 51, 255);\">Para 1\u00ba de Bachillerato elaboramos una <\/span><span style=\"font-weight: bold; color: rgb(102, 51, 255);\">actividad audiovisual<\/span><span style=\"color: rgb(102, 51, 255);\"> sobre la &#8220;revoluci\u00f3n Gutenberg&#8221; y la &#8220;revoluci\u00f3n de la WWW&#8221;, acompa\u00f1ada de un <\/span><span style=\"font-weight: bold; color: rgb(102, 51, 255);\">texto period\u00edstico<\/span><span style=\"color: rgb(102, 51, 255);\"> de J.A. Mill\u00e1n sobre la lectura de textos digitales, con el fin de plantear alguna reflexi\u00f3n sobre el futuro de los h\u00e1bitos lectores.<\/span> <\/p>\n<p><a href=\"http:\/\/3.bp.blogspot.com\/_YKFw-Wn3qxk\/Sfxn1JUsupI\/AAAAAAAAAKs\/mnleN-6nOcc\/s1600-h\/conferencia.JPG\" target=\"_blank\"><img decoding=\"async\" style=\"cursor: pointer; width: 230px; height: 240px;\" src=\"http:\/\/3.bp.blogspot.com\/_YKFw-Wn3qxk\/Sfxn1JUsupI\/AAAAAAAAAKs\/mnleN-6nOcc\/s320\/conferencia.JPG\" alt=\"\" id=\"BLOGGER_PHOTO_ID_5331250221633288850\" border=\"0\" \/><\/a><a href=\"http:\/\/4.bp.blogspot.com\/_YKFw-Wn3qxk\/Sfxm5G3xS7I\/AAAAAAAAAKk\/zctX-PV-uEo\/s1600-h\/Gutenberg.JPG\" target=\"_blank\"><img decoding=\"async\" style=\"cursor: pointer; width: 259px; height: 240px;\" src=\"http:\/\/4.bp.blogspot.com\/_YKFw-Wn3qxk\/Sfxm5G3xS7I\/AAAAAAAAAKk\/zctX-PV-uEo\/s320\/Gutenberg.JPG\" alt=\"\" id=\"BLOGGER_PHOTO_ID_5331249190182931378\" border=\"0\" \/><\/a> <\/p>\n<p><span style=\"color: rgb(51, 51, 153);\">Durante toda esa semana se realiz\u00f3 un <span style=\"font-weight: bold;\">trueque de libros <\/span>para toda la comunidad educativa, a trav\u00e9s de un expositor que se sac\u00f3 de la biblioteca al hall posterior de nuestro centro. A todo alumno\/a que se acercaba a ver los libros del expositor se le obsequiaba con el <span style=\"font-weight: bold;\">marcap\u00e1ginas<\/span> ganador de nuestro primer concurso anual, editado para la ocasi\u00f3n. Esta actividad tuvo una buena acogida, de modo que decidimos mantener el expositor de libros a intercambiar por tiempo indefinido.<\/span> <br \/><a href=\"http:\/\/1.bp.blogspot.com\/_YKFw-Wn3qxk\/Sfxpmu4MkMI\/AAAAAAAAAK0\/uWRnfaLcfyk\/s1600-h\/trueque.jpg\" target=\"_blank\"><img decoding=\"async\" style=\"cursor: pointer; width: 263px; height: 240px;\" src=\"http:\/\/1.bp.blogspot.com\/_YKFw-Wn3qxk\/Sfxpmu4MkMI\/AAAAAAAAAK0\/uWRnfaLcfyk\/s320\/trueque.jpg\" alt=\"\" id=\"BLOGGER_PHOTO_ID_5331252173039505602\" border=\"0\" \/><\/a><a href=\"http:\/\/1.bp.blogspot.com\/_YKFw-Wn3qxk\/SfxqWUOZyPI\/AAAAAAAAAK8\/CE55xEoQhww\/s1600-h\/trueque01.JPG\" target=\"_blank\"><img decoding=\"async\" style=\"cursor: pointer; width: 239px; height: 240px;\" src=\"http:\/\/1.bp.blogspot.com\/_YKFw-Wn3qxk\/SfxqWUOZyPI\/AAAAAAAAAK8\/CE55xEoQhww\/s320\/trueque01.JPG\" alt=\"\" id=\"BLOGGER_PHOTO_ID_5331252990518610162\" border=\"0\" \/><\/a><\/div>\n<\/div>\n","protected":false},"excerpt":{"rendered":"<p>D\u00cdA DEL LIBRO 23 DE ABRIL El pasado d\u00eda 23 de abril celebramos el d\u00eda del libro con actividades para &hellip; <\/p>\n","protected":false},"author":3,"featured_media":0,"comment_status":"open","ping_status":"open","sticky":false,"template":"","format":"standard","meta":{"footnotes":""},"categories":[7],"tags":[],"class_list":["post-145","post","type-post","status-publish","format-standard","hentry","category-celebraciones"],"_links":{"self":[{"href":"https:\/\/biblioteca.isidrodearceneguiycarmona.es\/index.php?rest_route=\/wp\/v2\/posts\/145","targetHints":{"allow":["GET"]}}],"collection":[{"href":"https:\/\/biblioteca.isidrodearceneguiycarmona.es\/index.php?rest_route=\/wp\/v2\/posts"}],"about":[{"href":"https:\/\/biblioteca.isidrodearceneguiycarmona.es\/index.php?rest_route=\/wp\/v2\/types\/post"}],"author":[{"embeddable":true,"href":"https:\/\/biblioteca.isidrodearceneguiycarmona.es\/index.php?rest_route=\/wp\/v2\/users\/3"}],"replies":[{"embeddable":true,"href":"https:\/\/biblioteca.isidrodearceneguiycarmona.es\/index.php?rest_route=%2Fwp%2Fv2%2Fcomments&post=145"}],"version-history":[{"count":0,"href":"https:\/\/biblioteca.isidrodearceneguiycarmona.es\/index.php?rest_route=\/wp\/v2\/posts\/145\/revisions"}],"wp:attachment":[{"href":"https:\/\/biblioteca.isidrodearceneguiycarmona.es\/index.php?rest_route=%2Fwp%2Fv2%2Fmedia&parent=145"}],"wp:term":[{"taxonomy":"category","embeddable":true,"href":"https:\/\/biblioteca.isidrodearceneguiycarmona.es\/index.php?rest_route=%2Fwp%2Fv2%2Fcategories&post=145"},{"taxonomy":"post_tag","embeddable":true,"href":"https:\/\/biblioteca.isidrodearceneguiycarmona.es\/index.php?rest_route=%2Fwp%2Fv2%2Ftags&post=145"}],"curies":[{"name":"wp","href":"https:\/\/api.w.org\/{rel}","templated":true}]}}