{"id":1454,"date":"2022-03-08T11:53:01","date_gmt":"2022-03-08T11:53:01","guid":{"rendered":"http:\/\/biblioteca.isidrodearceneguiycarmona.es\/?p=1454"},"modified":"2022-03-08T11:55:48","modified_gmt":"2022-03-08T11:55:48","slug":"efemerides-dia-de-la-mujer","status":"publish","type":"post","link":"https:\/\/biblioteca.isidrodearceneguiycarmona.es\/?p=1454","title":{"rendered":"EFEM\u00c9RIDES D\u00cdA DE LA MUJER"},"content":{"rendered":"<p>En el 8 de marzo d\u00eda de la mujer inauguramos nuestro <span style=\"color: #800080;\">rinc\u00f3n violeta<\/span>, adem\u00e1s de llevar a cabo una exposici\u00f3n sobre la <span style=\"color: #800080;\">historia del feminismo<\/span> y sus autoras m\u00e1s representativas. Por otro lado, dentro del proyecto de las BECREAS Marchena, se han llevado a cabo lecturas como respuestas a peticiones y, en concreto, reproducimos aqu\u00ed una de las lecturas llevadas a cabo en relaci\u00f3n con esta efem\u00e9rides y elaborada por dos de nuestros alumnos.<\/p>\n<figure id=\"attachment_1455\" aria-describedby=\"caption-attachment-1455\" style=\"width: 300px\" class=\"wp-caption alignleft\"><a href=\"http:\/\/biblioteca.isidrodearceneguiycarmona.es\/?attachment_id=1455\" rel=\"attachment wp-att-1455\"><img loading=\"lazy\" decoding=\"async\" class=\"wp-image-1455 size-medium\" src=\"http:\/\/biblioteca.isidrodearceneguiycarmona.es\/wp-content\/uploads\/2022\/03\/IMG_20220307_114438_1-300x225.jpg\" alt=\"\" width=\"300\" height=\"225\" srcset=\"https:\/\/biblioteca.isidrodearceneguiycarmona.es\/wp-content\/uploads\/2022\/03\/IMG_20220307_114438_1-300x225.jpg 300w, https:\/\/biblioteca.isidrodearceneguiycarmona.es\/wp-content\/uploads\/2022\/03\/IMG_20220307_114438_1-1024x768.jpg 1024w, https:\/\/biblioteca.isidrodearceneguiycarmona.es\/wp-content\/uploads\/2022\/03\/IMG_20220307_114438_1-768x576.jpg 768w, https:\/\/biblioteca.isidrodearceneguiycarmona.es\/wp-content\/uploads\/2022\/03\/IMG_20220307_114438_1-1536x1152.jpg 1536w, https:\/\/biblioteca.isidrodearceneguiycarmona.es\/wp-content\/uploads\/2022\/03\/IMG_20220307_114438_1-2048x1536.jpg 2048w\" sizes=\"auto, (max-width: 300px) 100vw, 300px\" \/><\/a><figcaption id=\"caption-attachment-1455\" class=\"wp-caption-text\">RINC\u00d3N VIOLETA<\/figcaption><\/figure>\n<p><a href=\"http:\/\/biblioteca.isidrodearceneguiycarmona.es\/?attachment_id=1456\" rel=\"attachment wp-att-1456\"><img loading=\"lazy\" decoding=\"async\" class=\"alignnone size-thumbnail wp-image-1456\" src=\"http:\/\/biblioteca.isidrodearceneguiycarmona.es\/wp-content\/uploads\/2022\/03\/IMG_20220307_114534_1-150x150.jpg\" alt=\"\" width=\"150\" height=\"150\"><\/a> <a href=\"http:\/\/biblioteca.isidrodearceneguiycarmona.es\/?attachment_id=1457\" rel=\"attachment wp-att-1457\"><img loading=\"lazy\" decoding=\"async\" class=\"alignnone size-thumbnail wp-image-1457\" src=\"http:\/\/biblioteca.isidrodearceneguiycarmona.es\/wp-content\/uploads\/2022\/03\/IMG_20220307_135336-150x150.jpg\" alt=\"\" width=\"150\" height=\"150\"><\/a><\/p>\n<audio class=\"wp-audio-shortcode\" id=\"audio-1454-1\" preload=\"none\" style=\"width: 100%;\" controls=\"controls\"><source type=\"audio\/mpeg\" src=\"http:\/\/biblioteca.isidrodearceneguiycarmona.es\/wp-content\/uploads\/2022\/03\/Dia-mujer.mp3?_=1\" \/><a href=\"http:\/\/biblioteca.isidrodearceneguiycarmona.es\/wp-content\/uploads\/2022\/03\/Dia-mujer.mp3\">http:\/\/biblioteca.isidrodearceneguiycarmona.es\/wp-content\/uploads\/2022\/03\/Dia-mujer.mp3<\/a><\/audio>\n<p>&nbsp;<\/p>\n","protected":false},"excerpt":{"rendered":"<p>En el 8 de marzo d\u00eda de la mujer inauguramos nuestro rinc\u00f3n violeta, adem\u00e1s de llevar a cabo una exposici\u00f3n &hellip; <\/p>\n","protected":false},"author":3,"featured_media":1455,"comment_status":"closed","ping_status":"closed","sticky":false,"template":"","format":"standard","meta":{"footnotes":""},"categories":[7],"tags":[],"class_list":["post-1454","post","type-post","status-publish","format-standard","has-post-thumbnail","hentry","category-celebraciones"],"_links":{"self":[{"href":"https:\/\/biblioteca.isidrodearceneguiycarmona.es\/index.php?rest_route=\/wp\/v2\/posts\/1454","targetHints":{"allow":["GET"]}}],"collection":[{"href":"https:\/\/biblioteca.isidrodearceneguiycarmona.es\/index.php?rest_route=\/wp\/v2\/posts"}],"about":[{"href":"https:\/\/biblioteca.isidrodearceneguiycarmona.es\/index.php?rest_route=\/wp\/v2\/types\/post"}],"author":[{"embeddable":true,"href":"https:\/\/biblioteca.isidrodearceneguiycarmona.es\/index.php?rest_route=\/wp\/v2\/users\/3"}],"replies":[{"embeddable":true,"href":"https:\/\/biblioteca.isidrodearceneguiycarmona.es\/index.php?rest_route=%2Fwp%2Fv2%2Fcomments&post=1454"}],"version-history":[{"count":3,"href":"https:\/\/biblioteca.isidrodearceneguiycarmona.es\/index.php?rest_route=\/wp\/v2\/posts\/1454\/revisions"}],"predecessor-version":[{"id":1461,"href":"https:\/\/biblioteca.isidrodearceneguiycarmona.es\/index.php?rest_route=\/wp\/v2\/posts\/1454\/revisions\/1461"}],"wp:featuredmedia":[{"embeddable":true,"href":"https:\/\/biblioteca.isidrodearceneguiycarmona.es\/index.php?rest_route=\/wp\/v2\/media\/1455"}],"wp:attachment":[{"href":"https:\/\/biblioteca.isidrodearceneguiycarmona.es\/index.php?rest_route=%2Fwp%2Fv2%2Fmedia&parent=1454"}],"wp:term":[{"taxonomy":"category","embeddable":true,"href":"https:\/\/biblioteca.isidrodearceneguiycarmona.es\/index.php?rest_route=%2Fwp%2Fv2%2Fcategories&post=1454"},{"taxonomy":"post_tag","embeddable":true,"href":"https:\/\/biblioteca.isidrodearceneguiycarmona.es\/index.php?rest_route=%2Fwp%2Fv2%2Ftags&post=1454"}],"curies":[{"name":"wp","href":"https:\/\/api.w.org\/{rel}","templated":true}]}}