{"id":1463,"date":"2022-03-21T07:00:42","date_gmt":"2022-03-21T07:00:42","guid":{"rendered":"http:\/\/biblioteca.isidrodearceneguiycarmona.es\/?p=1463"},"modified":"2022-03-21T08:44:10","modified_gmt":"2022-03-21T08:44:10","slug":"dia-de-la-poesia-2","status":"publish","type":"post","link":"https:\/\/biblioteca.isidrodearceneguiycarmona.es\/?p=1463","title":{"rendered":"D\u00cdA DE LA POES\u00cdA"},"content":{"rendered":"<blockquote>\r\n<p>Como cada 21 de marzo, se celebra el d\u00eda mundial de la poes\u00eda y, en este sentido,&nbsp; hemos llevado a cabo dos l\u00edneas de actuaci\u00f3n desde las BECREAS de Marchena, como proyectos pertenecientes al Plan de trabajo de las bibliotecas escolares de nuestra localidad:&nbsp; en primer lugar, durante este mes de marzo, alumnado voluntario tanto de la ESO como de BTO, est\u00e1n participando activamente en el proyecto de literatura solidaria <span style=\"color: #0000ff;\">LA VOZ A T\u00cd DEBIDA<\/span>, coordinados por Lola Zamudio y un servidor, grabando y enviando podcast de poemas cuya tem\u00e1tica responde a las peticiones &#8220;v\u00eda wasa&#8221; que nos est\u00e1n llegando, sobre todo, del alumnado del IES L\u00f3pez de Arenas. La selecci\u00f3n de poemas va desde &#8220;No te rindas&#8221; de Benedetti, pasando por &#8220;Se llama calma&#8221; del Dalai Lama, hasta poemas gastro-po\u00e9ticos, &#8220;Canci\u00f3n de Carnaval&#8221;&nbsp; de Rub\u00e9n Dar\u00edo, hasta los m\u00e1s actuales como el &#8220;No est\u00e1s sola&#8221; de Miguel Gane. Hemos creado con algunos de estos audios una lista de reproducci\u00f3n. Ah\u00ed va un par de poemas culinarios.<\/p>\r\n<\/blockquote>\r\n<p style=\"text-align: center;\"><span style=\"color: #0000ff;\"><em>\u201cContemplo el asado<span style=\"font-weight: 400;\">,<\/span><\/em><\/span><\/p>\r\n<p style=\"text-align: center;\"><span style=\"color: #0000ff;\"><em><span style=\"font-weight: 400;\">que est\u00e1 fileteado y tendido<\/span><\/em><\/span><\/p>\r\n<p style=\"text-align: center;\"><span style=\"color: #0000ff;\"><em><span style=\"font-weight: 400;\"> en mi plato,&nbsp;<\/span><\/em><\/span><\/p>\r\n<p style=\"text-align: center;\"><span style=\"color: #0000ff;\"><em><span style=\"font-weight: 400;\">y sobre \u00e9l<\/span><\/em><\/span><\/p>\r\n<p style=\"text-align: center;\"><span style=\"color: #0000ff;\"><em><span style=\"font-weight: 400;\">cucharadas de salsa<\/span><\/em><\/span><\/p>\r\n<p style=\"text-align: center;\"><span style=\"color: #0000ff;\"><em><span style=\"font-weight: 400;\">de zanahoria y cebolla.&nbsp;<\/span><\/em><\/span><\/p>\r\n<p style=\"text-align: center;\"><span style=\"color: #0000ff;\"><em><span style=\"font-weight: 400;\">Y por una vez no lamento<\/span><\/em><\/span><\/p>\r\n<p style=\"text-align: center;\"><span style=\"color: #0000ff;\"><em><span style=\"font-weight: 400;\">el paso del tiempo\u201d.<\/span><\/em><\/span><\/p>\r\n<p style=\"text-align: center;\"><span style=\"font-weight: 400;\">(MARK STRAND)<\/span><\/p>\r\n<p style=\"text-align: center;\">Y de postre:<\/p>\r\n<p style=\"text-align: center;\"><span style=\"color: #ff6600;\"><em>&#8220;Contraponientes de melocot\u00f3n y az\u00facar<span style=\"font-weight: 400;\">,<\/span><\/em><\/span><\/p>\r\n<p style=\"text-align: center;\"><span style=\"color: #ff6600;\"><em><span style=\"font-weight: 400;\">&nbsp;Y el sol dentro de la tarde,&nbsp;<\/span><\/em><\/span><\/p>\r\n<p style=\"text-align: center;\"><span style=\"color: #ff6600;\"><em><span style=\"font-weight: 400;\">Como el hueso de una fruta.&nbsp;<\/span><\/em><\/span><\/p>\r\n<p style=\"text-align: center;\"><span style=\"color: #ff6600;\"><em><span style=\"font-weight: 400;\">La panocha guarda intacta,&nbsp;<\/span><\/em><\/span><\/p>\r\n<p style=\"text-align: center;\"><span style=\"color: #ff6600;\"><em><span style=\"font-weight: 400;\">Su risa amarilla y dura.&nbsp;<\/span><\/em><\/span><\/p>\r\n<p style=\"text-align: center;\"><span style=\"color: #ff6600;\"><em><span style=\"font-weight: 400;\">Agosto.&nbsp;<\/span><\/em><\/span><\/p>\r\n<p style=\"text-align: center;\"><span style=\"color: #ff6600;\"><em><span style=\"font-weight: 400;\">Los ni\u00f1os comen Pan moreno y rica luna.&#8221;<\/span><\/em><\/span><\/p>\r\n<p style=\"text-align: center;\"><span style=\"font-weight: 400;\">(FEDERICO GARC\u00cdA LORCA)<\/span><\/p>\r\n<div class=\"wp-playlist wp-audio-playlist wp-playlist-light\">\n\t\t\t<div class=\"wp-playlist-current-item\"><\/div>\n\t\t<audio controls=\"controls\" preload=\"none\" width=\"728\"\n\t\t\t><\/audio>\n\t<div class=\"wp-playlist-next\"><\/div>\n\t<div class=\"wp-playlist-prev\"><\/div>\n\t<noscript>\n\t<ol>\n\t\t<li><a href='https:\/\/biblioteca.isidrodearceneguiycarmona.es\/wp-content\/uploads\/2022\/03\/Motivacion.mp3'>Motivaci\u00f3n<\/a><\/li><li><a href='https:\/\/biblioteca.isidrodearceneguiycarmona.es\/wp-content\/uploads\/2022\/03\/Soledad.mp3'>Soledad<\/a><\/li><li><a href='https:\/\/biblioteca.isidrodearceneguiycarmona.es\/wp-content\/uploads\/2022\/03\/Gastropoema.mp3'>Gastropoema<\/a><\/li><li><a href='https:\/\/biblioteca.isidrodearceneguiycarmona.es\/wp-content\/uploads\/2022\/03\/No-te-rindas.mp3'>No te rindas<\/a><\/li><li><a href='https:\/\/biblioteca.isidrodearceneguiycarmona.es\/wp-content\/uploads\/2022\/03\/estirpe-y-honor.mp3'>estirpe y honor<\/a><\/li><li><a href='https:\/\/biblioteca.isidrodearceneguiycarmona.es\/wp-content\/uploads\/2022\/03\/Carnaval.mp3'>Carnaval<\/a><\/li><li><a href='https:\/\/biblioteca.isidrodearceneguiycarmona.es\/wp-content\/uploads\/2022\/03\/Corazon-depresion.mp3'>Coraz\u00f3n (depresi\u00f3n)<\/a><\/li><li><a href='https:\/\/biblioteca.isidrodearceneguiycarmona.es\/wp-content\/uploads\/2022\/03\/Desde-el-principio.mp3'>Desde el principio<\/a><\/li><li><a href='https:\/\/biblioteca.isidrodearceneguiycarmona.es\/wp-content\/uploads\/2022\/03\/Feliz-por-haberte-conocido.mp3'>Feliz por haberte conocido<\/a><\/li><li><a href='https:\/\/biblioteca.isidrodearceneguiycarmona.es\/wp-content\/uploads\/2022\/03\/Poesia-Gastronomica.mp3'>Gastropoema<\/a><\/li>\t<\/ol>\n\t<\/noscript>\n\t<script type=\"application\/json\" class=\"wp-playlist-script\">{\"type\":\"audio\",\"tracklist\":true,\"tracknumbers\":true,\"images\":true,\"artists\":true,\"tracks\":[{\"src\":\"https:\/\/biblioteca.isidrodearceneguiycarmona.es\/wp-content\/uploads\/2022\/03\/Motivacion.mp3\",\"type\":\"audio\/mpeg\",\"title\":\"Motivaci\\u00f3n\",\"caption\":\"\",\"description\":\"\\u00abMotivaci\\u00f3n\\u00bb.\",\"meta\":{\"length_formatted\":\"1:30\"},\"image\":{\"src\":\"https:\/\/biblioteca.isidrodearceneguiycarmona.es\/wp-includes\/images\/media\/audio.svg\",\"width\":48,\"height\":64},\"thumb\":{\"src\":\"https:\/\/biblioteca.isidrodearceneguiycarmona.es\/wp-includes\/images\/media\/audio.svg\",\"width\":48,\"height\":64}},{\"src\":\"https:\/\/biblioteca.isidrodearceneguiycarmona.es\/wp-content\/uploads\/2022\/03\/Soledad.mp3\",\"type\":\"audio\/mpeg\",\"title\":\"Soledad\",\"caption\":\"\",\"description\":\"\\u00abNueva grabaci\\u00f3n 3\\u00bb.\",\"meta\":{\"length_formatted\":\"1:19\"},\"image\":{\"src\":\"https:\/\/biblioteca.isidrodearceneguiycarmona.es\/wp-includes\/images\/media\/audio.svg\",\"width\":48,\"height\":64},\"thumb\":{\"src\":\"https:\/\/biblioteca.isidrodearceneguiycarmona.es\/wp-includes\/images\/media\/audio.svg\",\"width\":48,\"height\":64}},{\"src\":\"https:\/\/biblioteca.isidrodearceneguiycarmona.es\/wp-content\/uploads\/2022\/03\/Gastropoema.mp3\",\"type\":\"audio\/mpeg\",\"title\":\"Gastropoema\",\"caption\":\"\",\"description\":\"\\u00abGastropoema\\u00bb.\",\"meta\":{\"length_formatted\":\"1:17\"},\"image\":{\"src\":\"https:\/\/biblioteca.isidrodearceneguiycarmona.es\/wp-includes\/images\/media\/audio.svg\",\"width\":48,\"height\":64},\"thumb\":{\"src\":\"https:\/\/biblioteca.isidrodearceneguiycarmona.es\/wp-includes\/images\/media\/audio.svg\",\"width\":48,\"height\":64}},{\"src\":\"https:\/\/biblioteca.isidrodearceneguiycarmona.es\/wp-content\/uploads\/2022\/03\/No-te-rindas.mp3\",\"type\":\"audio\/mpeg\",\"title\":\"No te rindas\",\"caption\":\"\",\"description\":\"\\u00abNo te rindas\\u00bb.\",\"meta\":{\"length_formatted\":\"1:48\"},\"image\":{\"src\":\"https:\/\/biblioteca.isidrodearceneguiycarmona.es\/wp-includes\/images\/media\/audio.svg\",\"width\":48,\"height\":64},\"thumb\":{\"src\":\"https:\/\/biblioteca.isidrodearceneguiycarmona.es\/wp-includes\/images\/media\/audio.svg\",\"width\":48,\"height\":64}},{\"src\":\"https:\/\/biblioteca.isidrodearceneguiycarmona.es\/wp-content\/uploads\/2022\/03\/estirpe-y-honor.mp3\",\"type\":\"audio\/mpeg\",\"title\":\"estirpe y honor\",\"caption\":\"\",\"description\":\"\\u00abestirpe y honor\\u00bb.\",\"meta\":{\"length_formatted\":\"0:58\"},\"image\":{\"src\":\"https:\/\/biblioteca.isidrodearceneguiycarmona.es\/wp-includes\/images\/media\/audio.svg\",\"width\":48,\"height\":64},\"thumb\":{\"src\":\"https:\/\/biblioteca.isidrodearceneguiycarmona.es\/wp-includes\/images\/media\/audio.svg\",\"width\":48,\"height\":64}},{\"src\":\"https:\/\/biblioteca.isidrodearceneguiycarmona.es\/wp-content\/uploads\/2022\/03\/Carnaval.mp3\",\"type\":\"audio\/mpeg\",\"title\":\"Carnaval\",\"caption\":\"\",\"description\":\"\\u00abCarnaval\\u00bb.\",\"meta\":{\"length_formatted\":\"2:14\"},\"image\":{\"src\":\"https:\/\/biblioteca.isidrodearceneguiycarmona.es\/wp-includes\/images\/media\/audio.svg\",\"width\":48,\"height\":64},\"thumb\":{\"src\":\"https:\/\/biblioteca.isidrodearceneguiycarmona.es\/wp-includes\/images\/media\/audio.svg\",\"width\":48,\"height\":64}},{\"src\":\"https:\/\/biblioteca.isidrodearceneguiycarmona.es\/wp-content\/uploads\/2022\/03\/Corazon-depresion.mp3\",\"type\":\"audio\/mpeg\",\"title\":\"Coraz\\u00f3n (depresi\\u00f3n)\",\"caption\":\"\",\"description\":\"\\u00abCoraz\\u00f3n (depresi\\u00f3n)\\u00bb.\",\"meta\":{\"length_formatted\":\"1:23\"},\"image\":{\"src\":\"https:\/\/biblioteca.isidrodearceneguiycarmona.es\/wp-includes\/images\/media\/audio.svg\",\"width\":48,\"height\":64},\"thumb\":{\"src\":\"https:\/\/biblioteca.isidrodearceneguiycarmona.es\/wp-includes\/images\/media\/audio.svg\",\"width\":48,\"height\":64}},{\"src\":\"https:\/\/biblioteca.isidrodearceneguiycarmona.es\/wp-content\/uploads\/2022\/03\/Desde-el-principio.mp3\",\"type\":\"audio\/mpeg\",\"title\":\"Desde el principio\",\"caption\":\"\",\"description\":\"\\u00abDesde el principio\\u00bb.\",\"meta\":{\"length_formatted\":\"2:19\"},\"image\":{\"src\":\"https:\/\/biblioteca.isidrodearceneguiycarmona.es\/wp-includes\/images\/media\/audio.svg\",\"width\":48,\"height\":64},\"thumb\":{\"src\":\"https:\/\/biblioteca.isidrodearceneguiycarmona.es\/wp-includes\/images\/media\/audio.svg\",\"width\":48,\"height\":64}},{\"src\":\"https:\/\/biblioteca.isidrodearceneguiycarmona.es\/wp-content\/uploads\/2022\/03\/Feliz-por-haberte-conocido.mp3\",\"type\":\"audio\/mpeg\",\"title\":\"Feliz por haberte conocido\",\"caption\":\"\",\"description\":\"\\u00abFeliz por haberte conocido\\u00bb.\",\"meta\":{\"length_formatted\":\"1:03\"},\"image\":{\"src\":\"https:\/\/biblioteca.isidrodearceneguiycarmona.es\/wp-includes\/images\/media\/audio.svg\",\"width\":48,\"height\":64},\"thumb\":{\"src\":\"https:\/\/biblioteca.isidrodearceneguiycarmona.es\/wp-includes\/images\/media\/audio.svg\",\"width\":48,\"height\":64}},{\"src\":\"https:\/\/biblioteca.isidrodearceneguiycarmona.es\/wp-content\/uploads\/2022\/03\/Poesia-Gastronomica.mp3\",\"type\":\"audio\/mpeg\",\"title\":\"Gastropoema\",\"caption\":\"\",\"description\":\"\\u00abPoes\\u00eda Gastron\\u00f3mica\\u00bb.\",\"meta\":{\"length_formatted\":\"0:51\"},\"image\":{\"src\":\"https:\/\/biblioteca.isidrodearceneguiycarmona.es\/wp-includes\/images\/media\/audio.svg\",\"width\":48,\"height\":64},\"thumb\":{\"src\":\"https:\/\/biblioteca.isidrodearceneguiycarmona.es\/wp-includes\/images\/media\/audio.svg\",\"width\":48,\"height\":64}}]}<\/script>\n<\/div>\n\t\r\n<div>\r\n<p>En segundo lugar,&nbsp; la actividad titulada <a href=\"https:\/\/drive.google.com\/file\/d\/19a3LBtdcwXx6WRUwStrRVk7AiLTn4Bmh\/view?usp=sharing\" target=\"_blank\" rel=\"noopener\" data-saferedirecturl=\"https:\/\/www.google.com\/url?q=https:\/\/drive.google.com\/file\/d\/19a3LBtdcwXx6WRUwStrRVk7AiLTn4Bmh\/view?usp%3Dsharing&amp;source=gmail&amp;ust=1647808207626000&amp;usg=AOvVaw1tUrtVNiDW5U7SYrcVGYFr\" target=\"_blank\">POES\u00cdA Y QR<\/a>, en la que los alumnos han realizado una copia de, al menos,&nbsp; una de las&nbsp; p\u00e1ginas de poes\u00edas con QR del documento compartido y han difundido, peg\u00e1ndolas en las paredes, farolas, establecimientos, etc. de nuestra localidad. Con toda la localidad inundada de c\u00f3digos QR po\u00e9ticos se ha generado en Google Maps un <a href=\"https:\/\/www.google.com\/maps\/d\/u\/0\/viewer?mid=1Xk7xo9z1DxMoRmpOr135dIw68NSW9mZ9&amp;ll=37.329167862029%2C-5.4129268421682175&amp;z=14\" target=\"_blank\">itinerario po\u00e9tico<\/a> en Marchena. Hemos seleccionado unas cuantas de estas fotos.<\/p>\r\n<p>&nbsp;<\/p>\r\n<div id='gallery-1' class='gallery galleryid-1463 gallery-columns-3 gallery-size-thumbnail'><figure class='gallery-item'>\n\t\t\t<div class='gallery-icon portrait'>\n\t\t\t\t<a href='https:\/\/biblioteca.isidrodearceneguiycarmona.es\/?attachment_id=1474'><img loading=\"lazy\" decoding=\"async\" width=\"150\" height=\"150\" src=\"https:\/\/biblioteca.isidrodearceneguiycarmona.es\/wp-content\/uploads\/2022\/03\/Arco-de-la-Rosa-150x150.jpg\" class=\"attachment-thumbnail size-thumbnail\" alt=\"\" \/><\/a>\n\t\t\t<\/div><\/figure><figure class='gallery-item'>\n\t\t\t<div class='gallery-icon portrait'>\n\t\t\t\t<a href='https:\/\/biblioteca.isidrodearceneguiycarmona.es\/?attachment_id=1475'><img loading=\"lazy\" decoding=\"async\" width=\"150\" height=\"150\" src=\"https:\/\/biblioteca.isidrodearceneguiycarmona.es\/wp-content\/uploads\/2022\/03\/Biblioteca-Publica-otra-mas-150x150.jpeg\" class=\"attachment-thumbnail size-thumbnail\" alt=\"\" \/><\/a>\n\t\t\t<\/div><\/figure><figure class='gallery-item'>\n\t\t\t<div class='gallery-icon landscape'>\n\t\t\t\t<a href='https:\/\/biblioteca.isidrodearceneguiycarmona.es\/?attachment_id=1476'><img loading=\"lazy\" decoding=\"async\" width=\"150\" height=\"150\" src=\"https:\/\/biblioteca.isidrodearceneguiycarmona.es\/wp-content\/uploads\/2022\/03\/Calle-Carrera-Area-de-juventud-150x150.png\" class=\"attachment-thumbnail size-thumbnail\" alt=\"\" \/><\/a>\n\t\t\t<\/div><\/figure><figure class='gallery-item'>\n\t\t\t<div class='gallery-icon portrait'>\n\t\t\t\t<a href='https:\/\/biblioteca.isidrodearceneguiycarmona.es\/?attachment_id=1477'><img loading=\"lazy\" decoding=\"async\" width=\"150\" height=\"150\" src=\"https:\/\/biblioteca.isidrodearceneguiycarmona.es\/wp-content\/uploads\/2022\/03\/calle-Cuna-150x150.jpg\" class=\"attachment-thumbnail size-thumbnail\" alt=\"\" \/><\/a>\n\t\t\t<\/div><\/figure><figure class='gallery-item'>\n\t\t\t<div class='gallery-icon portrait'>\n\t\t\t\t<a href='https:\/\/biblioteca.isidrodearceneguiycarmona.es\/?attachment_id=1478'><img loading=\"lazy\" decoding=\"async\" width=\"150\" height=\"150\" src=\"https:\/\/biblioteca.isidrodearceneguiycarmona.es\/wp-content\/uploads\/2022\/03\/Calle-El-cura-150x150.jpeg\" class=\"attachment-thumbnail size-thumbnail\" alt=\"\" \/><\/a>\n\t\t\t<\/div><\/figure><figure class='gallery-item'>\n\t\t\t<div class='gallery-icon landscape'>\n\t\t\t\t<a href='https:\/\/biblioteca.isidrodearceneguiycarmona.es\/?attachment_id=1479'><img loading=\"lazy\" decoding=\"async\" width=\"150\" height=\"150\" src=\"https:\/\/biblioteca.isidrodearceneguiycarmona.es\/wp-content\/uploads\/2022\/03\/Calle-Miguel-Parrales-1-150x150.jpg\" class=\"attachment-thumbnail size-thumbnail\" alt=\"\" \/><\/a>\n\t\t\t<\/div><\/figure><figure class='gallery-item'>\n\t\t\t<div class='gallery-icon portrait'>\n\t\t\t\t<a href='https:\/\/biblioteca.isidrodearceneguiycarmona.es\/?attachment_id=1480'><img loading=\"lazy\" decoding=\"async\" width=\"150\" height=\"150\" src=\"https:\/\/biblioteca.isidrodearceneguiycarmona.es\/wp-content\/uploads\/2022\/03\/Calle-san-Pedro-150x150.jpg\" class=\"attachment-thumbnail size-thumbnail\" alt=\"\" \/><\/a>\n\t\t\t<\/div><\/figure><figure class='gallery-item'>\n\t\t\t<div class='gallery-icon portrait'>\n\t\t\t\t<a href='https:\/\/biblioteca.isidrodearceneguiycarmona.es\/?attachment_id=1481'><img loading=\"lazy\" decoding=\"async\" width=\"150\" height=\"150\" src=\"https:\/\/biblioteca.isidrodearceneguiycarmona.es\/wp-content\/uploads\/2022\/03\/Calle-Virgen-del-Aguila-150x150.jpg\" class=\"attachment-thumbnail size-thumbnail\" alt=\"\" \/><\/a>\n\t\t\t<\/div><\/figure><figure class='gallery-item'>\n\t\t\t<div class='gallery-icon landscape'>\n\t\t\t\t<a href='https:\/\/biblioteca.isidrodearceneguiycarmona.es\/?attachment_id=1482'><img loading=\"lazy\" decoding=\"async\" width=\"150\" height=\"150\" src=\"https:\/\/biblioteca.isidrodearceneguiycarmona.es\/wp-content\/uploads\/2022\/03\/Castillo-de-la-Mota-150x150.png\" class=\"attachment-thumbnail size-thumbnail\" alt=\"\" \/><\/a>\n\t\t\t<\/div><\/figure><figure class='gallery-item'>\n\t\t\t<div class='gallery-icon landscape'>\n\t\t\t\t<a href='https:\/\/biblioteca.isidrodearceneguiycarmona.es\/?attachment_id=1483'><img loading=\"lazy\" decoding=\"async\" width=\"150\" height=\"150\" src=\"https:\/\/biblioteca.isidrodearceneguiycarmona.es\/wp-content\/uploads\/2022\/03\/El-pololo-150x150.jpg\" class=\"attachment-thumbnail size-thumbnail\" alt=\"\" \/><\/a>\n\t\t\t<\/div><\/figure><figure class='gallery-item'>\n\t\t\t<div class='gallery-icon portrait'>\n\t\t\t\t<a href='https:\/\/biblioteca.isidrodearceneguiycarmona.es\/?attachment_id=1484'><img loading=\"lazy\" decoding=\"async\" width=\"150\" height=\"150\" src=\"https:\/\/biblioteca.isidrodearceneguiycarmona.es\/wp-content\/uploads\/2022\/03\/Iglesia-de-La-Milagrosa-150x150.jpg\" class=\"attachment-thumbnail size-thumbnail\" alt=\"\" \/><\/a>\n\t\t\t<\/div><\/figure><figure class='gallery-item'>\n\t\t\t<div class='gallery-icon portrait'>\n\t\t\t\t<a href='https:\/\/biblioteca.isidrodearceneguiycarmona.es\/?attachment_id=1485'><img loading=\"lazy\" decoding=\"async\" width=\"150\" height=\"150\" src=\"https:\/\/biblioteca.isidrodearceneguiycarmona.es\/wp-content\/uploads\/2022\/03\/Iglesia-Santa-Maria-150x150.png\" class=\"attachment-thumbnail size-thumbnail\" alt=\"\" \/><\/a>\n\t\t\t<\/div><\/figure><figure class='gallery-item'>\n\t\t\t<div class='gallery-icon portrait'>\n\t\t\t\t<a href='https:\/\/biblioteca.isidrodearceneguiycarmona.es\/?attachment_id=1486'><img loading=\"lazy\" decoding=\"async\" width=\"150\" height=\"150\" src=\"https:\/\/biblioteca.isidrodearceneguiycarmona.es\/wp-content\/uploads\/2022\/03\/Imprenta-Pruna-calle-Antonia-Diaz-150x150.jpg\" class=\"attachment-thumbnail size-thumbnail\" alt=\"\" \/><\/a>\n\t\t\t<\/div><\/figure><figure class='gallery-item'>\n\t\t\t<div class='gallery-icon portrait'>\n\t\t\t\t<a href='https:\/\/biblioteca.isidrodearceneguiycarmona.es\/?attachment_id=1487'><img loading=\"lazy\" decoding=\"async\" width=\"150\" height=\"150\" src=\"https:\/\/biblioteca.isidrodearceneguiycarmona.es\/wp-content\/uploads\/2022\/03\/Plaza-Ayuntamiento-150x150.jpg\" class=\"attachment-thumbnail size-thumbnail\" alt=\"\" \/><\/a>\n\t\t\t<\/div><\/figure><figure class='gallery-item'>\n\t\t\t<div class='gallery-icon portrait'>\n\t\t\t\t<a href='https:\/\/biblioteca.isidrodearceneguiycarmona.es\/?attachment_id=1488'><img loading=\"lazy\" decoding=\"async\" width=\"150\" height=\"150\" src=\"https:\/\/biblioteca.isidrodearceneguiycarmona.es\/wp-content\/uploads\/2022\/03\/Tienda-El-Antojo-calle-Moron-de-La-Frontera-150x150.jpg\" class=\"attachment-thumbnail size-thumbnail\" alt=\"\" \/><\/a>\n\t\t\t<\/div><\/figure>\n\t\t<\/div>\n\r\n<\/div>\r\n\r\n<figure class=\"wp-block-image size-full is-resized\"><img loading=\"lazy\" decoding=\"async\" class=\"wp-image-1492\" src=\"http:\/\/biblioteca.isidrodearceneguiycarmona.es\/wp-content\/uploads\/2022\/03\/mapa.jpg\" alt=\"\" width=\"839\" height=\"632\" srcset=\"https:\/\/biblioteca.isidrodearceneguiycarmona.es\/wp-content\/uploads\/2022\/03\/mapa.jpg 684w, https:\/\/biblioteca.isidrodearceneguiycarmona.es\/wp-content\/uploads\/2022\/03\/mapa-300x226.jpg 300w\" sizes=\"auto, (max-width: 839px) 100vw, 839px\" \/>\r\n<figcaption>Itinerario po\u00e9tico en Marchena<\/figcaption>\r\n<\/figure>\r\n\r\n\r\n<figure class=\"wp-block-post-featured-image\"><img loading=\"lazy\" decoding=\"async\" width=\"1700\" height=\"2200\" src=\"https:\/\/biblioteca.isidrodearceneguiycarmona.es\/wp-content\/uploads\/2022\/03\/Dia-de-la-poesia.jpg\" class=\"attachment-post-thumbnail size-post-thumbnail wp-post-image\" alt=\"D\u00eda de la poes\u00eda\" style=\"object-fit:cover;\" srcset=\"https:\/\/biblioteca.isidrodearceneguiycarmona.es\/wp-content\/uploads\/2022\/03\/Dia-de-la-poesia.jpg 1700w, https:\/\/biblioteca.isidrodearceneguiycarmona.es\/wp-content\/uploads\/2022\/03\/Dia-de-la-poesia-232x300.jpg 232w, https:\/\/biblioteca.isidrodearceneguiycarmona.es\/wp-content\/uploads\/2022\/03\/Dia-de-la-poesia-791x1024.jpg 791w, https:\/\/biblioteca.isidrodearceneguiycarmona.es\/wp-content\/uploads\/2022\/03\/Dia-de-la-poesia-768x994.jpg 768w, https:\/\/biblioteca.isidrodearceneguiycarmona.es\/wp-content\/uploads\/2022\/03\/Dia-de-la-poesia-1187x1536.jpg 1187w, https:\/\/biblioteca.isidrodearceneguiycarmona.es\/wp-content\/uploads\/2022\/03\/Dia-de-la-poesia-1583x2048.jpg 1583w\" sizes=\"auto, (max-width: 1700px) 100vw, 1700px\" \/><\/figure>\r\n\r\n<figure class=\"wp-block-post-featured-image\"><img loading=\"lazy\" decoding=\"async\" width=\"1700\" height=\"2200\" src=\"https:\/\/biblioteca.isidrodearceneguiycarmona.es\/wp-content\/uploads\/2022\/03\/Dia-de-la-poesia.jpg\" class=\"attachment-post-thumbnail size-post-thumbnail wp-post-image\" alt=\"D\u00eda de la poes\u00eda\" style=\"object-fit:cover;\" srcset=\"https:\/\/biblioteca.isidrodearceneguiycarmona.es\/wp-content\/uploads\/2022\/03\/Dia-de-la-poesia.jpg 1700w, https:\/\/biblioteca.isidrodearceneguiycarmona.es\/wp-content\/uploads\/2022\/03\/Dia-de-la-poesia-232x300.jpg 232w, https:\/\/biblioteca.isidrodearceneguiycarmona.es\/wp-content\/uploads\/2022\/03\/Dia-de-la-poesia-791x1024.jpg 791w, https:\/\/biblioteca.isidrodearceneguiycarmona.es\/wp-content\/uploads\/2022\/03\/Dia-de-la-poesia-768x994.jpg 768w, https:\/\/biblioteca.isidrodearceneguiycarmona.es\/wp-content\/uploads\/2022\/03\/Dia-de-la-poesia-1187x1536.jpg 1187w, https:\/\/biblioteca.isidrodearceneguiycarmona.es\/wp-content\/uploads\/2022\/03\/Dia-de-la-poesia-1583x2048.jpg 1583w\" sizes=\"auto, (max-width: 1700px) 100vw, 1700px\" \/><\/figure>","protected":false},"excerpt":{"rendered":"<p>Como cada 21 de marzo, se celebra el d\u00eda mundial de la poes\u00eda y, en este sentido,&nbsp; hemos llevado a &hellip; <\/p>\n","protected":false},"author":3,"featured_media":1493,"comment_status":"closed","ping_status":"closed","sticky":false,"template":"","format":"standard","meta":{"footnotes":""},"categories":[9],"tags":[],"class_list":["post-1463","post","type-post","status-publish","format-standard","has-post-thumbnail","hentry","category-eventos"],"_links":{"self":[{"href":"https:\/\/biblioteca.isidrodearceneguiycarmona.es\/index.php?rest_route=\/wp\/v2\/posts\/1463","targetHints":{"allow":["GET"]}}],"collection":[{"href":"https:\/\/biblioteca.isidrodearceneguiycarmona.es\/index.php?rest_route=\/wp\/v2\/posts"}],"about":[{"href":"https:\/\/biblioteca.isidrodearceneguiycarmona.es\/index.php?rest_route=\/wp\/v2\/types\/post"}],"author":[{"embeddable":true,"href":"https:\/\/biblioteca.isidrodearceneguiycarmona.es\/index.php?rest_route=\/wp\/v2\/users\/3"}],"replies":[{"embeddable":true,"href":"https:\/\/biblioteca.isidrodearceneguiycarmona.es\/index.php?rest_route=%2Fwp%2Fv2%2Fcomments&post=1463"}],"version-history":[{"count":8,"href":"https:\/\/biblioteca.isidrodearceneguiycarmona.es\/index.php?rest_route=\/wp\/v2\/posts\/1463\/revisions"}],"predecessor-version":[{"id":1501,"href":"https:\/\/biblioteca.isidrodearceneguiycarmona.es\/index.php?rest_route=\/wp\/v2\/posts\/1463\/revisions\/1501"}],"wp:featuredmedia":[{"embeddable":true,"href":"https:\/\/biblioteca.isidrodearceneguiycarmona.es\/index.php?rest_route=\/wp\/v2\/media\/1493"}],"wp:attachment":[{"href":"https:\/\/biblioteca.isidrodearceneguiycarmona.es\/index.php?rest_route=%2Fwp%2Fv2%2Fmedia&parent=1463"}],"wp:term":[{"taxonomy":"category","embeddable":true,"href":"https:\/\/biblioteca.isidrodearceneguiycarmona.es\/index.php?rest_route=%2Fwp%2Fv2%2Fcategories&post=1463"},{"taxonomy":"post_tag","embeddable":true,"href":"https:\/\/biblioteca.isidrodearceneguiycarmona.es\/index.php?rest_route=%2Fwp%2Fv2%2Ftags&post=1463"}],"curies":[{"name":"wp","href":"https:\/\/api.w.org\/{rel}","templated":true}]}}