{"id":151,"date":"2009-03-18T13:18:00","date_gmt":"2009-03-18T13:18:00","guid":{"rendered":"http:\/\/new.isidrodearceneguiycarmona.es"},"modified":"2009-03-18T13:18:00","modified_gmt":"2009-03-18T13:18:00","slug":"151-2","status":"publish","type":"post","link":"https:\/\/biblioteca.isidrodearceneguiycarmona.es\/?p=151","title":{"rendered":""},"content":{"rendered":"<p><span style=\"font-weight: bold;\"><span style=\"font-size:130%;\"><span style=\"font-family:verdana;\"><span style=\"color: rgb(51, 51, 255);\">CONCURSO DE MARCAP\u00c1GINAS CON OCASI\u00d3N DEL D\u00cdA DEL<\/span><\/span><\/span><\/span><span style=\"font-weight: bold;\"><span style=\"font-size:130%;\"><span style=\"font-family:verdana;\"><span style=\"color: rgb(51, 51, 255);\"> LIBRO DEL 23 DE ABRIL DEL PRESENTE CURSO ESCOLAR 2008\/09:<\/span> <span style=\"font-size:100%;\"><br \/><span style=\"color: rgb(0, 153, 0);\">La biblioteca &#8220;Rosario Mart\u00edn&#8221; de nuestro IES Isidro Arcenegui y Carmona de Marchena  organiza, en colaboraci\u00f3n con los Departamentos  did\u00e1cticos de Dibujo y Lengua y Literatura, un concurso de marcap\u00e1ginas titulado &#8220;Disfruta con los 5 sentidos&#8221;, en relaci\u00f3n con el Plan de fomento de la lectoescritura, para el primer nivel de la ESO.<\/p>\n<p><\/span><\/span><\/span><\/span><\/span><a href=\"http:\/\/1.bp.blogspot.com\/_YKFw-Wn3qxk\/ScD2Do1cgGI\/AAAAAAAAAHE\/RuipEJu-fcw\/s1600-h\/marcapaginas+concurso.jpg\" target=\"_blank\"><img decoding=\"async\" style=\"cursor: pointer; width: 572px; height: 243px;\" src=\"http:\/\/1.bp.blogspot.com\/_YKFw-Wn3qxk\/ScD2Do1cgGI\/AAAAAAAAAHE\/RuipEJu-fcw\/s320\/marcapaginas+concurso.jpg\" alt=\"\" id=\"BLOGGER_PHOTO_ID_5314518102658809954\" border=\"0\" \/><\/a><br \/><span style=\"font-weight: bold;\"><span style=\"font-size:130%;\"><span style=\"font-family:verdana;\"><span style=\"font-size:100%;\"><span style=\"color: rgb(0, 153, 0);\"> <\/span><br \/><\/span><\/span><\/span><\/span><\/p>\n","protected":false},"excerpt":{"rendered":"<p>CONCURSO DE MARCAP\u00c1GINAS CON OCASI\u00d3N DEL D\u00cdA DEL LIBRO DEL 23 DE ABRIL DEL PRESENTE CURSO ESCOLAR 2008\/09: La biblioteca &hellip; <\/p>\n","protected":false},"author":3,"featured_media":0,"comment_status":"open","ping_status":"open","sticky":false,"template":"","format":"standard","meta":{"footnotes":""},"categories":[6],"tags":[],"class_list":["post-151","post","type-post","status-publish","format-standard","hentry","category-concursos"],"_links":{"self":[{"href":"https:\/\/biblioteca.isidrodearceneguiycarmona.es\/index.php?rest_route=\/wp\/v2\/posts\/151","targetHints":{"allow":["GET"]}}],"collection":[{"href":"https:\/\/biblioteca.isidrodearceneguiycarmona.es\/index.php?rest_route=\/wp\/v2\/posts"}],"about":[{"href":"https:\/\/biblioteca.isidrodearceneguiycarmona.es\/index.php?rest_route=\/wp\/v2\/types\/post"}],"author":[{"embeddable":true,"href":"https:\/\/biblioteca.isidrodearceneguiycarmona.es\/index.php?rest_route=\/wp\/v2\/users\/3"}],"replies":[{"embeddable":true,"href":"https:\/\/biblioteca.isidrodearceneguiycarmona.es\/index.php?rest_route=%2Fwp%2Fv2%2Fcomments&post=151"}],"version-history":[{"count":0,"href":"https:\/\/biblioteca.isidrodearceneguiycarmona.es\/index.php?rest_route=\/wp\/v2\/posts\/151\/revisions"}],"wp:attachment":[{"href":"https:\/\/biblioteca.isidrodearceneguiycarmona.es\/index.php?rest_route=%2Fwp%2Fv2%2Fmedia&parent=151"}],"wp:term":[{"taxonomy":"category","embeddable":true,"href":"https:\/\/biblioteca.isidrodearceneguiycarmona.es\/index.php?rest_route=%2Fwp%2Fv2%2Fcategories&post=151"},{"taxonomy":"post_tag","embeddable":true,"href":"https:\/\/biblioteca.isidrodearceneguiycarmona.es\/index.php?rest_route=%2Fwp%2Fv2%2Ftags&post=151"}],"curies":[{"name":"wp","href":"https:\/\/api.w.org\/{rel}","templated":true}]}}