{"id":1515,"date":"2022-04-23T12:02:36","date_gmt":"2022-04-23T12:02:36","guid":{"rendered":"http:\/\/biblioteca.isidrodearceneguiycarmona.es\/?p=1515"},"modified":"2022-04-23T12:24:11","modified_gmt":"2022-04-23T12:24:11","slug":"ganadores-concurso-marcapaginas-curso-2021-22","status":"publish","type":"post","link":"https:\/\/biblioteca.isidrodearceneguiycarmona.es\/?p=1515","title":{"rendered":"GANADORES CONCURSO MARCAP\u00c1GINAS CURSO 2021-22"},"content":{"rendered":"<p><span style=\"color: #0000ff;\">CELEBRADO NUESTRO CONCURSO DE MARCAP\u00c1GINAS EN EL D\u00cdA DEL LIBRO, LAS ALUMNAS GANADORAS HAN SIDO :<\/span><span style=\"color: #800080;\"> &nbsp; &nbsp;<\/span><\/p>\n<p><span style=\"color: #800080;\">&nbsp;IRINA RODR\u00cdGUEZ D\u00cdAZ&nbsp;&nbsp;&nbsp;&nbsp;&nbsp;&nbsp;&nbsp;&nbsp;&nbsp;&nbsp;&nbsp;&nbsp;&nbsp;&nbsp;&nbsp;&nbsp;&nbsp;&nbsp;&nbsp;&nbsp;&nbsp;&nbsp;&nbsp;&nbsp;&nbsp;&nbsp;&nbsp;&nbsp;&nbsp;&nbsp;&nbsp;&nbsp;&nbsp;&nbsp;&nbsp;&nbsp;&nbsp;&nbsp;&nbsp;&nbsp;&nbsp;&nbsp;&nbsp;&nbsp;&nbsp;&nbsp;&nbsp;&nbsp;&nbsp;&nbsp;&nbsp;&nbsp;&nbsp;&nbsp;&nbsp;&nbsp;&nbsp;&nbsp;&nbsp;&nbsp;&nbsp;&nbsp;&nbsp;&nbsp;&nbsp;&nbsp;&nbsp;&nbsp;&nbsp;&nbsp;&nbsp;&nbsp;&nbsp;&nbsp;&nbsp;&nbsp;&nbsp;&nbsp;&nbsp;&nbsp;&nbsp;&nbsp;&nbsp;&nbsp;&nbsp; JULIA ESP\u00cdNOLA MONTERO<\/span><\/p>\n<p><a href=\"http:\/\/biblioteca.isidrodearceneguiycarmona.es\/?attachment_id=1539\" rel=\"attachment wp-att-1539\"><img loading=\"lazy\" decoding=\"async\" class=\"alignleft wp-image-1539 \" src=\"http:\/\/biblioteca.isidrodearceneguiycarmona.es\/wp-content\/uploads\/2022\/04\/IMG_20220422_190444-768x1024.jpg\" alt=\"\" width=\"346\" height=\"462\" srcset=\"https:\/\/biblioteca.isidrodearceneguiycarmona.es\/wp-content\/uploads\/2022\/04\/IMG_20220422_190444-768x1024.jpg 768w, https:\/\/biblioteca.isidrodearceneguiycarmona.es\/wp-content\/uploads\/2022\/04\/IMG_20220422_190444-225x300.jpg 225w, https:\/\/biblioteca.isidrodearceneguiycarmona.es\/wp-content\/uploads\/2022\/04\/IMG_20220422_190444-1152x1536.jpg 1152w, https:\/\/biblioteca.isidrodearceneguiycarmona.es\/wp-content\/uploads\/2022\/04\/IMG_20220422_190444-1536x2048.jpg 1536w\" sizes=\"auto, (max-width: 346px) 100vw, 346px\" \/><\/a> <a href=\"http:\/\/biblioteca.isidrodearceneguiycarmona.es\/?attachment_id=1538\" rel=\"attachment wp-att-1538\"><img loading=\"lazy\" decoding=\"async\" class=\"alignright wp-image-1538 \" src=\"http:\/\/biblioteca.isidrodearceneguiycarmona.es\/wp-content\/uploads\/2022\/04\/IMG_20220422_190433-225x300.jpg\" alt=\"\" width=\"347\" height=\"463\" srcset=\"https:\/\/biblioteca.isidrodearceneguiycarmona.es\/wp-content\/uploads\/2022\/04\/IMG_20220422_190433-225x300.jpg 225w, https:\/\/biblioteca.isidrodearceneguiycarmona.es\/wp-content\/uploads\/2022\/04\/IMG_20220422_190433-768x1024.jpg 768w, https:\/\/biblioteca.isidrodearceneguiycarmona.es\/wp-content\/uploads\/2022\/04\/IMG_20220422_190433-1152x1536.jpg 1152w, https:\/\/biblioteca.isidrodearceneguiycarmona.es\/wp-content\/uploads\/2022\/04\/IMG_20220422_190433-1536x2048.jpg 1536w\" sizes=\"auto, (max-width: 347px) 100vw, 347px\" \/><\/a><a href=\"http:\/\/biblioteca.isidrodearceneguiycarmona.es\/?attachment_id=1542\" rel=\"attachment wp-att-1542\"><img loading=\"lazy\" decoding=\"async\" class=\"aligncenter size-full wp-image-1542\" src=\"http:\/\/biblioteca.isidrodearceneguiycarmona.es\/wp-content\/uploads\/2022\/04\/IMG-20220422-WA0006.jpeg\" alt=\"\" width=\"4096\" height=\"2304\" srcset=\"https:\/\/biblioteca.isidrodearceneguiycarmona.es\/wp-content\/uploads\/2022\/04\/IMG-20220422-WA0006.jpeg 4096w, https:\/\/biblioteca.isidrodearceneguiycarmona.es\/wp-content\/uploads\/2022\/04\/IMG-20220422-WA0006-300x169.jpeg 300w, https:\/\/biblioteca.isidrodearceneguiycarmona.es\/wp-content\/uploads\/2022\/04\/IMG-20220422-WA0006-1024x576.jpeg 1024w, https:\/\/biblioteca.isidrodearceneguiycarmona.es\/wp-content\/uploads\/2022\/04\/IMG-20220422-WA0006-768x432.jpeg 768w, https:\/\/biblioteca.isidrodearceneguiycarmona.es\/wp-content\/uploads\/2022\/04\/IMG-20220422-WA0006-1536x864.jpeg 1536w, https:\/\/biblioteca.isidrodearceneguiycarmona.es\/wp-content\/uploads\/2022\/04\/IMG-20220422-WA0006-2048x1152.jpeg 2048w\" sizes=\"auto, (max-width: 4096px) 100vw, 4096px\" \/><\/a><\/p>\n","protected":false},"excerpt":{"rendered":"<p>CELEBRADO NUESTRO CONCURSO DE MARCAP\u00c1GINAS EN EL D\u00cdA DEL LIBRO, LAS ALUMNAS GANADORAS HAN SIDO : &nbsp; &nbsp; &nbsp;IRINA RODR\u00cdGUEZ &hellip; <\/p>\n","protected":false},"author":3,"featured_media":1542,"comment_status":"closed","ping_status":"closed","sticky":false,"template":"","format":"standard","meta":{"footnotes":""},"categories":[6],"tags":[],"class_list":["post-1515","post","type-post","status-publish","format-standard","has-post-thumbnail","hentry","category-concursos"],"_links":{"self":[{"href":"https:\/\/biblioteca.isidrodearceneguiycarmona.es\/index.php?rest_route=\/wp\/v2\/posts\/1515","targetHints":{"allow":["GET"]}}],"collection":[{"href":"https:\/\/biblioteca.isidrodearceneguiycarmona.es\/index.php?rest_route=\/wp\/v2\/posts"}],"about":[{"href":"https:\/\/biblioteca.isidrodearceneguiycarmona.es\/index.php?rest_route=\/wp\/v2\/types\/post"}],"author":[{"embeddable":true,"href":"https:\/\/biblioteca.isidrodearceneguiycarmona.es\/index.php?rest_route=\/wp\/v2\/users\/3"}],"replies":[{"embeddable":true,"href":"https:\/\/biblioteca.isidrodearceneguiycarmona.es\/index.php?rest_route=%2Fwp%2Fv2%2Fcomments&post=1515"}],"version-history":[{"count":4,"href":"https:\/\/biblioteca.isidrodearceneguiycarmona.es\/index.php?rest_route=\/wp\/v2\/posts\/1515\/revisions"}],"predecessor-version":[{"id":1548,"href":"https:\/\/biblioteca.isidrodearceneguiycarmona.es\/index.php?rest_route=\/wp\/v2\/posts\/1515\/revisions\/1548"}],"wp:featuredmedia":[{"embeddable":true,"href":"https:\/\/biblioteca.isidrodearceneguiycarmona.es\/index.php?rest_route=\/wp\/v2\/media\/1542"}],"wp:attachment":[{"href":"https:\/\/biblioteca.isidrodearceneguiycarmona.es\/index.php?rest_route=%2Fwp%2Fv2%2Fmedia&parent=1515"}],"wp:term":[{"taxonomy":"category","embeddable":true,"href":"https:\/\/biblioteca.isidrodearceneguiycarmona.es\/index.php?rest_route=%2Fwp%2Fv2%2Fcategories&post=1515"},{"taxonomy":"post_tag","embeddable":true,"href":"https:\/\/biblioteca.isidrodearceneguiycarmona.es\/index.php?rest_route=%2Fwp%2Fv2%2Ftags&post=1515"}],"curies":[{"name":"wp","href":"https:\/\/api.w.org\/{rel}","templated":true}]}}