{"id":152,"date":"2009-03-02T18:15:00","date_gmt":"2009-03-02T18:15:00","guid":{"rendered":"http:\/\/new.isidrodearceneguiycarmona.es"},"modified":"2009-03-02T18:15:00","modified_gmt":"2009-03-02T18:15:00","slug":"152-2","status":"publish","type":"post","link":"https:\/\/biblioteca.isidrodearceneguiycarmona.es\/?p=152","title":{"rendered":""},"content":{"rendered":"<p><a href=\"http:\/\/1.bp.blogspot.com\/_YKFw-Wn3qxk\/Sawj3XXhU9I\/AAAAAAAAAG8\/DDlakW3mdCI\/s1600-h\/el+coleccionista.JPG\" target=\"_blank\"><img decoding=\"async\" style=\"margin: 0pt 10px 10px 0pt; float: left; cursor: pointer; width: 225px; height: 320px;\" src=\"http:\/\/1.bp.blogspot.com\/_YKFw-Wn3qxk\/Sawj3XXhU9I\/AAAAAAAAAG8\/DDlakW3mdCI\/s320\/el+coleccionista.JPG\" alt=\"\" id=\"BLOGGER_PHOTO_ID_5308657494835418066\" border=\"0\" \/><\/a><br \/><span style=\"color: rgb(255, 204, 0);\"><span style=\"font-size:130%;\">D\u00cdA 8 DE MARZO: D\u00cdA DE LA MUJER<\/p>\n<p><span style=\"color: rgb(204, 51, 204);\">Dentro de la programaci\u00f3n de actividades organizada por el Excmo. Ayuntamiento de Marchena, el coordinador de la biblioteca colabora con los responsables de Coeducaci\u00f3n de nuestro centro IES Isidro Arcenegui y Carmona de Marchena,en el cine-forum &#8220;Educar por la igualdad&#8221;, con la proyecci\u00f3n de la pel\u00edcula de William Wyler, &#8220;<span style=\"color: rgb(102, 0, 204); font-style: italic;\">El coleccionista<\/span>&#8221; y la posterior puesta en com\u00fan con los grupos de Bachillerato tanto de nuestro centro como de los del IES L\u00f3pez de Arenas, el otro centro de Secundaria de nuestra localidad. La cita ser\u00e1 el d\u00eda 9 de Marzo a las 10,00 horas en el Sal\u00f3n de Actos del Ayuntamiento.<\/p>\n<p><\/span><\/span><\/span><\/p>\n","protected":false},"excerpt":{"rendered":"<p>D\u00cdA 8 DE MARZO: D\u00cdA DE LA MUJER Dentro de la programaci\u00f3n de actividades organizada por el Excmo. Ayuntamiento de &hellip; <\/p>\n","protected":false},"author":3,"featured_media":0,"comment_status":"open","ping_status":"open","sticky":false,"template":"","format":"standard","meta":{"footnotes":""},"categories":[7],"tags":[],"class_list":["post-152","post","type-post","status-publish","format-standard","hentry","category-celebraciones"],"_links":{"self":[{"href":"https:\/\/biblioteca.isidrodearceneguiycarmona.es\/index.php?rest_route=\/wp\/v2\/posts\/152","targetHints":{"allow":["GET"]}}],"collection":[{"href":"https:\/\/biblioteca.isidrodearceneguiycarmona.es\/index.php?rest_route=\/wp\/v2\/posts"}],"about":[{"href":"https:\/\/biblioteca.isidrodearceneguiycarmona.es\/index.php?rest_route=\/wp\/v2\/types\/post"}],"author":[{"embeddable":true,"href":"https:\/\/biblioteca.isidrodearceneguiycarmona.es\/index.php?rest_route=\/wp\/v2\/users\/3"}],"replies":[{"embeddable":true,"href":"https:\/\/biblioteca.isidrodearceneguiycarmona.es\/index.php?rest_route=%2Fwp%2Fv2%2Fcomments&post=152"}],"version-history":[{"count":0,"href":"https:\/\/biblioteca.isidrodearceneguiycarmona.es\/index.php?rest_route=\/wp\/v2\/posts\/152\/revisions"}],"wp:attachment":[{"href":"https:\/\/biblioteca.isidrodearceneguiycarmona.es\/index.php?rest_route=%2Fwp%2Fv2%2Fmedia&parent=152"}],"wp:term":[{"taxonomy":"category","embeddable":true,"href":"https:\/\/biblioteca.isidrodearceneguiycarmona.es\/index.php?rest_route=%2Fwp%2Fv2%2Fcategories&post=152"},{"taxonomy":"post_tag","embeddable":true,"href":"https:\/\/biblioteca.isidrodearceneguiycarmona.es\/index.php?rest_route=%2Fwp%2Fv2%2Ftags&post=152"}],"curies":[{"name":"wp","href":"https:\/\/api.w.org\/{rel}","templated":true}]}}