{"id":153,"date":"2009-02-24T09:30:00","date_gmt":"2009-02-24T09:30:00","guid":{"rendered":"http:\/\/new.isidrodearceneguiycarmona.es"},"modified":"2009-02-24T09:30:00","modified_gmt":"2009-02-24T09:30:00","slug":"153-2","status":"publish","type":"post","link":"https:\/\/biblioteca.isidrodearceneguiycarmona.es\/?p=153","title":{"rendered":""},"content":{"rendered":"<p><span style=\"FONT-WEIGHT: bold; COLOR: rgb(0,153,0)\">NUESTRO IES CELEBRA EL DIA DE ANDALUCIA CON NUMEROSAS ACTIVIDADES:<br \/><\/span><a href=\"http:\/\/4.bp.blogspot.com\/_YKFw-Wn3qxk\/SaO-tcmxdcI\/AAAAAAAAAGs\/rtGVjHCoMZ8\/s1600-h\/Andaluc%C3%83%C2%ADa.jpg\" target=\"_blank\"><img decoding=\"async\" id=\"BLOGGER_PHOTO_ID_5306294473954784706\" style=\"WIDTH: 192px; CURSOR: pointer; HEIGHT: 305px\" alt=\"\" src=\"http:\/\/4.bp.blogspot.com\/_YKFw-Wn3qxk\/SaO-tcmxdcI\/AAAAAAAAAGs\/rtGVjHCoMZ8\/s320\/Andaluc%C3%ADa.jpg\" border=\"0\" \/><\/a><br \/><span style=\"FONT-WEIGHT: bold; COLOR: rgb(0,153,0)\"><\/p>\n<p>Comenzaremos con una representaci\u00f3n del cl\u00e1sico de Lorca &#8220;La casa de Bernarda Alba&#8221;(s\u00f3lo para Bachillerato), desde las 8,30 de la ma\u00f1ana a las 10,00 horas. <\/span><br \/><span style=\"FONT-WEIGHT: bold; COLOR: rgb(0,153,0)\"><\/span><br \/><span style=\"FONT-WEIGHT: bold; COLOR: rgb(0,153,0)\">En el patio de la fuente nos reuniremos durante media hora todos para conmemorar, mediante una audici\u00f3n de nuestro himno, el d\u00eda de Andaluc\u00eda (\u00bfy unas palabritas de nuestro dire?).<\/span><br \/><strong><span style=\"color:#009900;\"><\/span><\/strong><br \/><strong><span style=\"color:#009900;\">A continuaci\u00f3n comenzar\u00e1n las actividades deportivas y l\u00fadicas en distintas zonas del centro: pistas deportivas, gimnasio, aula de dibujo&#8230;<\/span><\/strong><br \/><strong><span style=\"color:#009900;\"><\/span><\/strong><br \/><strong><span style=\"color:#009900;\">A las 12 horas abriremos el &#8220;SUM&#8221; para la estrella de la casa: el &#8220;karaoke&#8221;, y todos sus artistas invitados.<\/span><\/strong><br \/><strong><span style=\"color:#009900;\"><\/span><\/strong><br \/><strong><span style=\"color:#009900;\">Alrededor de las 14 horas, las barbacoas de los distintos grupos, acompa\u00f1ados por sus profesores, llenar\u00e1n los est\u00f3magos de los presentes.<\/span><\/strong><br \/><span style=\"FONT-WEIGHT: bold; COLOR: rgb(0,153,0)\"><\/span><br \/><span style=\"FONT-WEIGHT: bold; COLOR: rgb(0,153,0)\">\u00a1A pasarlo bien!<\/p>\n<p><\/span><span style=\"FONT-WEIGHT: bold; COLOR: rgb(0,153,0)\"><\/span><\/p>\n","protected":false},"excerpt":{"rendered":"<p>NUESTRO IES CELEBRA EL DIA DE ANDALUCIA CON NUMEROSAS ACTIVIDADES: Comenzaremos con una representaci\u00f3n del cl\u00e1sico de Lorca &#8220;La casa &hellip; <\/p>\n","protected":false},"author":3,"featured_media":0,"comment_status":"open","ping_status":"open","sticky":false,"template":"","format":"standard","meta":{"footnotes":""},"categories":[7],"tags":[],"class_list":["post-153","post","type-post","status-publish","format-standard","hentry","category-celebraciones"],"_links":{"self":[{"href":"https:\/\/biblioteca.isidrodearceneguiycarmona.es\/index.php?rest_route=\/wp\/v2\/posts\/153","targetHints":{"allow":["GET"]}}],"collection":[{"href":"https:\/\/biblioteca.isidrodearceneguiycarmona.es\/index.php?rest_route=\/wp\/v2\/posts"}],"about":[{"href":"https:\/\/biblioteca.isidrodearceneguiycarmona.es\/index.php?rest_route=\/wp\/v2\/types\/post"}],"author":[{"embeddable":true,"href":"https:\/\/biblioteca.isidrodearceneguiycarmona.es\/index.php?rest_route=\/wp\/v2\/users\/3"}],"replies":[{"embeddable":true,"href":"https:\/\/biblioteca.isidrodearceneguiycarmona.es\/index.php?rest_route=%2Fwp%2Fv2%2Fcomments&post=153"}],"version-history":[{"count":0,"href":"https:\/\/biblioteca.isidrodearceneguiycarmona.es\/index.php?rest_route=\/wp\/v2\/posts\/153\/revisions"}],"wp:attachment":[{"href":"https:\/\/biblioteca.isidrodearceneguiycarmona.es\/index.php?rest_route=%2Fwp%2Fv2%2Fmedia&parent=153"}],"wp:term":[{"taxonomy":"category","embeddable":true,"href":"https:\/\/biblioteca.isidrodearceneguiycarmona.es\/index.php?rest_route=%2Fwp%2Fv2%2Fcategories&post=153"},{"taxonomy":"post_tag","embeddable":true,"href":"https:\/\/biblioteca.isidrodearceneguiycarmona.es\/index.php?rest_route=%2Fwp%2Fv2%2Ftags&post=153"}],"curies":[{"name":"wp","href":"https:\/\/api.w.org\/{rel}","templated":true}]}}