{"id":154,"date":"2009-02-24T08:52:00","date_gmt":"2009-02-24T08:52:00","guid":{"rendered":"http:\/\/new.isidrodearceneguiycarmona.es"},"modified":"2009-02-24T08:52:00","modified_gmt":"2009-02-24T08:52:00","slug":"154-2","status":"publish","type":"post","link":"https:\/\/biblioteca.isidrodearceneguiycarmona.es\/?p=154","title":{"rendered":""},"content":{"rendered":"<p><a href=\"http:\/\/3.bp.blogspot.com\/_YKFw-Wn3qxk\/SaRg5XYHFFI\/AAAAAAAAAG0\/_ZXFe6UC3L4\/s1600-h\/P1090016.JPG\" target=\"_blank\"><img decoding=\"async\" id=\"BLOGGER_PHOTO_ID_5306472799593239634\" style=\"WIDTH: 564px; CURSOR: hand; HEIGHT: 240px\" alt=\"\" src=\"http:\/\/3.bp.blogspot.com\/_YKFw-Wn3qxk\/SaRg5XYHFFI\/AAAAAAAAAG0\/_ZXFe6UC3L4\/s320\/P1090016.JPG\" border=\"0\" \/><\/a><\/p>\n<div align=\"justify\"><span style=\"COLOR: rgb(153,51,0)\"><span style=\"FONT-WEIGHT: bold\"><span style=\"font-family:georgia;\">DESDE LA BIBLIOTECA RECORDAMOS A DARWIN, EL PADRE DE LA EVOLUCI\u00d3N, YA QUE SE CUMPLEN 200 A\u00d1OS DE SU NACIMIENTO Y 150 DE &#8220;EL ORIGEN DE LAS ESPECIES&#8221;.<\/span><\/span><\/span> <\/div>\n<div align=\"justify\"><\/div>\n<div style=\"TEXT-ALIGN: justify\" align=\"justify\"><span><span style=\"font-size:100%;\"><em><span style=\"color:#000099;\"><span style=\"FONT-STYLE: normal\">La gran aportaci\u00f3n de Darwin fue descubrir el<\/span><\/span><span style=\"color:#000099;\"><span style=\"FONT-STYLE: normal\"> mecanismo de la selecci\u00f3n natural como motor de la<\/span><\/span><span style=\"color:#000099;\"><span style=\"FONT-STYLE: normal\"> evoluci\u00f3n. Con la teor\u00eda darwinista se cre\u00f3 el marco que da unicidad a la actividad de<\/span><\/span><span style=\"color:#000099;\"><span style=\"FONT-STYLE: normal\"> todas aquellas ciencias<\/span><\/span><span style=\"color:#000099;\"><span style=\"FONT-STYLE: normal\"> cuyo objeto de estudio son los seres vivos y las<\/span><\/span><span style=\"color:#000099;\"><span style=\"FONT-STYLE: normal\"> propiedades que, como <\/span><\/span><span style=\"color:#000099;\"><span style=\"FONT-STYLE: normal\">el<\/span><\/span><span style=\"color:#000099;\"><span style=\"FONT-STYLE: normal\"> comportamiento, algunos manifiestan. Ello ha<\/span><\/span><span style=\"color:#000099;\"><span style=\"FONT-STYLE: normal\"> permitido que a lo largo del siglo XX<\/span><\/span><span style=\"color:#000099;\"><span style=\"FONT-STYLE: normal\"> la teor\u00eda propuesta por Darwin, en 1859, se haya<\/span><\/span><span style=\"color:#000099;\"><span style=\"FONT-STYLE: normal\"> enriquecido notablemente con las aportaciones de<\/span><\/span><span style=\"color:#000099;\"><span style=\"FONT-STYLE: normal\"> ciencias como la <\/span><\/span><span style=\"color:#000099;\"><span style=\"FONT-STYLE: normal\">Gen\u00e9tica, la Sistem\u00e1tica, la Paleontolog\u00eda, etc., que<\/span><\/span><span style=\"color:#000099;\"><span style=\"FONT-STYLE: normal\"> han contribuido a aumentar notablemente el poder explicativo de la teor\u00eda<\/span><\/span><span style=\"color:#000099;\"><span style=\"FONT-STYLE: normal\"> darwinista<\/span><\/span><span style=\"color:#000099;\"><span style=\"FONT-STYLE: normal\"> convirti\u00e9ndola en lo que<\/span><\/span><span style=\"color:#000099;\"><span style=\"FONT-STYLE: normal\"> hoy conocemos como Teor\u00eda sint\u00e9tica de la evoluci\u00f3n.<\/span><\/span><\/em> <\/span><\/span><\/div>\n<div style=\"TEXT-ALIGN: justify\"><a href=\"http:\/\/3.bp.blogspot.com\/_YKFw-Wn3qxk\/SaO31y2uBSI\/AAAAAAAAAGk\/TZ871h1Us-M\/s1600-h\/el_origen_de_las_especies_de_charles_darwin.jpg\" target=\"_blank\"><img decoding=\"async\" id=\"BLOGGER_PHOTO_ID_5306286920784807202\" style=\"WIDTH: 409px; CURSOR: pointer; HEIGHT: 300px\" alt=\"\" src=\"http:\/\/3.bp.blogspot.com\/_YKFw-Wn3qxk\/SaO31y2uBSI\/AAAAAAAAAGk\/TZ871h1Us-M\/s320\/el_origen_de_las_especies_de_charles_darwin.jpg\" border=\"0\" \/><\/a><br \/>Para m\u00e1s informaci\u00f3n te remitimos al excelente monogr\u00e1fico elaborado por &#8220;el mundo&#8221; digital en su p\u00e1gina :<\/p>\n<p>http: <a href=\"http:\/\/www.elmundo.es\/especiales\/2009\/02\/ciencia\/darwin\/\" target=\"_blank\">www.elmundo.es\/especiales\/2009\/02\/ciencia\/darwin\/<\/a><\/p>\n<\/div>\n","protected":false},"excerpt":{"rendered":"<p>DESDE LA BIBLIOTECA RECORDAMOS A DARWIN, EL PADRE DE LA EVOLUCI\u00d3N, YA QUE SE CUMPLEN 200 A\u00d1OS DE SU NACIMIENTO &hellip; <\/p>\n","protected":false},"author":3,"featured_media":0,"comment_status":"open","ping_status":"open","sticky":false,"template":"","format":"standard","meta":{"footnotes":""},"categories":[7],"tags":[],"class_list":["post-154","post","type-post","status-publish","format-standard","hentry","category-celebraciones"],"_links":{"self":[{"href":"https:\/\/biblioteca.isidrodearceneguiycarmona.es\/index.php?rest_route=\/wp\/v2\/posts\/154","targetHints":{"allow":["GET"]}}],"collection":[{"href":"https:\/\/biblioteca.isidrodearceneguiycarmona.es\/index.php?rest_route=\/wp\/v2\/posts"}],"about":[{"href":"https:\/\/biblioteca.isidrodearceneguiycarmona.es\/index.php?rest_route=\/wp\/v2\/types\/post"}],"author":[{"embeddable":true,"href":"https:\/\/biblioteca.isidrodearceneguiycarmona.es\/index.php?rest_route=\/wp\/v2\/users\/3"}],"replies":[{"embeddable":true,"href":"https:\/\/biblioteca.isidrodearceneguiycarmona.es\/index.php?rest_route=%2Fwp%2Fv2%2Fcomments&post=154"}],"version-history":[{"count":0,"href":"https:\/\/biblioteca.isidrodearceneguiycarmona.es\/index.php?rest_route=\/wp\/v2\/posts\/154\/revisions"}],"wp:attachment":[{"href":"https:\/\/biblioteca.isidrodearceneguiycarmona.es\/index.php?rest_route=%2Fwp%2Fv2%2Fmedia&parent=154"}],"wp:term":[{"taxonomy":"category","embeddable":true,"href":"https:\/\/biblioteca.isidrodearceneguiycarmona.es\/index.php?rest_route=%2Fwp%2Fv2%2Fcategories&post=154"},{"taxonomy":"post_tag","embeddable":true,"href":"https:\/\/biblioteca.isidrodearceneguiycarmona.es\/index.php?rest_route=%2Fwp%2Fv2%2Ftags&post=154"}],"curies":[{"name":"wp","href":"https:\/\/api.w.org\/{rel}","templated":true}]}}