{"id":155,"date":"2009-02-17T11:28:00","date_gmt":"2009-02-17T11:28:00","guid":{"rendered":"http:\/\/new.isidrodearceneguiycarmona.es"},"modified":"2009-02-17T11:28:00","modified_gmt":"2009-02-17T11:28:00","slug":"155-2","status":"publish","type":"post","link":"https:\/\/biblioteca.isidrodearceneguiycarmona.es\/?p=155","title":{"rendered":""},"content":{"rendered":"<p><a href=\"http:\/\/3.bp.blogspot.com\/_YKFw-Wn3qxk\/SZqqjfHRvpI\/AAAAAAAAAF8\/XVcaihJ4p40\/s1600-h\/P1010007.JPG\" target=\"_blank\"><img decoding=\"async\" style=\"cursor:pointer; cursor:hand;width: 320px; height: 240px;\" src=\"http:\/\/3.bp.blogspot.com\/_YKFw-Wn3qxk\/SZqqjfHRvpI\/AAAAAAAAAF8\/XVcaihJ4p40\/s320\/P1010007.JPG\" border=\"0\" alt=\"\" id=\"BLOGGER_PHOTO_ID_5303739037806345874\" \/><\/a><br \/><span><span><\/span><\/span><\/p>\n<div style=\"text-align: justify;\"><span style=\"color: rgb(51, 153, 153);\"><span  style=\"font-family:verdana;\">BIBLIOTECA ROSARIO MART\u00cdN (IES ISIDRO ARCENEGUI Y CARMONA)<\/span><\/span><\/div>\n<div><\/div>\n<div><\/div>\n<div><img decoding=\"async\" src=\"http:\/\/1.bp.blogspot.com\/_YKFw-Wn3qxk\/SZqpVETssnI\/AAAAAAAAAF0\/afcVsAGz7Vc\/s320\/P1020008.JPG\" \/><img decoding=\"async\" src=\"http:\/\/4.bp.blogspot.com\/_YKFw-Wn3qxk\/SZqmL3xg78I\/AAAAAAAAAFc\/08ZqhHkxiKo\/s320\/P1020015.JPG\" \/><span><span><\/span><\/span><\/p>\n<p><span style=\"color: rgb(51, 51, 255);\"><span  style=\"font-family:verdana;\">INAUGURAMOS HOY NUESTRA BIBLIOTECA DIGITAL<\/span><\/span><\/p>\n<div><span  style=\"color: rgb(51, 51, 255); font-family:verdana;\"><br \/><\/span><\/div>\n<div><span style=\"color: rgb(51, 51, 255);\"><span  style=\"font-family:verdana;\">\u00a0CON IM\u00c1GENES DE LA MISMA.<\/span><\/span><\/div>\n<div>\n<div><\/div>\n<div>\n<div style=\"text-align: justify;\">\u00a0<img decoding=\"async\" src=\"http:\/\/2.bp.blogspot.com\/_YKFw-Wn3qxk\/SZqkSpmfibI\/AAAAAAAAAFM\/5uSQ0OR5cPk\/s320\/P1020010.JPG\" \/><img decoding=\"async\" src=\"http:\/\/1.bp.blogspot.com\/_YKFw-Wn3qxk\/SZqjjPwY7aI\/AAAAAAAAAFE\/eXqI30y3lfw\/s320\/P1020009.JPG\" \/><\/div>\n<div><\/div>\n<div style=\"text-align: justify;\"><span style=\"color: rgb(51, 51, 255);\"><span  style=\"font-family:verdana;\">D<\/span>URANTE ESTE CURSO ESCOLAR 2008\/09 ESTAREMOS EXPURGANDO LA COLECCI\u00d3N Y REORGANIZ\u00c1NDOLA SEG\u00daN LA CDU (LOS LIBROS DE CONOCIMIENTO) Y SEG\u00daN LOS G\u00c9NEROS LITERARIOS (LAS OBRAS DE LECTURA O FICCI\u00d3N).<\/span><\/div>\n<div><span style=\"color: rgb(51, 51, 255);\"><span  style=\"font-family:verdana;\"><br \/><\/span><\/span><\/div>\n<div style=\"text-align: justify;\"><span  style=\"color: rgb(51, 51, 255);  font-family:verdana;\">OS INVITO TAMBI\u00c9N A ESCRIBIR VUESTRAS SUGERENCIAS, UTILIZANDO O BIEN EL BUZ\u00d3N DE SUGERENCIAS SITUADO A LA DERECHA DE LA PUERTA DE ACCESO A LA MISMA O BIEN ESTA BLOG, PARA MEJORARLA A GUSTO DE TODOS. PORQUE QUEREMOS PONER A TU DISPOSICI\u00d3N LO QUE T\u00da QUIERES LEER, HEMOS COMENZADO A ACTUALIZAR LA COLECCI\u00d3N, A PARTIR DE LAS ENCUESTAS QUE VUESTROS TUTORES OS EST\u00c1N HACIENDO LLEGAR.<\/span><\/div>\n<div style=\"text-align: justify;\"><span style=\"color: rgb(51, 51, 255);\"><span  style=\"font-family:verdana;\"><br \/><\/span><\/span><\/div>\n<div style=\"text-align: justify;\"><span  style=\"color: rgb(51, 51, 255); font-family:verdana;\"><br \/><\/span><\/div>\n<div style=\"text-align: justify;\"><span  style=\"color: rgb(51, 51, 255); font-family:verdana;\"><br \/><\/span><\/div>\n<div style=\"text-align: justify;\"><span  style=\"color: rgb(51, 51, 255); font-family:verdana;\"><br \/><\/span><\/div>\n<div style=\"text-align: justify;\"><span  style=\"color: rgb(51, 51, 255); font-family:verdana;\"><br \/><\/span><\/div>\n<div style=\"text-align: justify;\"><span  style=\"color: rgb(51, 51, 255); font-family:verdana;\"><br \/><\/span><\/div>\n<div style=\"text-align: justify;\"><span  style=\"color: rgb(51, 51, 255); font-family:verdana;\"><br \/><\/span><\/div>\n<div><\/div>\n<\/div>\n<\/div>\n<\/div>\n","protected":false},"excerpt":{"rendered":"<p>BIBLIOTECA ROSARIO MART\u00cdN (IES ISIDRO ARCENEGUI Y CARMONA) INAUGURAMOS HOY NUESTRA BIBLIOTECA DIGITAL \u00a0CON IM\u00c1GENES DE LA MISMA. \u00a0 DURANTE &hellip; <\/p>\n","protected":false},"author":3,"featured_media":0,"comment_status":"open","ping_status":"open","sticky":false,"template":"","format":"standard","meta":{"footnotes":""},"categories":[4],"tags":[],"class_list":["post-155","post","type-post","status-publish","format-standard","hentry","category-nuestra-biblioteca"],"_links":{"self":[{"href":"https:\/\/biblioteca.isidrodearceneguiycarmona.es\/index.php?rest_route=\/wp\/v2\/posts\/155","targetHints":{"allow":["GET"]}}],"collection":[{"href":"https:\/\/biblioteca.isidrodearceneguiycarmona.es\/index.php?rest_route=\/wp\/v2\/posts"}],"about":[{"href":"https:\/\/biblioteca.isidrodearceneguiycarmona.es\/index.php?rest_route=\/wp\/v2\/types\/post"}],"author":[{"embeddable":true,"href":"https:\/\/biblioteca.isidrodearceneguiycarmona.es\/index.php?rest_route=\/wp\/v2\/users\/3"}],"replies":[{"embeddable":true,"href":"https:\/\/biblioteca.isidrodearceneguiycarmona.es\/index.php?rest_route=%2Fwp%2Fv2%2Fcomments&post=155"}],"version-history":[{"count":0,"href":"https:\/\/biblioteca.isidrodearceneguiycarmona.es\/index.php?rest_route=\/wp\/v2\/posts\/155\/revisions"}],"wp:attachment":[{"href":"https:\/\/biblioteca.isidrodearceneguiycarmona.es\/index.php?rest_route=%2Fwp%2Fv2%2Fmedia&parent=155"}],"wp:term":[{"taxonomy":"category","embeddable":true,"href":"https:\/\/biblioteca.isidrodearceneguiycarmona.es\/index.php?rest_route=%2Fwp%2Fv2%2Fcategories&post=155"},{"taxonomy":"post_tag","embeddable":true,"href":"https:\/\/biblioteca.isidrodearceneguiycarmona.es\/index.php?rest_route=%2Fwp%2Fv2%2Ftags&post=155"}],"curies":[{"name":"wp","href":"https:\/\/api.w.org\/{rel}","templated":true}]}}