{"id":1614,"date":"2022-10-16T19:10:05","date_gmt":"2022-10-16T19:10:05","guid":{"rendered":"http:\/\/biblioteca.isidrodearceneguiycarmona.es\/?p=1614"},"modified":"2022-10-16T19:19:15","modified_gmt":"2022-10-16T19:19:15","slug":"dia-de-las-escritoras-antes-durante-y-despues-de-las-guerras","status":"publish","type":"post","link":"https:\/\/biblioteca.isidrodearceneguiycarmona.es\/?p=1614","title":{"rendered":"D\u00cdA DE LAS ESCRITORAS: &#8220;ANTES, DURANTE Y DESPU\u00c9S DE LAS GUERRAS&#8221;"},"content":{"rendered":"<p>Este lunes 17 de octubre la <a href=\"http:\/\/www.bne.es\/\" target=\"_blank\" rel=\"noopener\" target=\"_blank\">Biblioteca Nacional de Espa\u00f1a<\/a>, en colaboraci\u00f3n con la <a href=\"https:\/\/mujeresdirectivas.es\/\" target=\"_blank\" rel=\"noopener\" target=\"_blank\">Federaci\u00f3n Espa\u00f1ola de Mujeres Directivas, Ejecutivas, Profesionales y Empresarias (FEDEPE)<\/a> y con la <a href=\"http:\/\/www.clasicasymodernas.org\/\" target=\"_blank\" rel=\"noopener\" target=\"_blank\">Asociaci\u00f3n Cl\u00e1sicas y Modernas<\/a>, celebran la VII edici\u00f3n del D\u00eda de las Escritoras&nbsp; con el objeto de reivindicar la labor y el legado de las mujeres que han escrito a lo largo de la historia.<\/p>\n<p>El lema escogido para este a\u00f1o, &#8220;<span style=\"color: #0000ff;\">ANTES, DURANTE Y DESPU\u00c9S DE LAS GUERRAS<\/span>&#8220;\u201ces un homenaje al papel fundamental que han cumplido en situaciones de conflicto b\u00e9lico y ayuda a reflexionar y contemplar con otros ojos una situaci\u00f3n de sufrimiento, pero tambi\u00e9n de generosidad y compromiso\u201d, se\u00f1ala la directora de la BNE, Ana Santos Aramburo.<\/p>\n<p>Entre otras actividades, se leer\u00e1n e interpretar\u00e1n textos de mujeres determinantes para entender nuestra historia contempor\u00e1nea. Los m\u00e1s de veinte textos seleccionados por la comisaria abarcan la mayor\u00eda de los conflictos b\u00e9licos ocurridos a los dos lados del Atl\u00e1ntico en los siglos XIX y XX y las repercusiones de esos conflictos.<\/p>\n<p><strong>PROPUESTA PARA EL AULA:<\/strong><\/p>\n<p>El centro de documentaci\u00f3n <a href=\"https:\/\/www.juntadeandalucia.es\/institutodelamujer.\/index.php\/maria-zambrano\" target=\"_blank\">Mar\u00eda Zambrano<\/a>, ha elegido en esta ocasi\u00f3n a ocho dramaturgas andaluzas, pertenecientes a cada una de las provincias andaluzas y presentadas a trav\u00e9s de esta <a href=\"https:\/\/www.youtube.com\/playlist?list=PLxydhsSBJDsoaWCVRM3-Idg4L-6tDT62b\" target=\"_blank\">playlist. <\/a>Ser\u00eda una buena ocasi\u00f3n, la de esta efem\u00e9rides, para que estas dramaturgas se presenten as\u00ed mismas y a su obra en el aula : Desire\u00e9 Ortega (C\u00e1diz), Mercedes Le\u00f3n (M\u00e1laga), RUth Rubio (Huelva), Gracia Morales (Granada), Gracy Jaramago (Sevilla), Lola Vico (Ja\u00e9n) y Nieves Pedraza (C\u00f3rdoba).<\/p>\n<div class=\"wp-playlist wp-video-playlist wp-playlist-light\">\n\t\t<video controls=\"controls\" preload=\"none\" width=\"728\"\n\t\t height=\"546\"\t><\/video>\n\t<div class=\"wp-playlist-next\"><\/div>\n\t<div class=\"wp-playlist-prev\"><\/div>\n\t<noscript>\n\t<ol>\n\t\t<li><a href='https:\/\/biblioteca.isidrodearceneguiycarmona.es\/wp-content\/uploads\/2022\/10\/Dia-de-las-Escritoras-2022.-Nieves-Pedraza-Cordoba-720p_23fps_H264-192kbit_AAC.mp4'>D\u00eda de las Escritoras 2022. Nieves Pedraza, C\u00f3rdoba (720p_23fps_H264-192kbit_AAC)<\/a><\/li><li><a href='https:\/\/biblioteca.isidrodearceneguiycarmona.es\/wp-content\/uploads\/2022\/10\/Dia-de-las-Escritoras-2022.-Isabel-Martin-Salinas-Almeria-720p_23fps_H264-192kbit_AAC-2.mp4'>D\u00eda de las Escritoras 2022. Isabel Mart\u00edn Salinas, Almer\u00eda (720p_23fps_H264-192kbit_AAC) (2)<\/a><\/li><li><a href='https:\/\/biblioteca.isidrodearceneguiycarmona.es\/wp-content\/uploads\/2022\/10\/Dia-de-las-Escritoras-2022.-Lola-Vico-Jaen-720p_23fps_H264-192kbit_AAC-2.mp4'>D\u00eda de las Escritoras 2022. Lola Vico, Ja\u00e9n (720p_23fps_H264-192kbit_AAC) (2)<\/a><\/li><li><a href='https:\/\/biblioteca.isidrodearceneguiycarmona.es\/wp-content\/uploads\/2022\/10\/Dia-de-las-Escritoras-2022.-Ruth-Rubio-Huelva-720p_23fps_H264-192kbit_AAC.mp4'>D\u00eda de las Escritoras 2022. Ruth Rubio, Huelva (720p_23fps_H264-192kbit_AAC)<\/a><\/li><li><a href='https:\/\/biblioteca.isidrodearceneguiycarmona.es\/wp-content\/uploads\/2022\/10\/Dia-de-las-Escritoras-2022.-Mercedes-Leon-Garcia-Malaga-720p_23fps_H264-192kbit_AAC.mp4'>D\u00eda de las Escritoras 2022. Mercedes Le\u00f3n Garc\u00eda, M\u00e1laga (720p_23fps_H264-192kbit_AAC)<\/a><\/li><li><a href='https:\/\/biblioteca.isidrodearceneguiycarmona.es\/wp-content\/uploads\/2022\/10\/dia-de-las-escritoras-2022-desiree-ortega-cerpa-cadiz-720p-23fps-h264-192k_pZLaUycB.mp4'>dia-de-las-escritoras-2022-desiree-ortega-cerpa-cadiz<\/a><\/li><li><a href='https:\/\/biblioteca.isidrodearceneguiycarmona.es\/wp-content\/uploads\/2022\/10\/dia-de-las-escritoras-2022-gracy-jaramago-sevilla-720p-23fps-h264-192kbit-aa_49qY2WKf.mp4'>dia-de-las-escritoras-2022-gracy-jaramago-sevilla<\/a><\/li>\t<\/ol>\n\t<\/noscript>\n\t<script type=\"application\/json\" class=\"wp-playlist-script\">{\"type\":\"video\",\"tracklist\":true,\"tracknumbers\":true,\"images\":true,\"artists\":true,\"tracks\":[{\"src\":\"https:\/\/biblioteca.isidrodearceneguiycarmona.es\/wp-content\/uploads\/2022\/10\/Dia-de-las-Escritoras-2022.-Nieves-Pedraza-Cordoba-720p_23fps_H264-192kbit_AAC.mp4\",\"type\":\"video\/mp4\",\"title\":\"D\\u00eda de las Escritoras 2022. Nieves Pedraza, C\\u00f3rdoba (720p_23fps_H264-192kbit_AAC)\",\"caption\":\"\",\"description\":\"\",\"meta\":{\"length_formatted\":\"11:02\"},\"dimensions\":{\"original\":{\"width\":320,\"height\":240},\"resized\":{\"width\":728,\"height\":546}},\"image\":{\"src\":\"https:\/\/biblioteca.isidrodearceneguiycarmona.es\/wp-includes\/images\/media\/video.svg\",\"width\":48,\"height\":64},\"thumb\":{\"src\":\"https:\/\/biblioteca.isidrodearceneguiycarmona.es\/wp-includes\/images\/media\/video.svg\",\"width\":48,\"height\":64}},{\"src\":\"https:\/\/biblioteca.isidrodearceneguiycarmona.es\/wp-content\/uploads\/2022\/10\/Dia-de-las-Escritoras-2022.-Isabel-Martin-Salinas-Almeria-720p_23fps_H264-192kbit_AAC-2.mp4\",\"type\":\"video\/mp4\",\"title\":\"D\\u00eda de las Escritoras 2022. Isabel Mart\\u00edn Salinas, Almer\\u00eda (720p_23fps_H264-192kbit_AAC) (2)\",\"caption\":\"Isabel Mart\\u00edn\",\"description\":\"\",\"meta\":{\"length_formatted\":\"6:04\"},\"dimensions\":{\"original\":{\"width\":320,\"height\":240},\"resized\":{\"width\":728,\"height\":546}},\"image\":{\"src\":\"https:\/\/biblioteca.isidrodearceneguiycarmona.es\/wp-includes\/images\/media\/video.svg\",\"width\":48,\"height\":64},\"thumb\":{\"src\":\"https:\/\/biblioteca.isidrodearceneguiycarmona.es\/wp-includes\/images\/media\/video.svg\",\"width\":48,\"height\":64}},{\"src\":\"https:\/\/biblioteca.isidrodearceneguiycarmona.es\/wp-content\/uploads\/2022\/10\/Dia-de-las-Escritoras-2022.-Lola-Vico-Jaen-720p_23fps_H264-192kbit_AAC-2.mp4\",\"type\":\"video\/mp4\",\"title\":\"D\\u00eda de las Escritoras 2022. Lola Vico, Ja\\u00e9n (720p_23fps_H264-192kbit_AAC) (2)\",\"caption\":\"Lola Vico\",\"description\":\"\",\"meta\":{\"length_formatted\":\"11:20\"},\"dimensions\":{\"original\":{\"width\":320,\"height\":240},\"resized\":{\"width\":728,\"height\":546}},\"image\":{\"src\":\"https:\/\/biblioteca.isidrodearceneguiycarmona.es\/wp-includes\/images\/media\/video.svg\",\"width\":48,\"height\":64},\"thumb\":{\"src\":\"https:\/\/biblioteca.isidrodearceneguiycarmona.es\/wp-includes\/images\/media\/video.svg\",\"width\":48,\"height\":64}},{\"src\":\"https:\/\/biblioteca.isidrodearceneguiycarmona.es\/wp-content\/uploads\/2022\/10\/Dia-de-las-Escritoras-2022.-Ruth-Rubio-Huelva-720p_23fps_H264-192kbit_AAC.mp4\",\"type\":\"video\/mp4\",\"title\":\"D\\u00eda de las Escritoras 2022. Ruth Rubio, Huelva (720p_23fps_H264-192kbit_AAC)\",\"caption\":\"Ruth Rubio\",\"description\":\"\",\"meta\":{\"length_formatted\":\"9:13\"},\"dimensions\":{\"original\":{\"width\":320,\"height\":240},\"resized\":{\"width\":728,\"height\":546}},\"image\":{\"src\":\"https:\/\/biblioteca.isidrodearceneguiycarmona.es\/wp-includes\/images\/media\/video.svg\",\"width\":48,\"height\":64},\"thumb\":{\"src\":\"https:\/\/biblioteca.isidrodearceneguiycarmona.es\/wp-includes\/images\/media\/video.svg\",\"width\":48,\"height\":64}},{\"src\":\"https:\/\/biblioteca.isidrodearceneguiycarmona.es\/wp-content\/uploads\/2022\/10\/Dia-de-las-Escritoras-2022.-Mercedes-Leon-Garcia-Malaga-720p_23fps_H264-192kbit_AAC.mp4\",\"type\":\"video\/mp4\",\"title\":\"D\\u00eda de las Escritoras 2022. Mercedes Le\\u00f3n Garc\\u00eda, M\\u00e1laga (720p_23fps_H264-192kbit_AAC)\",\"caption\":\"Mercedes Le\\u00f3n Garc\\u00eda\",\"description\":\"\",\"meta\":{\"length_formatted\":\"10:12\"},\"dimensions\":{\"original\":{\"width\":320,\"height\":240},\"resized\":{\"width\":728,\"height\":546}},\"image\":{\"src\":\"https:\/\/biblioteca.isidrodearceneguiycarmona.es\/wp-includes\/images\/media\/video.svg\",\"width\":48,\"height\":64},\"thumb\":{\"src\":\"https:\/\/biblioteca.isidrodearceneguiycarmona.es\/wp-includes\/images\/media\/video.svg\",\"width\":48,\"height\":64}},{\"src\":\"https:\/\/biblioteca.isidrodearceneguiycarmona.es\/wp-content\/uploads\/2022\/10\/dia-de-las-escritoras-2022-desiree-ortega-cerpa-cadiz-720p-23fps-h264-192k_pZLaUycB.mp4\",\"type\":\"video\/mp4\",\"title\":\"dia-de-las-escritoras-2022-desiree-ortega-cerpa-cadiz\",\"caption\":\"\",\"description\":\"\",\"meta\":{\"length_formatted\":\"9:03\"},\"dimensions\":{\"original\":{\"width\":320,\"height\":240},\"resized\":{\"width\":728,\"height\":546}},\"image\":{\"src\":\"https:\/\/biblioteca.isidrodearceneguiycarmona.es\/wp-includes\/images\/media\/video.svg\",\"width\":48,\"height\":64},\"thumb\":{\"src\":\"https:\/\/biblioteca.isidrodearceneguiycarmona.es\/wp-includes\/images\/media\/video.svg\",\"width\":48,\"height\":64}},{\"src\":\"https:\/\/biblioteca.isidrodearceneguiycarmona.es\/wp-content\/uploads\/2022\/10\/dia-de-las-escritoras-2022-gracy-jaramago-sevilla-720p-23fps-h264-192kbit-aa_49qY2WKf.mp4\",\"type\":\"video\/mp4\",\"title\":\"dia-de-las-escritoras-2022-gracy-jaramago-sevilla\",\"caption\":\"\",\"description\":\"\",\"meta\":{\"length_formatted\":\"7:44\"},\"dimensions\":{\"original\":{\"width\":320,\"height\":240},\"resized\":{\"width\":728,\"height\":546}},\"image\":{\"src\":\"https:\/\/biblioteca.isidrodearceneguiycarmona.es\/wp-includes\/images\/media\/video.svg\",\"width\":48,\"height\":64},\"thumb\":{\"src\":\"https:\/\/biblioteca.isidrodearceneguiycarmona.es\/wp-includes\/images\/media\/video.svg\",\"width\":48,\"height\":64}}]}<\/script>\n<\/div>\n\t\n<p><strong>Otra propuesta:<\/strong><\/p>\n<p>Tradicionalmente las guerras han sido un asunto de hombres. Ellos luchaban en el frente, mientras las mujeres permanec\u00edan en la retaguardia. Pero desde esa posici\u00f3n menos privilegiada, ellas tambi\u00e9n vivieron los acontecimientos b\u00e9licos de las guerras y no fueron ajenas a sus consecuencias.En nuestro Centro hemos querido sumarnos a esta iniciativa, seleccionando textos de escritoras que, de una manera u otra,estuvieron involucradas en el conflicto b\u00e9lico m\u00e1s cercano a nosotros,&nbsp; la guerra civil espa\u00f1ola, unas escrtoras permanecieron en Espa\u00f1a y fueron ignoradas durante la dictadura, como<a href=\"https:\/\/www.cervantesvirtual.com\/obra-visor\/los-poemas-de-mar-menor--0\/html\/\" target=\"_blank\"> Carmen Conde<\/a>, <a href=\"https:\/\/revista.poemame.com\/2019\/05\/04\/5-poemas-de-angela-figuera-aymerich-poeta-espanola\/\" target=\"_blank\">\u00c1ngela Figuera<\/a>, <a href=\"https:\/\/www.google.com\/url?sa=t&amp;rct=j&amp;q=&amp;esrc=s&amp;source=web&amp;cd=&amp;cad=rja&amp;uact=8&amp;ved=2ahUKEwjapeHj7uT6AhV4hf0HHZTlDWUQFnoECA8QAQ&amp;url=https%3A%2F%2Fsites.google.com%2Fa%2Fieschavesnogales.es%2Fpoemas-fuertes%2Fantibelicismo&amp;usg=AOvVaw0w6goE8jo3H990mYpWAof8\" target=\"_blank\">Gloria Fuertes<\/a> o <a href=\"https:\/\/blogpoemas.com\/maria-beneyto\/\" target=\"_blank\">Mar\u00eda Beneyto<\/a>, otras, al acabar el conflicto, tuvieron que marchar al exilio como <a href=\"https:\/\/blogpoemas.com\/rosa-chacel\/\" target=\"_blank\">Rosa Chacel<\/a>, <a href=\"https:\/\/blogpoemas.com\/concha-mendez\/\" target=\"_blank\">Concha M\u00e9ndez<\/a>, <a href=\"https:\/\/blogpoemas.com\/ernestina-de-champourcin\/\" target=\"_blank\">Ernestina de Champourcin<\/a> , <a href=\"https:\/\/blogpoemas.com\/concha-zardoya\/\" target=\"_blank\">Concha Zardoya<\/a> y, por \u00faltimo, otras vivieron la guerra siendo ni\u00f1as, como <a href=\"https:\/\/www.google.com\/url?sa=t&amp;rct=j&amp;q=&amp;esrc=s&amp;source=web&amp;cd=&amp;cad=rja&amp;uact=8&amp;ved=2ahUKEwixupDk7eT6AhWx_7sIHfhvBi4QFnoECA8QAQ&amp;url=https%3A%2F%2Fwww.palabravirtual.com%2Findex.php%3Fir%3Dcritv.php%26wi%3D873%26show%3Dvid%26p%3DNuria%2BPares&amp;usg=AOvVaw3exxJWw7mjwXrOrtUBi8cK\" target=\"_blank\">Nuria Par\u00e9s<\/a> y <a href=\"https:\/\/blogpoemas.com\/aurora-de-albornoz\/\" target=\"_blank\">Aurora de Albornoz<\/a>, para quienes la guerra supuso la p\u00e9rdida de la infancia. Se tratar\u00eda de leer algunos de sus poemas en el aula y hacer una puesta en com\u00fan. Os dejo un par de poemas sobre la guerra:<\/p>\n<p style=\"text-align: center;\"><b>\u00c1ngela Figuera<\/b><\/p>\n<p style=\"text-align: center;\"><span style=\"color: #800080;\">Bombardero<\/span><\/p>\n<p><span style=\"color: #800080;\">En lo mejor del conseguido sue\u00f1o,<\/span><br \/>\n<span style=\"color: #800080;\">surg\u00eda denso, alucinante, bronco,<\/span><br \/>\n<span style=\"color: #800080;\">el b\u00e9lico zumbar de la escuadrilla.<\/span><br \/>\n<span style=\"color: #800080;\">Bramando, sacudiendo, despe\u00f1\u00e1ndose,<\/span><br \/>\n<span style=\"color: #800080;\">atropell\u00e1ndose los ecos<\/span><br \/>\n<span style=\"color: #800080;\">iban las explosiones avanzando,<\/span><br \/>\n<span style=\"color: #800080;\">cada vez m\u00e1s cercanas<\/span><br \/>\n<span style=\"color: #800080;\">hasta que, al fin, la muerte en torrentera,<\/span><br \/>\n<span style=\"color: #800080;\">en avalancha loca, transcurr\u00eda<\/span><br \/>\n<span style=\"color: #800080;\">sobre nuestras cabezas sin refugio.<\/span><\/p>\n<p style=\"text-align: center;\"><strong>Gloria Fuertes<\/strong><\/p>\n<p style=\"text-align: center;\"><span style=\"color: #800080;\">TENGO METRALLA EN LA CADERA<\/span><\/p>\n<p style=\"text-align: center;\"><span style=\"color: #800080;\">Con un sello a fuego<\/span><\/p>\n<p style=\"text-align: center;\"><span style=\"color: #800080;\">en mis ancas adolescentes<\/span><\/p>\n<p style=\"text-align: center;\"><span style=\"color: #800080;\">me marc\u00f3 la guerra civil<\/span><\/p>\n<p style=\"text-align: center;\"><span style=\"color: #800080;\">-la m\u00e1s incivil-&#8230;&nbsp;<\/span><\/p>\n<p><strong>M\u00e1s propuestas:<\/strong><\/p>\n<p>Se tratar\u00eda de acceder a un documento titulado &#8220;<a href=\"https:\/\/drive.google.com\/file\/d\/1jnE2uhXfCNEE7kE6WRCDpRZZ5d6ZVkIR\/view?usp=sharing\" target=\"_blank\">CONCHA M\u00c9NDEZ.LA POETA DEL MONO AZUL<\/a>&#8221; y, en peque\u00f1os grupos en clase desordenar los versos y volver a crear uno nuevo, consensuado por el grupo. El coordinador del grupo se encargar\u00eda de reescribir de nuevo el poema final.<\/p>\n<p>Otra posibilidad ser\u00eda trabajar estos mismos poemas seg\u00fan&nbsp; las actividades adjuntas.<\/p>\n<p><a href=\"http:\/\/biblioteca.isidrodearceneguiycarmona.es\/?attachment_id=1618\" rel=\"attachment wp-att-1618\"><img loading=\"lazy\" decoding=\"async\" class=\"aligncenter size-medium wp-image-1618\" src=\"http:\/\/biblioteca.isidrodearceneguiycarmona.es\/wp-content\/uploads\/2022\/10\/indice-300x151.jpg\" alt=\"\" width=\"300\" height=\"151\" srcset=\"https:\/\/biblioteca.isidrodearceneguiycarmona.es\/wp-content\/uploads\/2022\/10\/indice-300x151.jpg 300w, https:\/\/biblioteca.isidrodearceneguiycarmona.es\/wp-content\/uploads\/2022\/10\/indice.jpg 316w\" sizes=\"auto, (max-width: 300px) 100vw, 300px\" \/><\/a><\/p>\n<p>&nbsp;<\/p>\n","protected":false},"excerpt":{"rendered":"<p>Este lunes 17 de octubre la Biblioteca Nacional de Espa\u00f1a, en colaboraci\u00f3n con la Federaci\u00f3n Espa\u00f1ola de Mujeres Directivas, Ejecutivas, &hellip; <\/p>\n","protected":false},"author":3,"featured_media":1630,"comment_status":"closed","ping_status":"closed","sticky":false,"template":"","format":"standard","meta":{"footnotes":""},"categories":[1,7],"tags":[44],"class_list":["post-1614","post","type-post","status-publish","format-standard","has-post-thumbnail","hentry","category-articulos-2","category-celebraciones","tag-la-poeta-del-mono-azul"],"_links":{"self":[{"href":"https:\/\/biblioteca.isidrodearceneguiycarmona.es\/index.php?rest_route=\/wp\/v2\/posts\/1614","targetHints":{"allow":["GET"]}}],"collection":[{"href":"https:\/\/biblioteca.isidrodearceneguiycarmona.es\/index.php?rest_route=\/wp\/v2\/posts"}],"about":[{"href":"https:\/\/biblioteca.isidrodearceneguiycarmona.es\/index.php?rest_route=\/wp\/v2\/types\/post"}],"author":[{"embeddable":true,"href":"https:\/\/biblioteca.isidrodearceneguiycarmona.es\/index.php?rest_route=\/wp\/v2\/users\/3"}],"replies":[{"embeddable":true,"href":"https:\/\/biblioteca.isidrodearceneguiycarmona.es\/index.php?rest_route=%2Fwp%2Fv2%2Fcomments&post=1614"}],"version-history":[{"count":4,"href":"https:\/\/biblioteca.isidrodearceneguiycarmona.es\/index.php?rest_route=\/wp\/v2\/posts\/1614\/revisions"}],"predecessor-version":[{"id":1633,"href":"https:\/\/biblioteca.isidrodearceneguiycarmona.es\/index.php?rest_route=\/wp\/v2\/posts\/1614\/revisions\/1633"}],"wp:featuredmedia":[{"embeddable":true,"href":"https:\/\/biblioteca.isidrodearceneguiycarmona.es\/index.php?rest_route=\/wp\/v2\/media\/1630"}],"wp:attachment":[{"href":"https:\/\/biblioteca.isidrodearceneguiycarmona.es\/index.php?rest_route=%2Fwp%2Fv2%2Fmedia&parent=1614"}],"wp:term":[{"taxonomy":"category","embeddable":true,"href":"https:\/\/biblioteca.isidrodearceneguiycarmona.es\/index.php?rest_route=%2Fwp%2Fv2%2Fcategories&post=1614"},{"taxonomy":"post_tag","embeddable":true,"href":"https:\/\/biblioteca.isidrodearceneguiycarmona.es\/index.php?rest_route=%2Fwp%2Fv2%2Ftags&post=1614"}],"curies":[{"name":"wp","href":"https:\/\/api.w.org\/{rel}","templated":true}]}}