{"id":1634,"date":"2022-10-20T21:17:19","date_gmt":"2022-10-20T21:17:19","guid":{"rendered":"http:\/\/biblioteca.isidrodearceneguiycarmona.es\/?p=1634"},"modified":"2022-10-20T21:18:14","modified_gmt":"2022-10-20T21:18:14","slug":"dia-de-las-bibliotecas-2022-bibliotecuida","status":"publish","type":"post","link":"https:\/\/biblioteca.isidrodearceneguiycarmona.es\/?p=1634","title":{"rendered":"D\u00cdA DE LAS BIBLIOTECAS 2022: BIBLIOTECUIDA"},"content":{"rendered":"<p align=\"justify\">La Direcci\u00f3n General del Libro y Fomento de la Lectura, a trav\u00e9s de la Subdirecci\u00f3n General de Coordinaci\u00f3n Bibliotecaria, impulsa la celebraci\u00f3n del D\u00eda de las Bibliotecas el 24 de octubre.<\/p>\n<p align=\"justify\">El lema para la edici\u00f3n de este a\u00f1o es&nbsp; <strong>BiblioTEcuida <\/strong>y se centra en destacar el papel de las bibliotecas como espacios p\u00fablicos que se preocupan por atender las necesidades de los ciudadanos a trav\u00e9s de sus servicios y recursos.<\/p>\n<p align=\"justify\"><a href=\"http:\/\/biblioteca.isidrodearceneguiycarmona.es\/?attachment_id=1636\" rel=\"attachment wp-att-1636\"><img loading=\"lazy\" decoding=\"async\" class=\"aligncenter wp-image-1636\" src=\"http:\/\/biblioteca.isidrodearceneguiycarmona.es\/wp-content\/uploads\/2022\/10\/BiblioTEcuida-1-e1666291602269.jpg\" alt=\"\" width=\"333\" height=\"176\"><\/a><\/p>\n<p align=\"justify\">En este sentido, las bibliotecas atienden y cuidan a sus usuarios. Una de las v\u00edas que tiene para hacerlo es la promoci\u00f3n de la lectura, entendida como gozo espiritual que acompa\u00f1a, entretiene y enriquece.<\/p>\n<p align=\"justify\">La lectura tambi\u00e9n cura, en cuanto tiene un impacto directo tanto en el desarrollo y mantenimiento de las capacidades cognitivas como en el bienestar y la salud mental de los ciudadanos.<\/p>\n<p align=\"justify\">Las bibliotecas son un apoyo en el cuidado de todas las personas: se suelen programar actividades especiales de apoyo a la comunidad, acci\u00f3n cultural, servicios a colectivos especiales, atenci\u00f3n a la diversidad o acogida a refugiados, entre muchas otras.<\/p>\n<p align=\"justify\">\u00c9stas tambi\u00e9n ejercen su labor de cuidados en espacios con colectivos espec\u00edficos como son los hospitales o los centros penitenciarios. La biblioterapia llevada a cabo est\u00e1n de hecho ayudando a mejorar la salud de las personas que participan en ellas. Por otro lado, En el medio rural, los bibliobuses acercan la cultura a sus habitantes, cuidando, por tanto, a esas poblaciones.<\/p>\n<p align=\"justify\">Adem\u00e1s, las bibliotecas cuidan, en otro sentido, posibilitando el acceso a la informaci\u00f3n frente a los bulos y la desinformaci\u00f3n. Por ello, son un apoyo necesario para la formaci\u00f3n, el aprendizaje y la investigaci\u00f3n.Tambi\u00e9n cuidan y protegen el patrimonio documental para que podamos legarlo a generaciones futuras.<\/p>\n<p align=\"justify\">Existe, adem\u00e1s, una relaci\u00f3n directa entre el lema elegido este a\u00f1o para celebrar el d\u00eda de las bibliotecas con el Proyecto al que nos sumamos el curso pasado, <strong>La voz a ti debida: redes de lectura al servicio de la sociedad y las personas dependientes<\/strong>, un proyecto solidario al servicio de la comunidad educativa y local,&nbsp; de tal modo que un grupo voluntario de alumnos ofrezcan textos cortos, poemas, aforismos, pero, sobre todo, curativos, a demanda de otros usuarios-alumnos&nbsp; en recetas que ofrezcan un remedio a sus dolencias. En este ingenioso&nbsp; <a href=\"https:\/\/drive.google.com\/file\/d\/18H6ByL7Y7Q18dWGDIx0XdxdzB0yLt4H3\/view\" target=\"_blank\">dossier<\/a> donde se a\u00fanan especialidades m\u00e9dicas con la lectura, preparado por el coordinador de las BECREAS MARCHENA&nbsp; y art\u00edfice del proyecto, <strong>Antonio Mart\u00edn<\/strong>, encontraremos m\u00e1s informaci\u00f3n para llevar a cabo esta actividad. En dicho dossier, adem\u00e1s, Antonio, coordinador de la BE del IES L\u00f3pez de Arenas, comparte con nosotros una <a href=\"https:\/\/drive.google.com\/drive\/folders\/1DRG9NHSgmpLmQm27f52vwC0iq6CK6n0-\" target=\"_blank\">selecci\u00f3n de textos<\/a> para poder comenzar a curar a los primeros enfermos, selecci\u00f3n que deber\u00edamos ir tambi\u00e9n ampliando poco a poco.<\/p>\n<p align=\"JUSTIFY\">El poder terap\u00e9utico de la palabra va m\u00e1s all\u00e1 de la salud mental y, bien utilizado, es capaz de aportar <a href=\"https:\/\/lapiedradesisifo.com\/2018\/11\/15\/como-escribir-ayuda-a-curar-no-solo-la-mente-sino-tambien-el-cuerpo\/\" target=\"_blank\">beneficios tambi\u00e9n al cuerpo<\/a>.<\/p>\n<p align=\"JUSTIFY\">En el 2020, Xiang y Yi, entonces estudiantes de la Escuela de Medicina de Harvard y la Universidad de Harvard respectivamente, pusieron sobre la mesa una serie de estudios que mostraban los beneficios de leer, escribir y escuchar poes\u00eda, cen concreto, para la salud. Ambos se\u00f1alaron la capacidad de la poes\u00eda para combatir el estr\u00e9s y los s\u00edntomas de depresi\u00f3n, adem\u00e1s de reducir el dolor, tanto cr\u00f3nico como despu\u00e9s de una cirug\u00eda, y mejorar el estado de \u00e1nimo, la memoria y el rendimiento laboral.<\/p>\n<p align=\"JUSTIFY\"><a href=\"https:\/\/publications.aap.org\/hospitalpediatrics\/article\/11\/3\/263\/26172\/Effects-of-a-Poetry-Intervention-on-Emotional?autologincheck=redirected\" target=\"_blank\">Otro estudio<\/a>, este de 2021, publicado por la Academia Estadounidense de Pediatr\u00eda, mostraba c\u00f3mo 44 ni\u00f1os hospitalizados, a los que se anim\u00f3 a leer y escribir poes\u00eda, vieron reducidos el miedo, la tristeza, la ira, la preocupaci\u00f3n y la fatiga. Los poemas, adem\u00e1s, pueden fortalecer nuestro sentido de identidad y conectarnos con las experiencias de los dem\u00e1s, fomentando nuestra empat\u00eda.<\/p>\n<p align=\"justify\">Y es que, como acaba de decir hace poco el poeta Fernando Beltr\u00e1n en una entrevista al peri\u00f3dico<em> El Pa\u00eds<\/em>, la gente ha vuelto su atenci\u00f3n a la poes\u00eda en estos tiempos de pandemia porque este g\u00e9nero parte a menudo de la fragilidad del ser humano. \u201cEscribir este libro (&#8220;<em>La curaci\u00f3n del mundo<\/em>&#8220;) me ayud\u00f3 a superar la enfermedad. La medicina me salv\u00f3, pero la poes\u00eda me cur\u00f3. El div\u00e1n de los poetas son sus poemas\u201d, asegura. As\u00ed pues \u00bfpor qu\u00e9 no coges tu talonario?<\/p>\n<p align=\"justify\">&nbsp;<\/p>\n<p align=\"justify\"><a href=\"http:\/\/biblioteca.isidrodearceneguiycarmona.es\/?attachment_id=1637\" rel=\"attachment wp-att-1637\"><img loading=\"lazy\" decoding=\"async\" class=\"aligncenter size-medium wp-image-1637\" src=\"http:\/\/biblioteca.isidrodearceneguiycarmona.es\/wp-content\/uploads\/2022\/10\/IMG-20221015-WA0001-300x213.jpg\" alt=\"\" width=\"300\" height=\"213\" srcset=\"https:\/\/biblioteca.isidrodearceneguiycarmona.es\/wp-content\/uploads\/2022\/10\/IMG-20221015-WA0001-300x213.jpg 300w, https:\/\/biblioteca.isidrodearceneguiycarmona.es\/wp-content\/uploads\/2022\/10\/IMG-20221015-WA0001-1024x726.jpg 1024w, https:\/\/biblioteca.isidrodearceneguiycarmona.es\/wp-content\/uploads\/2022\/10\/IMG-20221015-WA0001-768x545.jpg 768w, https:\/\/biblioteca.isidrodearceneguiycarmona.es\/wp-content\/uploads\/2022\/10\/IMG-20221015-WA0001-1536x1090.jpg 1536w, https:\/\/biblioteca.isidrodearceneguiycarmona.es\/wp-content\/uploads\/2022\/10\/IMG-20221015-WA0001.jpg 1600w\" sizes=\"auto, (max-width: 300px) 100vw, 300px\" \/><\/a><\/p>\n","protected":false},"excerpt":{"rendered":"<p>La Direcci\u00f3n General del Libro y Fomento de la Lectura, a trav\u00e9s de la Subdirecci\u00f3n General de Coordinaci\u00f3n Bibliotecaria, impulsa &hellip; <\/p>\n","protected":false},"author":3,"featured_media":1636,"comment_status":"closed","ping_status":"closed","sticky":false,"template":"","format":"standard","meta":{"footnotes":""},"categories":[1],"tags":[],"class_list":["post-1634","post","type-post","status-publish","format-standard","has-post-thumbnail","hentry","category-articulos-2"],"_links":{"self":[{"href":"https:\/\/biblioteca.isidrodearceneguiycarmona.es\/index.php?rest_route=\/wp\/v2\/posts\/1634","targetHints":{"allow":["GET"]}}],"collection":[{"href":"https:\/\/biblioteca.isidrodearceneguiycarmona.es\/index.php?rest_route=\/wp\/v2\/posts"}],"about":[{"href":"https:\/\/biblioteca.isidrodearceneguiycarmona.es\/index.php?rest_route=\/wp\/v2\/types\/post"}],"author":[{"embeddable":true,"href":"https:\/\/biblioteca.isidrodearceneguiycarmona.es\/index.php?rest_route=\/wp\/v2\/users\/3"}],"replies":[{"embeddable":true,"href":"https:\/\/biblioteca.isidrodearceneguiycarmona.es\/index.php?rest_route=%2Fwp%2Fv2%2Fcomments&post=1634"}],"version-history":[{"count":1,"href":"https:\/\/biblioteca.isidrodearceneguiycarmona.es\/index.php?rest_route=\/wp\/v2\/posts\/1634\/revisions"}],"predecessor-version":[{"id":1638,"href":"https:\/\/biblioteca.isidrodearceneguiycarmona.es\/index.php?rest_route=\/wp\/v2\/posts\/1634\/revisions\/1638"}],"wp:featuredmedia":[{"embeddable":true,"href":"https:\/\/biblioteca.isidrodearceneguiycarmona.es\/index.php?rest_route=\/wp\/v2\/media\/1636"}],"wp:attachment":[{"href":"https:\/\/biblioteca.isidrodearceneguiycarmona.es\/index.php?rest_route=%2Fwp%2Fv2%2Fmedia&parent=1634"}],"wp:term":[{"taxonomy":"category","embeddable":true,"href":"https:\/\/biblioteca.isidrodearceneguiycarmona.es\/index.php?rest_route=%2Fwp%2Fv2%2Fcategories&post=1634"},{"taxonomy":"post_tag","embeddable":true,"href":"https:\/\/biblioteca.isidrodearceneguiycarmona.es\/index.php?rest_route=%2Fwp%2Fv2%2Ftags&post=1634"}],"curies":[{"name":"wp","href":"https:\/\/api.w.org\/{rel}","templated":true}]}}