{"id":1678,"date":"2022-11-29T13:47:23","date_gmt":"2022-11-29T13:47:23","guid":{"rendered":"http:\/\/biblioteca.isidrodearceneguiycarmona.es\/?p=1678"},"modified":"2022-11-29T16:19:10","modified_gmt":"2022-11-29T16:19:10","slug":"exposiciones-orales","status":"publish","type":"post","link":"https:\/\/biblioteca.isidrodearceneguiycarmona.es\/?p=1678","title":{"rendered":"EXPOSICIONES ORALES"},"content":{"rendered":"<p><strong>Esta entrada est\u00e1 dedicada a compartir recursos para los compa\u00f1eros y compa\u00f1eras que este curso escolar imparten la asignatura de Oratoria y Debate.<\/strong><\/p>\n<p><span style=\"color: #800000;\">La presentaci\u00f3n oral es la exposici\u00f3n clara y estructurada de ideas acerca de un tema determinado con la finalidad de informar y\/o convencer a un p\u00fablico espec\u00edfico, a partir de un esquema previo o gui\u00f3n y suele ser una pr\u00e1ctica habitual en el \u00e1mbito acad\u00e9mico y escolar.<\/span><\/p>\n<p><span style=\"color: #800000;\">Una presentaci\u00f3n oral no se improvisa. Para tener \u00e9xito debemos <b> preparar minuciosamente el contenido de la exposici\u00f3n <\/b>, as\u00ed como los recursos y materiales de apoyo y la forma de expresi\u00f3n, dando respuesta al tema que vamos a tratar, las ideas que vamos a desarrollar, el orden en que vamos a exponer esas ideas, los recursos y materiales de apoyo.<\/span><\/p>\n<p><span style=\"color: #800000;\">Una de las tareas claves de la fase de preparaci\u00f3n es la <b>elaboraci\u00f3n de un gui\u00f3n<\/b>. El gui\u00f3n es un esquema que recoge los puntos esenciales que se van a desarrollar y nos permite presentar las ideas seg\u00fan un orden fijado, a la vez que reduce las posibilidades de que olvidemos algunas cuestiones importantes o de que nos quedemos atascados. Un buen gui\u00f3n debe cumplir los siguientes requisitos:<\/span><\/p>\n<div class=\"column mcb-column one-second column_info_box\">\n<div class=\"animate bounceInUp\" data-anim-type=\"bounceInUp\">\n<div class=\"infobox\">\n<div class=\"infobox_wrapper\">\n<ul>\n<li><span style=\"color: #800000;\">Tiene que incluir las ideas principales de la exposici\u00f3n, expresadas de forma concisa.<\/span><\/li>\n<li><span style=\"color: #800000;\">Ha de ofrecer una estructura clara, con las ideas organizadas y jerarquizadas. Solo de este modo podemos acceder r\u00e1pidamente a la informaci\u00f3n que busquemos.<\/span><\/li>\n<li><span style=\"color: #800000;\">Tiene que ser abierto, es decir, debe permitir la inclusi\u00f3n de nuevas ideas.<\/span><\/li>\n<li><span style=\"color: #800000;\">Debe contener todos aquellos datos (fechas, nombres, citas) que se puedan reproducir de forma literal.<\/span><\/li>\n<\/ul>\n<\/div>\n<\/div>\n<\/div>\n<\/div>\n<p><span style=\"color: #800000;\"><b>La expresividad de la voz<\/b> es un aspecto clave. Nuestra pronunciaci\u00f3n debe ser clara y el volumen de voz adecuado para que el mensaje llegue con nitidez al auditorio. Debemos evitar hablar en voz demasiado baja o gritar. Una entonaci\u00f3n modulada, acompasada a los contenidos, contribuir\u00e1 al \u00e9xito de nuestra actuaci\u00f3n. Hay que evitar tanto el hablar demasiado r\u00e1pido como la monoton\u00eda, ya que el auditorio puede acabar perdi\u00e9ndose o aburri\u00e9ndose, provocando que se desentienda del mensaje. <\/span><\/p>\n<p><span style=\"color: #800000;\">Es muy importante <b>cuidar el lenguaje corporal <\/b>. La posici\u00f3n del cuerpo y la expresi\u00f3n facial han de ser lo m\u00e1s distendidas posibles. Debemos controlar nuestros gestos, evitando la gesticulaci\u00f3n excesiva aunque debemos remarcar con ademanes oportunos aquello que estamos diciendo. La mirada es un elemento fundamental, ya que hay que mantener el contacto visual con el auditorio, dirigi\u00e9ndose al conjunto y no a una persona concreta. <\/span><\/p>\n<p><span style=\"color: #800000;\">Tenemos que <b>demostrar que dominamos el tema<\/b>, que lo hemos preparado a conciencia y que estamos en condiciones de comunic\u00e1rselo a los dem\u00e1s adecuadamente.<\/span><\/p>\n<p><a href=\"http:\/\/biblioteca.isidrodearceneguiycarmona.es\/?attachment_id=1681\" rel=\"attachment wp-att-1681\"><img loading=\"lazy\" decoding=\"async\" class=\"aligncenter size-full wp-image-1681\" src=\"http:\/\/biblioteca.isidrodearceneguiycarmona.es\/wp-content\/uploads\/2022\/11\/index-6.jpg\" alt=\"\" width=\"298\" height=\"169\"><\/a><\/p>\n<p><center><strong>Estructura de la exposici\u00f3n oral<\/strong><\/center><span style=\"color: #800080;\">En general, cualquier presentaci\u00f3n oral se estructura de la misma manera que cualquier discurso; es decir, introducci\u00f3n, desarrollo y conclusiones<\/span><\/p>\n<h4><span style=\"color: #800080;\">Introducci\u00f3n: d<\/span><span style=\"color: #800080;\">espertar el inter\u00e9s del p\u00fablico, captar su atenci\u00f3n y plantear el tema central o la tesis que se va a seguir.<\/span><\/h4>\n<h4><span style=\"color: #800080;\">Desarrollo: c<\/span><span style=\"color: #800080;\">oncretar el objetivo de la presentaci\u00f3n, insistir en las ideas principales y mantener la atenci\u00f3n del auditorio. <\/span><\/h4>\n<h4><span style=\"color: #800080;\">Conclusiones: r<\/span><span style=\"color: #800080;\">esumir el punto central de la exposici\u00f3n y responder a la pregunta o tesis inicial.<\/span><\/h4>\n<h3>&nbsp;&nbsp;&nbsp;&nbsp;&nbsp;&nbsp;&nbsp;&nbsp;&nbsp;&nbsp;&nbsp;&nbsp;&nbsp;&nbsp;&nbsp;&nbsp;&nbsp;&nbsp;&nbsp;&nbsp;&nbsp;&nbsp;&nbsp; Recomendaciones finales<\/h3>\n<div class=\"column mcb-column one-third column_column\">\n<div class=\"column_attr clearfix\">\n<p><span style=\"color: #333399;\">\u2022 Ensayar la presentaci\u00f3n tantas veces como sea necesario.<\/span><\/p>\n<p><span style=\"color: #333399;\">\u2022 Permanecer de pie o sentarse adoptando una posici\u00f3n natural.<\/span><\/p>\n<p><span style=\"color: #333399;\">\u2022 Buscar, de vez en cuando, la espontaneidad.<\/span><\/p>\n<p><span style=\"color: #333399;\">\u2022 Evitar las muletillas.<\/span><\/p>\n<div class=\"column mcb-column one-third column_column\">\n<div class=\"column_attr clearfix\">\n<p><span style=\"color: #333399;\">\u2022 Modular el tono de voz y hacer pausas pertinentes.<\/span><\/p>\n<p><span style=\"color: #333399;\">\u2022 Articular bien las palabras.<\/span><\/p>\n<p><span style=\"color: #333399;\">\u2022 Recurrir a sin\u00f3nimos.<\/span><\/p>\n<p><span style=\"color: #333399;\">\u2022 No abusar de adjetivos calificativos ni adverbios cuya terminaci\u00f3n sea \u2018mente\u2019 (naturalmente, c\u00f3modamente, etc.).<\/span><\/p>\n<div class=\"column mcb-column one-third column_column\">\n<div class=\"column_attr clearfix\">\n<p><span style=\"color: #333399;\">\u2022 No utilizar palabras o expresiones extranjeras que no se entiendan.<\/span><\/p>\n<p><span style=\"color: #333399;\">\u2022 No sobrecargar la presentaci\u00f3n solo con conceptos.<\/span><\/p>\n<p><span style=\"color: #333399;\">\u2022 Buscar diferentes recursos para mantener el hilo conductor y la atenci\u00f3n del p\u00fablico. Por ejemplo, las an\u00e9cdotas.<\/span><\/p>\n<p><b>Fuente original:<\/b> Deusto Centro de Idiomas. Verbum, aula de apoyo para la expresi\u00f3n oral y escrita.<\/p>\n<p><span style=\"color: #0000ff;\">En este <a href=\"https:\/\/docs.google.com\/document\/d\/1xe6uvsWVOgvjHWVc1T01hu06W1rz8Jk87GN146ySdjM\/edit?usp=sharing\"style=\"color: #0000ff;\"  target=\"_blank\"><strong>enlace<\/strong><\/a> hemos recopilado una serie de <strong>videos de youtube<\/strong> que pueden ser de inter\u00e9s en relaci\u00f3n a c\u00f3mo realizar una buena exposici\u00f3n oral y ejemplos de lo que no se debe hacer.<\/span><\/p>\n<p><b>Uno de los principales problemas a la hora de realizar una exposici\u00f3n en p\u00fablico es el miedo o p\u00e1nico esc\u00e9nico (glosofobia) , sobre todo a la edad de nuestro alumnado.Pero la ansiedad de hablar en p\u00fablico puede ser causada no solo por el miedo a hacerlo, sino por c\u00f3mo creemos que nos percibir\u00e1n los dem\u00e1s.<\/b><\/p>\n<p>El miedo suele ser proporcional al deseo de hacer las cosas bien, y aceptarlo es importante, pues la ansiedad nos genera reacciones psicofisiol\u00f3gicas complejas como boca seca, palpitaciones, sudoraciones, voz temblorosa o dolores de est\u00f3mago.<\/p>\n<p>Una estrategia importante el d\u00eda de la presentaci\u00f3n es darse la posibilidad de elegir entre dos opciones. La primera opci\u00f3n es declarar tu debilidad y hacer p\u00fablico tu miedo o la segunda, que ahora parece menos aterradora y m\u00e1s f\u00e1cil de hacer, que es seguir hablando en p\u00fablico. Este truco mental puede permitir que nuestra mente, ante dos opciones, una menos aterradora que la otra, elija la menos aterradora y se ponga a hablar. En los raros casos en los que la gente se atreve a declarar su miedo, la tensi\u00f3n se suele disolver y el discurso es mejor y relajado.<\/p>\n<p>Tambi\u00e9n es \u00fatil la llamada visualizaci\u00f3n o ensayo mental, que usan muchos atletas en sus entrenamientos. La investigaci\u00f3n ha demostrado que la visualizaci\u00f3n ayuda a mejorar el rendimiento en \u00e1reas como la comunicaci\u00f3n, la oratoria y la educaci\u00f3n. Y, por supuesto, en lugar de centrarte en los miedos (por ejemplo, la mente se queda en blanco, la audiencia se aburre) conc\u00e9ntrate en hechos positivos como que has practicado muchas veces el discurso, que eres un experto o tienes notas. Salir del bucle de malos pensamientos ser\u00e1 una buena idea.<br \/>\n<b>elconfidencial.com \/ ACyV, 04 julio 2022<\/b><\/p>\n<p><span style=\"color: #000080;\">Ebooks. Para saber m\u00e1s sobre c\u00f3mo vencer la timidez :<\/span><\/p>\n<p><a href=\"http:\/\/biblioteca.isidrodearceneguiycarmona.es\/?attachment_id=1684\" rel=\"attachment wp-att-1684\"><img loading=\"lazy\" decoding=\"async\" class=\"aligncenter size-medium wp-image-1684\" src=\"http:\/\/biblioteca.isidrodearceneguiycarmona.es\/wp-content\/uploads\/2022\/11\/22-230x300.jpg\" alt=\"\" width=\"230\" height=\"300\" srcset=\"https:\/\/biblioteca.isidrodearceneguiycarmona.es\/wp-content\/uploads\/2022\/11\/22-230x300.jpg 230w, https:\/\/biblioteca.isidrodearceneguiycarmona.es\/wp-content\/uploads\/2022\/11\/22.jpg 430w\" sizes=\"auto, (max-width: 230px) 100vw, 230px\" \/><\/a><\/p>\n<p>&#8220;<em><a href=\"https:\/\/drive.google.com\/file\/d\/1YLsVC0hILS18TqkSvtzJAV-7SXJpGx3p\/view?usp=sharing\" target=\"_blank\">Oratoria Para T\u00edmidos<\/a><\/em>&#8221; <span style=\"color: #008000;\">resulta una gu\u00eda clara, \u00fatil y pr\u00e1ctica sobre el arte de presentar. Practicando sus sencillos ejercicios, controlar\u00e1s a voluntad los s\u00edntomas y evidencias del temor a hablar en p\u00fablico.<br \/>\n<\/span><\/p>\n<p><span style=\"color: #008000;\">Descubrir\u00e1s no s\u00f3lo c\u00f3mo conquistar tu miedo esc\u00e9nico sino c\u00f3mo disfrutar hablando ante cualquier audiencia.<\/span><\/p>\n<p><span style=\"color: #008000;\">\u2022 Te dar\u00e1s cuenta de que hacer presentaciones eficaces est\u00e1 al alcance de cualquiera, incluso de los m\u00e1s t\u00edmidos.<\/span><br \/>\n<span style=\"color: #008000;\">\u2022 Comprender\u00e1s que el nerviosismo del orador es un potente est\u00edmulo para hablar en p\u00fablico y con eficacia y trascendencia.<\/span><br \/>\n<span style=\"color: #008000;\">\u2022 Dejar\u00e1s de sentirte rid\u00edculo y comenzar\u00e1s a sentirte satisfecho con tus presentaciones.<\/span><br \/>\n<span style=\"color: #008000;\">\u2022 Pasar\u00e1s del miedo al rid\u00edculo al placer esc\u00e9nico.<\/span><\/p>\n<p><span style=\"color: #008000;\">Porque podr\u00e1s dise\u00f1ar una presentaci\u00f3n de impacto, en poco tiempo y de forma f\u00e1cil. Transmitiendo, de manera fluida y clara, tu mensaje a tu p\u00fablico, sin miedo y con decisi\u00f3n.<\/span><\/p>\n<p><span style=\"color: #ff6600;\">Otra lectura aconsejable es &#8220;<em><a href=\"https:\/\/drive.google.com\/file\/d\/1dpv-WQT7RvvBUsZnq2HM1XNZzgA1pPvy\/view?usp=sharing\"style=\"color: #ff6600;\"  target=\"_blank\"><strong>Hablar bien en p\u00fablico es posible, si sabes c\u00f3mo<\/strong><\/a><\/em>&#8221; de Agust\u00edn Rosa, un joven universitario con muchas inquietudes y af\u00e1n por aprender, que asiste a un curso de formaci\u00f3n que acaba por ser muy aburrido y no cumplir con sus expectativas. A ra\u00edz de este curso el joven comienza a plantearse preguntas y dudas acerca de por qu\u00e9 hay oradores que triunfan, saben comunicar y motivar, mientras que otros son expertos en dormir auditorios. Este libro te ofrece valiosas ense\u00f1anzas para mejorar la calidad de tus presentaciones y ayudarte a disfrutar de una vida plena con alegr\u00eda y mayor autoestima. Revela sencillas y eficaces t\u00e9cnicas de comunicaci\u00f3n que te ayudar\u00e1n a marcar la diferencia, conseguir resultados extraordinarios y que tus presentaciones impacten.<\/span><\/p>\n<p><span style=\"color: #cc99ff;\">Ahora bien, si hay un libro \u00fatil para todo curso de oratoria, comunicaci\u00f3n y relaciones humanas, recomendado para maestros y alumnos es &#8220;<a href=\"https:\/\/drive.google.com\/file\/d\/10e-RHr3hJPahbm6VnqFjoIggPeKVPhVb\/view?usp=sharing\" target=\"_blank\"><em><strong>Las mejores t\u00e9cnicas para hablar en p\u00fablico<\/strong><\/em><\/a>&#8221; de Carlos Brassel, con el que aprenderemos a vencer el p\u00e1nico esc\u00e9nico as\u00ed como conocer todos los recursos de que se valen los buenos oradores para convencer, agradar y persuadir al auditorio.<\/span><\/p>\n<p><a href=\"http:\/\/biblioteca.isidrodearceneguiycarmona.es\/?attachment_id=1685\" rel=\"attachment wp-att-1685\"><img loading=\"lazy\" decoding=\"async\" class=\"aligncenter size-medium wp-image-1685\" src=\"http:\/\/biblioteca.isidrodearceneguiycarmona.es\/wp-content\/uploads\/2022\/11\/22-1-232x300.jpg\" alt=\"\" width=\"232\" height=\"300\" srcset=\"https:\/\/biblioteca.isidrodearceneguiycarmona.es\/wp-content\/uploads\/2022\/11\/22-1-232x300.jpg 232w, https:\/\/biblioteca.isidrodearceneguiycarmona.es\/wp-content\/uploads\/2022\/11\/22-1.jpg 348w\" sizes=\"auto, (max-width: 232px) 100vw, 232px\" \/><\/a><\/p>\n<p>&nbsp;<\/p>\n<p><span style=\"color: #0000ff;\"><a href=\"http:\/\/biblioteca.isidrodearceneguiycarmona.es\/?attachment_id=1679\" rel=\"attachment wp-att-1679\"><img loading=\"lazy\" decoding=\"async\" class=\"aligncenter size-full wp-image-1679\" src=\"http:\/\/biblioteca.isidrodearceneguiycarmona.es\/wp-content\/uploads\/2022\/11\/index-5.jpg\" alt=\"Exposici\u00f3n oral\" width=\"225\" height=\"224\" srcset=\"https:\/\/biblioteca.isidrodearceneguiycarmona.es\/wp-content\/uploads\/2022\/11\/index-5.jpg 225w, https:\/\/biblioteca.isidrodearceneguiycarmona.es\/wp-content\/uploads\/2022\/11\/index-5-150x150.jpg 150w\" sizes=\"auto, (max-width: 225px) 100vw, 225px\" \/><\/a><\/span><\/p>\n<\/div>\n<\/div>\n<\/div>\n<\/div>\n<\/div>\n<\/div>\n","protected":false},"excerpt":{"rendered":"<p>Esta entrada est\u00e1 dedicada a compartir recursos para los compa\u00f1eros y compa\u00f1eras que este curso escolar imparten la asignatura de &hellip; <\/p>\n","protected":false},"author":3,"featured_media":1679,"comment_status":"closed","ping_status":"closed","sticky":false,"template":"","format":"standard","meta":{"footnotes":""},"categories":[1],"tags":[],"class_list":["post-1678","post","type-post","status-publish","format-standard","has-post-thumbnail","hentry","category-articulos-2"],"_links":{"self":[{"href":"https:\/\/biblioteca.isidrodearceneguiycarmona.es\/index.php?rest_route=\/wp\/v2\/posts\/1678","targetHints":{"allow":["GET"]}}],"collection":[{"href":"https:\/\/biblioteca.isidrodearceneguiycarmona.es\/index.php?rest_route=\/wp\/v2\/posts"}],"about":[{"href":"https:\/\/biblioteca.isidrodearceneguiycarmona.es\/index.php?rest_route=\/wp\/v2\/types\/post"}],"author":[{"embeddable":true,"href":"https:\/\/biblioteca.isidrodearceneguiycarmona.es\/index.php?rest_route=\/wp\/v2\/users\/3"}],"replies":[{"embeddable":true,"href":"https:\/\/biblioteca.isidrodearceneguiycarmona.es\/index.php?rest_route=%2Fwp%2Fv2%2Fcomments&post=1678"}],"version-history":[{"count":5,"href":"https:\/\/biblioteca.isidrodearceneguiycarmona.es\/index.php?rest_route=\/wp\/v2\/posts\/1678\/revisions"}],"predecessor-version":[{"id":1687,"href":"https:\/\/biblioteca.isidrodearceneguiycarmona.es\/index.php?rest_route=\/wp\/v2\/posts\/1678\/revisions\/1687"}],"wp:featuredmedia":[{"embeddable":true,"href":"https:\/\/biblioteca.isidrodearceneguiycarmona.es\/index.php?rest_route=\/wp\/v2\/media\/1679"}],"wp:attachment":[{"href":"https:\/\/biblioteca.isidrodearceneguiycarmona.es\/index.php?rest_route=%2Fwp%2Fv2%2Fmedia&parent=1678"}],"wp:term":[{"taxonomy":"category","embeddable":true,"href":"https:\/\/biblioteca.isidrodearceneguiycarmona.es\/index.php?rest_route=%2Fwp%2Fv2%2Fcategories&post=1678"},{"taxonomy":"post_tag","embeddable":true,"href":"https:\/\/biblioteca.isidrodearceneguiycarmona.es\/index.php?rest_route=%2Fwp%2Fv2%2Ftags&post=1678"}],"curies":[{"name":"wp","href":"https:\/\/api.w.org\/{rel}","templated":true}]}}