{"id":1693,"date":"2022-12-12T18:53:38","date_gmt":"2022-12-12T18:53:38","guid":{"rendered":"http:\/\/biblioteca.isidrodearceneguiycarmona.es\/?p=1693"},"modified":"2023-02-01T17:21:34","modified_gmt":"2023-02-01T17:21:34","slug":"sumergete-en-el-mar-de-la-lectura-dia-de-la-lectura-en-andalucia","status":"publish","type":"post","link":"https:\/\/biblioteca.isidrodearceneguiycarmona.es\/?p=1693","title":{"rendered":"&#8220;SUM\u00c9RGETE EN EL MAR DE LA LECTURA&#8221; (D\u00cdA DE LA LECTURA EN ANDALUC\u00cdA)"},"content":{"rendered":"<p><span style=\"color: #0000ff;\">La designaci\u00f3n del 16 de diciembre como festividad andaluza de la lectura no es casual, sino que atiende al recuerdo del encuentro que, en esa misma fecha del a\u00f1o 1927, mantuvieron Federico Garc\u00eda Lorca, Rafael Alberti, Jos\u00e9 Bergam\u00edn, Juan Chab\u00e1s, Gerardo Diego, D\u00e1maso Alonso y Jorge Guill\u00e9n en el Ateneo de Sevilla con motivo de la clausura de un homenaje al poeta cordob\u00e9s Luis de G\u00f3ngora. Este portentoso grupo de poetas se conocer\u00eda como la Generaci\u00f3n del 27. Una generaci\u00f3n literaria, la Edad de Plata de nuestra literatura. Tambi\u00e9n un 16 de diciembre de 1902 nac\u00eda uno de los m\u00e1s destacados integrantes de la Generaci\u00f3n del 27, Rafael Alberti, por lo que esta fecha resultaba la m\u00e1s id\u00f3nea para declararla D\u00eda de la Lectura en el \u00e1mbito de la Comunidad Aut\u00f3noma de Andaluc\u00eda.<\/span><\/p>\n<p><span style=\"color: #0000ff;\">El Centro Andaluz de las Letras dedica este d\u00eda a la escritora <strong><a href=\"https:\/\/www.juntadeandalucia.es\/cultura\/caletras\/content\/autor-del-ano\"style=\"color: #0000ff;\"  target=\"_blank\">Fern\u00e1n Caballo, autora del a\u00f1o 2022<\/a><\/strong>,&nbsp;con el fin de potenciar el h\u00e1bito lector entre la poblaci\u00f3n y difundir el legado de figuras relevantes de nuestro rico patrimonio intelectual.<\/span><\/p>\n<p><span style=\"color: #0000ff;\">Desde el Centro Andaluz de las Letras se invita a la lectura, en los centros educativos de la <a href=\"https:\/\/www.juntadeandalucia.es\/cultura\/caletras\/content\/alocucion-dia-de-la-lectura-2022\"style=\"color: #0000ff;\"  target=\"_blank\"><strong>alocuci\u00f3n ciudadana<\/strong><\/a> elaborada por la escritora <strong>Herminia Luque<\/strong>, titulada <strong>\u2018La lectura invencible\u2019<\/strong>. Sus emotivas palabras nos acercan al placer de leer: <em>\u201cLo verdaderamente asombroso (m\u00e1s, incluso, que la propia invenci\u00f3n de la escritura) es la invenci\u00f3n de la lectura silenciosa. Aquella que, convertida en acto mental, es el delicado producto de nuestra mente; el di\u00e1logo mudo entre nuestro bagaje personal y lo que leemos. Aquella que resuena silenciosamente en nuestro cerebro, que est\u00e1 en \u00e9l y no lo est\u00e1. Porque, con la lectura, atravesamos parajes emocionales insospechados, arribamos a lugares de pensamiento diferentes al nuestro, vislumbramos paisajes po\u00e9ticos deliciosos. Lugares sin lugar que son nuestros en esa fugacidad preciosa e inmarcesible del instante lector\u201d<\/em>, escribe Herminia Luque en la alocuci\u00f3n ciudadana. El <a href=\"http:\/\/www.juntadeandalucia.es\/cultura\/caletras\/content\/alocucion-dia-de-la-lectura-2022\"style=\"color: #0000ff;\"  target=\"_blank\">texto completo puede descargarse gratuitamente desde la web del Centro Andaluz de las Letras<\/a>. <\/span><\/p>\n<p><span style=\"color: #0000ff;\">Tambi\u00e9n se pone a disposici\u00f3n el <a href=\"https:\/\/www.juntadeandalucia.es\/cultura\/caletras\/content\/alocucion-dia-de-la-lectura-2022-version-facil-lectura\"style=\"color: #0000ff;\"  target=\"_blank\">documento<\/a> de la&nbsp; alocuci\u00f3n en una versi\u00f3n de f\u00e1cil lectura para nuestros alumnos y alumnas.<\/span><\/p>\n<p><iframe loading=\"lazy\" title=\"D\u00eda de la Lectura 2022 - Alocuci\u00f3n ciudadana\" width=\"750\" height=\"422\" src=\"https:\/\/www.youtube.com\/embed\/rG0OQNDICok?feature=oembed\" frameborder=\"0\" allow=\"accelerometer; autoplay; clipboard-write; encrypted-media; gyroscope; picture-in-picture; web-share\" allowfullscreen><\/iframe><\/p>\n<p>&nbsp;<\/p>\n<p><span style=\"color: #0000ff;\">El Centro Andaluz de las Letras nos facilita en su web la exposici\u00f3n digital \u2018<a href=\"https:\/\/www.juntadeandalucia.es\/cultura\/caletras\/content\/exposicion-virtual-oculta-todo-ojo-profano-cecilia-bohl-larrea-fernan-caballero\"style=\"color: #0000ff;\"  target=\"_blank\">Oculta a todo ojo profano. Cecilia B\u00f6hl Larrea, Fern\u00e1n Caballero<\/a>\u2019 para difundir la profunda complejidad, dualidad y contradicci\u00f3n de una autora que, en la famosa met\u00e1fora de Jos\u00e9 Fern\u00e1ndez Montesinos, fue \u201cun gran calamar andaluz\u201d por la capacidad para camuflarse en su tinta.<\/span><\/p>\n<p><span style=\"color: #800000;\">En esta ocasi\u00f3n, el lema elegido en nuestro IES para anunciar dicha efem\u00e9rides es&nbsp; &#8220;<strong><em>SUM\u00c9RGETE EN EL MAR DE LA LECTURA<\/em><\/strong>&#8220;, cuya sorprendente puesta en escena ha sido obra de nuestro colaborador y artista Antonio L\u00f3pez, profesor del Departamento de Pl\u00e1stica y Dibujo y que puede contemplarse gratuitamente a lo largo de esta semana y la que viene. <\/span><\/p>\n<p><span style=\"color: #800000;\">Tambi\u00e9n celebramos&nbsp; actividades de lectura , como la realizada por nuestra compa\u00f1era de Lengua y colaboradora de la BE, Lola Zamudio, quien ha llevado a cabo una actividad de <strong>BIBLIOTERAPIA<\/strong> entre alumnos de tercero y primero de la ESO, enmarcada dentro del proyecto interbibliotecario &#8220;<em>La voz a t\u00ed debida<\/em>&#8220;. <\/span><\/p>\n<p><span style=\"color: #800000;\">Los alumnos de 3\u00ba ESO hicieron de &#8220;doctores,&#8221; que iban leyendo a sus pacientes (los de 1\u00ba ESO) textos seleccionados como poemas de tem\u00e1tica diversa como la soledad, el amor, la belleza, etc&#8230;, dirigidos a provocar reacciones emocionales que, posteriormente, tendr\u00edan que redactar los alumnos de primero en un documento elaborado para la ocasi\u00f3n, una especie de receta de lectura.<\/span><\/p>\n<p><a href=\"http:\/\/biblioteca.isidrodearceneguiycarmona.es\/?attachment_id=1701\" rel=\"attachment wp-att-1701\"><img loading=\"lazy\" decoding=\"async\" class=\"alignleft wp-image-1701 size-medium\" src=\"http:\/\/biblioteca.isidrodearceneguiycarmona.es\/wp-content\/uploads\/2022\/12\/IMG_20221209_144424-300x300.jpg\" alt=\"\" width=\"300\" height=\"300\" srcset=\"https:\/\/biblioteca.isidrodearceneguiycarmona.es\/wp-content\/uploads\/2022\/12\/IMG_20221209_144424-300x300.jpg 300w, https:\/\/biblioteca.isidrodearceneguiycarmona.es\/wp-content\/uploads\/2022\/12\/IMG_20221209_144424-1024x1024.jpg 1024w, https:\/\/biblioteca.isidrodearceneguiycarmona.es\/wp-content\/uploads\/2022\/12\/IMG_20221209_144424-150x150.jpg 150w, https:\/\/biblioteca.isidrodearceneguiycarmona.es\/wp-content\/uploads\/2022\/12\/IMG_20221209_144424-768x768.jpg 768w, https:\/\/biblioteca.isidrodearceneguiycarmona.es\/wp-content\/uploads\/2022\/12\/IMG_20221209_144424-1536x1536.jpg 1536w, https:\/\/biblioteca.isidrodearceneguiycarmona.es\/wp-content\/uploads\/2022\/12\/IMG_20221209_144424-2048x2048.jpg 2048w\" sizes=\"auto, (max-width: 300px) 100vw, 300px\" \/><\/a> <a href=\"http:\/\/biblioteca.isidrodearceneguiycarmona.es\/?attachment_id=1700\" rel=\"attachment wp-att-1700\"><img loading=\"lazy\" decoding=\"async\" class=\"alignleft wp-image-1700 size-medium\" src=\"http:\/\/biblioteca.isidrodearceneguiycarmona.es\/wp-content\/uploads\/2022\/12\/IMG_20221209_144413_1-300x300.jpg\" alt=\"\" width=\"300\" height=\"300\" srcset=\"https:\/\/biblioteca.isidrodearceneguiycarmona.es\/wp-content\/uploads\/2022\/12\/IMG_20221209_144413_1-300x300.jpg 300w, https:\/\/biblioteca.isidrodearceneguiycarmona.es\/wp-content\/uploads\/2022\/12\/IMG_20221209_144413_1-1024x1024.jpg 1024w, https:\/\/biblioteca.isidrodearceneguiycarmona.es\/wp-content\/uploads\/2022\/12\/IMG_20221209_144413_1-150x150.jpg 150w, https:\/\/biblioteca.isidrodearceneguiycarmona.es\/wp-content\/uploads\/2022\/12\/IMG_20221209_144413_1-768x768.jpg 768w, https:\/\/biblioteca.isidrodearceneguiycarmona.es\/wp-content\/uploads\/2022\/12\/IMG_20221209_144413_1-1536x1536.jpg 1536w, https:\/\/biblioteca.isidrodearceneguiycarmona.es\/wp-content\/uploads\/2022\/12\/IMG_20221209_144413_1-2048x2048.jpg 2048w\" sizes=\"auto, (max-width: 300px) 100vw, 300px\" \/><\/a><\/p>\n<p>&nbsp;<\/p>\n<p>&nbsp;<\/p>\n<p>&nbsp;<\/p>\n<p>&nbsp;<\/p>\n<p>&nbsp;<\/p>\n<div style=\"width: 720px;\" class=\"wp-video\"><video class=\"wp-video-shortcode\" id=\"video-1693-1\" width=\"720\" height=\"720\" preload=\"metadata\" controls=\"controls\"><source type=\"video\/mp4\" src=\"http:\/\/biblioteca.isidrodearceneguiycarmona.es\/wp-content\/uploads\/2022\/12\/Biblioterapia.mp4?_=1\" \/><a href=\"http:\/\/biblioteca.isidrodearceneguiycarmona.es\/wp-content\/uploads\/2022\/12\/Biblioterapia.mp4\">http:\/\/biblioteca.isidrodearceneguiycarmona.es\/wp-content\/uploads\/2022\/12\/Biblioterapia.mp4<\/a><\/video><\/div>\n<p>&nbsp;<\/p>\n<p><strong><span style=\"color: #0000ff;\">A continuaci\u00f3n, os dejamos con una selecci\u00f3n de poemas de escritores y escritoras andaluces cantados y\/o contados:<\/span><br><\/strong><\/p>\n<p class=\"style-scope ytd-watch-metadata\"><a href=\"https:\/\/www.youtube.com\/watch?v=CoADWowiOyg\" target=\"_blank\">Aguaviva &#8211; &#8220;Poetas Andaluces&#8221; (completo) poema Rafael Alberti &#8211; arranjo Manolo Diaz<\/a><\/p>\n<p>La letra retoma los versos escritos por Alberti en 1950 en el poema <i>Balada para los poetas andaluces<\/i>.<sup id=\"cite_ref-3\" class=\"reference separada\"><\/sup> Se trata de una cr\u00edtica soterrada a los poetas andaluces del momento por no alzar su voz frente a las injusticias que se viv\u00edan en la Espa\u00f1a de la \u00e9poca<\/p>\n<p><iframe loading=\"lazy\" title=\"Aguaviva - &quot;Poetas Andaluces&quot; (completo)  poema Rafael Alberti - arranjo Manolo Diaz\" width=\"750\" height=\"563\" src=\"https:\/\/www.youtube.com\/embed\/CoADWowiOyg?feature=oembed\" frameborder=\"0\" allow=\"accelerometer; autoplay; clipboard-write; encrypted-media; gyroscope; picture-in-picture; web-share\" allowfullscreen><\/iframe><\/p>\n<p style=\"text-align: center;\"><span style=\"color: #333399;\">\u00bfQu\u00e9 cantan los poetas andaluces de ahora?<\/span><br><span style=\"color: #333399;\">\u00bfQu\u00e9 miran los poetas andaluces de ahora?<\/span><br><span style=\"color: #333399;\">\u00bfQu\u00e9 sienten los poetas andaluces de ahora?<\/span><br><span style=\"color: #333399;\"><span id=\"more-3856\"><\/span>Cantan con voz de hombre, \u00bfpero d\u00f3nde los hombres?<\/span><br><span style=\"color: #333399;\">Con ojos de hombre miran, \u00bfpero d\u00f3nde los hombres?<\/span><br><span style=\"color: #333399;\">Con pecho de hombre sienten, \u00bfpero d\u00f3nde los hombres?<\/span><br><span style=\"color: #333399;\">Cantan, y cuando cantan parece que est\u00e1n solos.<\/span><\/p>\n<p style=\"text-align: center;\">&nbsp;<\/p>\n<p style=\"text-align: center;\"><strong>Rafael Alberti. <\/strong><\/p>\n<p class=\"style-scope ytd-watch-metadata\"><a href=\"https:\/\/www.youtube.com\/watch?v=8HuyHvrVMsQ\" target=\"_blank\">&#8220;Canto a Andaluc\u00eda&#8221; Manuel Machado<\/a><\/p>\n<p><iframe loading=\"lazy\" title=\"&quot;Canto a Andaluc\u00eda&quot; Manuel Machado\" width=\"750\" height=\"422\" src=\"https:\/\/www.youtube.com\/embed\/8HuyHvrVMsQ?feature=oembed\" frameborder=\"0\" allow=\"accelerometer; autoplay; clipboard-write; encrypted-media; gyroscope; picture-in-picture; web-share\" allowfullscreen><\/iframe><\/p>\n<div class=\"pt-4 pt-md-5\">\n<div class=\"merri-font p-poem\">\n<div class=\"verse \" style=\"text-align: center;\"><span style=\"color: #333399;\">C\u00e1diz, salada claridad. Granada,<\/span><\/div>\n<div class=\"verse \" style=\"text-align: center;\"><span style=\"color: #333399;\">agua oculta que llora.<\/span><\/div>\n<div class=\"verse \" style=\"text-align: center;\"><span style=\"color: #333399;\">Romana y mora, C\u00f3rdoba callada.<\/span><\/div>\n<div class=\"verse \" style=\"text-align: center;\"><span style=\"color: #333399;\">M\u00e1laga cantaora.<\/span><\/div>\n<div class=\"verse \" style=\"text-align: center;\"><span style=\"color: #333399;\">Almer\u00eda, dorada.<\/span><\/div>\n<div class=\"verse \" style=\"text-align: center;\"><span style=\"color: #333399;\">Plateado, Ja\u00e9n. Huelva, la orilla<\/span><\/div>\n<div class=\"verse \" style=\"text-align: center;\"><span style=\"color: #333399;\">de las tres carabelas.<\/span><\/div>\n<div class=\"verse \" style=\"text-align: center;\">&nbsp; &nbsp; &nbsp; &nbsp; &nbsp; &nbsp; &nbsp; &nbsp; &nbsp; &nbsp; &nbsp; &nbsp; &nbsp; &nbsp; &nbsp; &nbsp; &nbsp; &nbsp; &nbsp; &nbsp; &nbsp; &nbsp; &nbsp; &nbsp; &nbsp; &nbsp; &nbsp; &nbsp; &nbsp; &nbsp; &nbsp; Y Sevilla.<\/div>\n<\/div>\n<\/div>\n<p><a href=\"https:\/\/www.youtube.com\/watch?v=Sa7T72nWa_A&amp;feature=emb_rel_pause\" target=\"_blank\"><strong>Canci\u00f3n del jinete<\/strong> de Lorca-&nbsp; Paco Ib\u00e1\u00f1ez <\/a><\/p>\n<p><iframe loading=\"lazy\" title=\"Paco Iba\u00f1ez - Canci\u00f3n del Jinete - Federico Garc\u00eda Lorca\" width=\"750\" height=\"563\" src=\"https:\/\/www.youtube.com\/embed\/AY7t6pxpdaE?feature=oembed\" frameborder=\"0\" allow=\"accelerometer; autoplay; clipboard-write; encrypted-media; gyroscope; picture-in-picture; web-share\" allowfullscreen><\/iframe><\/p>\n<p style=\"text-align: center;\"><span style=\"color: #333399;\">En la luna negra<\/span><\/p>\n<p style=\"text-align: center;\"><span style=\"color: #333399;\">de los bandoleros,<\/span><\/p>\n<p style=\"text-align: center;\"><span style=\"color: #333399;\">cantan las espuelas.<\/span><\/p>\n<p style=\"text-align: center;\"><span style=\"color: #333399;\">Caballito negro.<\/span><\/p>\n<p style=\"text-align: center;\"><span style=\"color: #333399;\">\u00bfD\u00f3nde llevas tu jinete muerto?<\/span><\/p>\n<p>&nbsp;<\/p>\n<p><a href=\"https:\/\/youtu.be\/LUd9Jvvp1pk\" target=\"_blank\"><strong>Romance del amargo<\/strong> de Lorca &#8211; Camar\u00f3n de la Isla<\/a><\/p>\n<p><iframe loading=\"lazy\" title=\"Camar\u00f3n.  - Romance del amargo.\" width=\"750\" height=\"563\" src=\"https:\/\/www.youtube.com\/embed\/LUd9Jvvp1pk?feature=oembed\" frameborder=\"0\" allow=\"accelerometer; autoplay; clipboard-write; encrypted-media; gyroscope; picture-in-picture; web-share\" allowfullscreen><\/iframe><\/p>\n<p style=\"text-align: center;\"><span style=\"color: #333399;\">El veinticinco de junio<\/span><\/p>\n<p style=\"text-align: center;\"><span style=\"color: #333399;\">le dijeron al amargo,<\/span><\/p>\n<p style=\"text-align: center;\"><span style=\"color: #333399;\">ya puedes cortar si quieres<\/span><\/p>\n<p style=\"text-align: center;\"><span style=\"color: #333399;\">las adelfas de tu patio\u2026<\/span><\/p>\n<p class=\"style-scope ytd-watch-metadata\"><a href=\"https:\/\/youtu.be\/yJr2LBYOvUU\" target=\"_blank\">Verde que te quiero verde, de lorca, por manzanita y Katama<\/a><\/p>\n<p><iframe loading=\"lazy\" title=\"Verde que te quiero verde\" width=\"750\" height=\"563\" src=\"https:\/\/www.youtube.com\/embed\/yJr2LBYOvUU?feature=oembed\" frameborder=\"0\" allow=\"accelerometer; autoplay; clipboard-write; encrypted-media; gyroscope; picture-in-picture; web-share\" allowfullscreen><\/iframe><\/p>\n<p style=\"text-align: center;\"><span style=\"color: #333399;\">Verde que te quiero verde<\/span><br><span style=\"color: #333399;\">verde viento verdes ramas<\/span><br><span style=\"color: #333399;\">el barco sobre la mar<\/span><br><span style=\"color: #333399;\">el caballo en la monta\u00f1a.<\/span><\/p>\n<p style=\"text-align: center;\"><span style=\"color: #333399;\"><i>Verde, que yo te quiero verde.<\/i><\/span><\/p>\n<p style=\"text-align: center;\"><span style=\"color: #333399;\">Con la sombra en la cintura<\/span><br><span style=\"color: #333399;\">ella sue\u00f1a en la baranda<\/span><br><span style=\"color: #333399;\">verdes carne, pelo verde<\/span><br><span style=\"color: #333399;\">su cuerpo de fr\u00eda plata.<\/span><\/p>\n<p><strong>Gacela del amor&nbsp;desesperado<\/strong> de Lorca &#8211;&nbsp; Amacio Prada<\/p>\n<p><iframe loading=\"lazy\" title=\"Amancio Prada - Federico Garc\u00eda Lorca. Gacela del amor desesperado\" width=\"750\" height=\"563\" src=\"https:\/\/www.youtube.com\/embed\/aQo8mOh6AHc?feature=oembed\" frameborder=\"0\" allow=\"accelerometer; autoplay; clipboard-write; encrypted-media; gyroscope; picture-in-picture; web-share\" allowfullscreen><\/iframe><\/p>\n<p style=\"text-align: center;\"><span style=\"color: #333399;\">La noche no quiere venir<\/span><\/p>\n<p style=\"text-align: center;\"><span style=\"color: #333399;\">para que t\u00fa no vengas<\/span><\/p>\n<p style=\"text-align: center;\"><span style=\"color: #333399;\">ni yo pueda ir.<\/span><\/p>\n<p style=\"text-align: center;\"><span style=\"color: #333399;\">Pero yo ir\u00e9<\/span><\/p>\n<p style=\"text-align: center;\"><span style=\"color: #333399;\">aunque un sol de alacranes me coma la sien.<\/span><\/p>\n<p style=\"text-align: center;\"><span style=\"color: #333399;\">Pero t\u00fa vendr\u00e1s<\/span><\/p>\n<p style=\"text-align: center;\"><span style=\"color: #333399;\">con la lengua quemada por la lluvia de sal\u2026<\/span><\/p>\n<p><a href=\"https:\/\/youtu.be\/Wi5n7LyoN0k\" target=\"_blank\">No me encontraron de Lorca &#8211; Miguel Poveda<\/a><\/p>\n<p><iframe loading=\"lazy\" title=\"Miguel Poveda - No Me Encontraron (Fragmento F\u00e1bula Y Rueda De Los Tres Amigos)\" width=\"750\" height=\"422\" src=\"https:\/\/www.youtube.com\/embed\/Wi5n7LyoN0k?feature=oembed\" frameborder=\"0\" allow=\"accelerometer; autoplay; clipboard-write; encrypted-media; gyroscope; picture-in-picture; web-share\" allowfullscreen><\/iframe><\/p>\n<p style=\"text-align: center;\"><span style=\"color: #333399;\">Cuando se hundieron las formas puras<\/span><\/p>\n<p style=\"text-align: center;\"><span style=\"color: #333399;\">bajo el cri cri de las margaritas,<\/span><\/p>\n<p style=\"text-align: center;\"><span style=\"color: #333399;\">comprend\u00ed que me hab\u00edan asesinado.<\/span><\/p>\n<p style=\"text-align: center;\"><span style=\"color: #333399;\">Recorrieron los caf\u00e9s y los cementerios y las iglesias,<\/span><\/p>\n<p style=\"text-align: center;\"><span style=\"color: #333399;\">abrieron los toneles y los armarios,<\/span><\/p>\n<p style=\"text-align: center;\"><span style=\"color: #333399;\">destrozaron tres esqueletos para arrancar sus dientes de oro<\/span><\/p>\n<p style=\"text-align: center;\"><span style=\"color: #333399;\">Ya no me encontraron\u2026<\/span><\/p>\n<div class=\"ytp-left-controls\">\n<div class=\"ytp-time-display notranslate\">\n<div id=\"player-container\" class=\"style-scope ytd-watch-flexy\" role=\"complementary\">\n<div id=\"container\" class=\"style-scope ytd-player\">\n<div id=\"movie_player\" class=\"html5-video-player ytp-transparent ytp-exp-bottom-control-flexbox ytp-exp-ppp-update ytp-fit-cover-video ytp-fine-scrubbing-exp ytp-hide-info-bar ytp-autonav-endscreen-cancelled-state ytp-rounded-miniplayer playing-mode ytp-autohide\" tabindex=\"-1\" data-version=\"\/s\/player\/72d3c60a\/player_ias.vflset\/es_ES\/base.js\" aria-label=\"Reproductor de v\u00eddeo de YouTube\">\n<div class=\"ytp-chrome-bottom\" data-layer=\"9\">\n<div class=\"ytp-chrome-controls\">\n<div class=\"ytp-right-controls\">\n<div id=\"alerts\" class=\"style-scope ytd-watch-flexy\">\n<div id=\"title\" class=\"style-scope ytd-watch-metadata\">\n<p class=\"style-scope ytd-watch-metadata\"><a href=\"https:\/\/youtu.be\/u0M5NtGxb7A\" target=\"_blank\">\u00c1ngel Corpa &#8211; &#8220;Andaluces de Ja\u00e9n&#8221; de Jarcha (Poema de Miguel Hern\u00e1ndez<\/a><\/p>\n<p><iframe loading=\"lazy\" title=\"\u00c1ngel Corpa - &quot;Andaluces de Ja\u00e9n&quot; de Jarcha (Poema de Miguel Hern\u00e1ndez)\" width=\"750\" height=\"422\" src=\"https:\/\/www.youtube.com\/embed\/u0M5NtGxb7A?feature=oembed\" frameborder=\"0\" allow=\"accelerometer; autoplay; clipboard-write; encrypted-media; gyroscope; picture-in-picture; web-share\" allowfullscreen><\/iframe><\/p>\n<\/div>\n<\/div>\n<\/div>\n<\/div>\n<\/div>\n<\/div>\n<\/div>\n<\/div>\n<\/div>\n<\/div>\n<div class=\"ujudUb\" style=\"text-align: center;\"><span style=\"color: #333399;\">Andaluces de Ja\u00e9n<\/span><br aria-hidden=\"true\"><span style=\"color: #333399;\">Aceituneros altivos<\/span><br aria-hidden=\"true\"><span style=\"color: #333399;\">Decidme en el alma qui\u00e9n<\/span><br aria-hidden=\"true\"><span style=\"color: #333399;\">Qui\u00e9n levant\u00f3 los olivos<\/span><br aria-hidden=\"true\"><span style=\"color: #333399;\">Andaluces de Ja\u00e9n<\/span><\/div>\n<div class=\"ujudUb\" style=\"text-align: center;\"><span style=\"color: #333399;\">No los levant\u00f3 la nada<\/span><br aria-hidden=\"true\"><span style=\"color: #333399;\">Ni el dinero ni el se\u00f1or<\/span><br aria-hidden=\"true\"><span style=\"color: #333399;\">Sino la tierra callada<\/span><br aria-hidden=\"true\"><span style=\"color: #333399;\">El trabajo y el sudor<\/span><\/div>\n<p class=\"lH1 dyH iFc H2s GTB O2T zDA IZT\"><a href=\"https:\/\/youtu.be\/ZRivJLSg8R8\" target=\"_blank\">Poetas Andaluces, El color de tu alma, Juan Ram\u00f3n Jim\u00e9nez<\/a><\/p>\n<p><iframe loading=\"lazy\" title=\"Poetas Andaluces, El color de tu alma, Juan Ram\u00f3n Jim\u00e9nez\" width=\"750\" height=\"563\" src=\"https:\/\/www.youtube.com\/embed\/ZRivJLSg8R8?feature=oembed\" frameborder=\"0\" allow=\"accelerometer; autoplay; clipboard-write; encrypted-media; gyroscope; picture-in-picture; web-share\" allowfullscreen><\/iframe><\/p>\n<div class=\"poema col-md-4 col-md-offset-3 col-sm-4 col-sm-offset-3\">\n<div class=\"row\" style=\"text-align: center;\"><span style=\"color: #333399;\">Mientras que yo te beso, su rumor<\/span><br><span style=\"color: #333399;\">nos da el \u00e1rbol que mece al sol el oro<\/span><br><span style=\"color: #333399;\">que el sol le da al huir, fugaz tesoro<\/span><br><span style=\"color: #333399;\">del \u00e1rbol que es el \u00e1rbol de mi amor.No es fulgor, no es ardor y no es altor<\/span><br><span style=\"color: #333399;\">lo que me da de t\u00ed lo que te adoro,<\/span><br><span style=\"color: #333399;\">con la luz que se va; es el oro, el oro,<\/span><br><span style=\"color: #333399;\">es el oro hecho sombra: tu color.El color de tu alma; pues tus ojos<\/span><br><span style=\"color: #333399;\">se van haciendo ella, y a medida<\/span><br><span style=\"color: #333399;\">que el sol cambia sus oros por sus rojos<\/span><br><span style=\"color: #333399;\">y t\u00fa te quedas p\u00e1lida y fundida,<\/span><br><span style=\"color: #333399;\">sale el oro hecho t\u00fa de tus dos ojos<\/span><br><span style=\"color: #333399;\">que son mi paz, mi fe, mi sol: \u00a1mi vida!<\/span><\/div>\n<\/div>\n<p><a href=\"https:\/\/youtu.be\/kGhW5j5pBsM\" target=\"_blank\">La leyenda del tiempo, de Lorca &#8211; Enrique Morente<\/a><\/p>\n<p><iframe loading=\"lazy\" title=\"Enrique Morente - Lorca (1998)- La Leyenda del Tiempo\" width=\"750\" height=\"563\" src=\"https:\/\/www.youtube.com\/embed\/kGhW5j5pBsM?feature=oembed\" frameborder=\"0\" allow=\"accelerometer; autoplay; clipboard-write; encrypted-media; gyroscope; picture-in-picture; web-share\" allowfullscreen><\/iframe><\/p>\n<p style=\"text-align: center;\"><span style=\"color: #333399;\">Nadie puede abrir semillas<\/span><\/p>\n<p style=\"text-align: center;\"><span style=\"color: #333399;\">en el coraz\u00f3n del sue\u00f1o.<\/span><\/p>\n<p style=\"text-align: center;\"><span style=\"color: #333399;\">El sue\u00f1o va sobre el tiempo<\/span><\/p>\n<p style=\"text-align: center;\"><span style=\"color: #333399;\">flotando como un velero.<\/span><\/p>\n<p style=\"text-align: center;\"><span style=\"color: #333399;\">\u00a1Ay, c\u00f3mo canta la noche, c\u00f3mo canta!<\/span><\/p>\n<p style=\"text-align: center;\"><span style=\"color: #333399;\">\u00a1Qu\u00e9 t\u00e9mpanos de hielo azul levanta!<\/span><\/p>\n<p class=\"style-scope ytd-watch-metadata\"><a href=\"https:\/\/youtu.be\/UYcc-BvL-4M\" target=\"_blank\">PACO IB\u00c1\u00d1EZ: 12 TEMAS A GARC\u00cdA LORCA<\/a><\/p>\n<p><iframe loading=\"lazy\" title=\"PACO IB\u00c1\u00d1EZ: 12 TEMAS  A GARC\u00cdA LORCA\" width=\"750\" height=\"563\" src=\"https:\/\/www.youtube.com\/embed\/UYcc-BvL-4M?feature=oembed\" frameborder=\"0\" allow=\"accelerometer; autoplay; clipboard-write; encrypted-media; gyroscope; picture-in-picture; web-share\" allowfullscreen><\/iframe><\/p>\n<p>&nbsp;<\/p>\n<p><strong>&nbsp;&nbsp;&nbsp;&nbsp;&nbsp;&nbsp;&nbsp;&nbsp;&nbsp;&nbsp;&nbsp;&nbsp;&nbsp;&nbsp;&nbsp;&nbsp;&nbsp;&nbsp;&nbsp;&nbsp;&nbsp;&nbsp;&nbsp;&nbsp;&nbsp;&nbsp;&nbsp;&nbsp;&nbsp;&nbsp;&nbsp;&nbsp;&nbsp;&nbsp;&nbsp;&nbsp;&nbsp;&nbsp;&nbsp;&nbsp;&nbsp;&nbsp;&nbsp;&nbsp;&nbsp;&nbsp;&nbsp;&nbsp;&nbsp;&nbsp;&nbsp;&nbsp;&nbsp;&nbsp;&nbsp;&nbsp;&nbsp;&nbsp;&nbsp;&nbsp;&nbsp; DAFNE BENJUMEA: &#8220;DESDE LA HIERBA&#8221;<\/strong><\/p>\n<p><a href=\"http:\/\/biblioteca.isidrodearceneguiycarmona.es\/?attachment_id=1714\" rel=\"attachment wp-att-1714\"><img loading=\"lazy\" decoding=\"async\" class=\"aligncenter size-medium wp-image-1714\" src=\"http:\/\/biblioteca.isidrodearceneguiycarmona.es\/wp-content\/uploads\/2022\/12\/310236369_613773393567737_6781137291473756611_n.webp-240x300.jpg\" alt=\"\" width=\"240\" height=\"300\" srcset=\"https:\/\/biblioteca.isidrodearceneguiycarmona.es\/wp-content\/uploads\/2022\/12\/310236369_613773393567737_6781137291473756611_n.webp-240x300.jpg 240w, https:\/\/biblioteca.isidrodearceneguiycarmona.es\/wp-content\/uploads\/2022\/12\/310236369_613773393567737_6781137291473756611_n.webp-819x1024.jpg 819w, https:\/\/biblioteca.isidrodearceneguiycarmona.es\/wp-content\/uploads\/2022\/12\/310236369_613773393567737_6781137291473756611_n.webp-768x960.jpg 768w, https:\/\/biblioteca.isidrodearceneguiycarmona.es\/wp-content\/uploads\/2022\/12\/310236369_613773393567737_6781137291473756611_n.webp.jpg 1080w\" sizes=\"auto, (max-width: 240px) 100vw, 240px\" \/><\/a><\/p>\n<p>Pero nada mejor que escuchar y leer versos del poemario que nuestra ex-alumna <strong>Dafne Benjumea<\/strong> nos ofrece en su primer libro,<strong><em>Desde la hierba<\/em><\/strong>, en 2021 . Nacida en Marchena, Sevilla, Espa\u00f1a, 1993. Poeta y profesora de Lengua castellana y Literatura. Fue editora de la revista <em>Oculta Lit<\/em>. Poemas suyos han sido publicados en revistas literarias como<em> Heter\u00f3nima, Nayagua, An\u00e1fora, Kokoro, Thalamus Magazine<\/em>, <em>Ligeia<\/em>, <em>Caracol nocturno<\/em>, entre otras, y en antolog\u00edas <em>como<\/em> <em>Puentes po\u00e9ticos: Escritoras j\u00f3venes de Argentina y Espa\u00f1a <\/em>(2018).<\/p>\n<p><span style=\"color: #0000ff;\">&#8220;<em>Un poema en su plenitud supone la renovaci\u00f3n de una alianza. Si un poema es pleno, la Creaci\u00f3n se atisba detr\u00e1s de cada palabra, resguardada a su abrigo como el fr\u00edo bajo las piedras. Este libro nos la devuelve, nos devuelve la pertenencia a lo creado, y nos arroja a un universo en ciernes, auroral. En sus palabras no se han disgregado las infancias de la realidad y del lenguaje. He aqu\u00ed poemas que expresan la inquietud, esperanzas y desvelos de un yo moderno, pero lo hacen sin perder de vista aquel p\u00e1lpito. Y ello ya es un reto a esta realidad y un salvavidas, tan necesario. S\u00ed, por eso mismo el debut de Dafne Benjumea tiene mucho de necesario, por ser el texto de una poeta que ?parad\u00f3jico que eso sea tan raro? cree a\u00fan en la Belleza<\/em>.&#8221; (Juan Andr\u00e9s Garc\u00eda Rom\u00e1n)<\/span><\/p>\n<p><span style=\"color: #000080;\">Agradecemos a la escritora, Dafne Benjumea, por haber ha tenido la gentileza de grabarnos este video para la ocasi\u00f3n, donde desmenuza su obra literaria.<\/span><\/p>\n<div style=\"width: 750px;\" class=\"wp-video\"><video class=\"wp-video-shortcode\" id=\"video-1693-2\" width=\"750\" height=\"425\" preload=\"metadata\" controls=\"controls\"><source type=\"video\/mp4\" src=\"http:\/\/biblioteca.isidrodearceneguiycarmona.es\/wp-content\/uploads\/2022\/12\/dafne0.mp4?_=2\" \/><a href=\"http:\/\/biblioteca.isidrodearceneguiycarmona.es\/wp-content\/uploads\/2022\/12\/dafne0.mp4\">http:\/\/biblioteca.isidrodearceneguiycarmona.es\/wp-content\/uploads\/2022\/12\/dafne0.mp4<\/a><\/video><\/div>\n<p><span style=\"color: #000080;\">Como una escultora que v\u00e1 cincelando en una gozosa penitencia el poemario, Dafne nos muestra un verdadero trabajo de orfebrer\u00eda en el que rezuma sensibilidad, enfret\u00e1ndose a la fragilidad del mundo mediante el verbo, creador de significados. No en vano, al poemario le antecede una frase de la fil\u00f3sofa Simone Weil: &#8220;<em>Dios me ha dado el ser para que yo de lo devuelva<\/em>&#8220;. Yo le sumar\u00eda esta otra: &#8220;<em>Esa vulnerabilidad de las cosas valiosas es hermosa porque la vulnerrabilidad es una marca de la existencia<\/em>&#8220;. Sin duda, Dafne crea belleza intemporal jugando con la fragilidad de la existencia.<\/span><\/p>\n<p><span style=\"color: #0000ff;\">&nbsp;&nbsp;&nbsp;&nbsp;&nbsp;&nbsp;&nbsp;&nbsp;&nbsp;&nbsp;&nbsp;&nbsp;&nbsp;&nbsp;&nbsp;&nbsp;&nbsp;&nbsp;&nbsp;&nbsp;&nbsp;&nbsp;&nbsp;&nbsp;&nbsp;&nbsp;&nbsp;&nbsp;&nbsp; He aqu\u00ed fragmentos y poemas seleccionados de la propia voz de la escritora:<\/span><\/p>\n<p><iframe loading=\"lazy\" title=\"Dafne Benjumea\" width=\"750\" height=\"422\" src=\"https:\/\/www.youtube.com\/embed\/1ZV6eEgDLdk?feature=oembed\" frameborder=\"0\" allow=\"accelerometer; autoplay; clipboard-write; encrypted-media; gyroscope; picture-in-picture; web-share\" allowfullscreen><\/iframe><\/p>\n<p>&nbsp;<\/p>\n<p style=\"text-align: center;\"><span style=\"color: #333399;\">El \u00e1lamo alamea<\/span><\/p>\n<p style=\"text-align: center;\"><span style=\"color: #333399;\">el peral y sus hijillas (qu\u00e9 frutillas)<\/span><\/p>\n<p style=\"text-align: center;\"><span style=\"color: #333399;\">estos arbolitos por su nombre<\/span><\/p>\n<p style=\"text-align: center;\"><span style=\"color: #333399;\">Sus sombras no es nombre<\/span><\/p>\n<p style=\"text-align: center;\"><span style=\"color: #333399;\">no me cubren<\/span><\/p>\n<p style=\"text-align: center;\"><span style=\"color: #333399;\">entonces cog\u00ed la manzana<\/span><\/p>\n<p style=\"text-align: center;\"><span style=\"color: #333399;\">(lloraba y lloraba)<\/span><\/p>\n<p style=\"text-align: center;\"><span style=\"color: #333399;\">hend\u00ed incisiva<\/span><\/p>\n<p style=\"text-align: center;\"><span style=\"color: #333399;\">incisivos sobre la<\/span><\/p>\n<p style=\"text-align: center;\"><span style=\"color: #333399;\">fruta la humedad<\/span><\/p>\n<p style=\"text-align: center;\"><span style=\"color: #333399;\">de la fruta<\/span><\/p>\n<p style=\"text-align: center;\"><span style=\"color: #333399;\">el rabillo en la tierra<\/span><\/p>\n<p style=\"text-align: center;\"><span style=\"color: #333399;\">sus semillas en la tierra<\/span><\/p>\n<p style=\"text-align: center;\"><span style=\"color: #333399;\">y de ella nacieron<\/span><\/p>\n<p style=\"text-align: center;\"><span style=\"color: #333399;\">hect\u00e1reas de colores<\/span><\/p>\n<p style=\"text-align: center;\"><span style=\"color: #333399;\">(qu\u00e9 colores)<\/span><\/p>\n<p style=\"text-align: center;\"><span style=\"color: #333399;\">Pens\u00e9 en la tilde de \u00e1lamo<\/span><\/p>\n<p style=\"text-align: center;\"><span style=\"color: #333399;\">y luego pens\u00e9 que \u00e1lamo puede venir de alma<\/span><\/p>\n<p style=\"text-align: center;\"><span style=\"color: #333399;\">o al menos<\/span><\/p>\n<p style=\"text-align: center;\"><span style=\"color: #333399;\">se asemejan<\/span><\/p>\n<p style=\"text-align: center;\"><span style=\"color: #333399;\">Que por all\u00ed vienen los petirrojos<\/span><\/p>\n<p style=\"text-align: center;\"><span style=\"color: #333399;\">tan ninfos y orgullosos<\/span><\/p>\n<p style=\"text-align: center;\"><span style=\"color: #333399;\">que se comen las bayas que plant\u00e9<\/span><\/p>\n<p style=\"text-align: center;\"><span style=\"color: #333399;\">y me dejan sola<\/span><\/p>\n<p style=\"text-align: center;\"><span style=\"color: #333399;\">sin hijillos<\/span><\/p>\n<p style=\"text-align: center;\"><span style=\"color: #333399;\">Entonces mi nombre se agranda<\/span><\/p>\n<p style=\"text-align: center;\"><span style=\"color: #333399;\">me cubre como sombra<\/span><\/p>\n<p style=\"text-align: center;\"><span style=\"color: #333399;\">como un campo de secano<\/span><\/p>\n<p style=\"text-align: center;\"><span style=\"color: #333399;\">como el sol<\/span><\/p>\n<p style=\"text-align: center;\"><span style=\"color: #333399;\">en el secano<\/span><\/p>\n<p style=\"text-align: center;\"><span style=\"color: #333399;\">Es mi vientre esta llanura<\/span><\/p>\n<p style=\"text-align: center;\"><span style=\"color: #333399;\">y digo<\/span><\/p>\n<p style=\"text-align: center;\"><span style=\"color: #333399;\">\u00bfde qu\u00e9 manera decirte?<\/span><\/p>\n<p style=\"text-align: center;\"><span style=\"color: #333399;\">Ya en la urbe<\/span><\/p>\n<p style=\"text-align: center;\"><span style=\"color: #333399;\">me animo<\/span><\/p>\n<p style=\"text-align: center;\"><span style=\"color: #333399;\">me agito<\/span><\/p>\n<p style=\"text-align: center;\"><span style=\"color: #333399;\">nerviosa<\/span><\/p>\n<p style=\"text-align: center;\"><span style=\"color: #333399;\">y te observo<\/span><\/p>\n<p style=\"text-align: center;\"><span style=\"color: #333399;\">La cascada del grifo me convierte<\/span><\/p>\n<p style=\"text-align: center;\"><span style=\"color: #333399;\">en lo que soy<\/span><\/p>\n<p style=\"text-align: center;\"><span style=\"color: #333399;\">pues \u00bfqui\u00e9n soy?<\/span><\/p>\n<p style=\"text-align: center;\"><span style=\"color: #333399;\">Cre\u00ed que bajo la luz mis \u00e1rboles crecer\u00edan<\/span><\/p>\n<p style=\"text-align: center;\"><span style=\"color: #333399;\">que bajo la luz crecer\u00edan alto<\/span><\/p>\n<p style=\"text-align: center;\"><span style=\"color: #333399;\">que bajo la luz m\u00e1s fulgurosa se elevar\u00edan<\/span><\/p>\n<p style=\"text-align: center;\"><span style=\"color: #333399;\">pero<\/span><\/p>\n<p style=\"text-align: center;\"><span style=\"color: #333399;\">qu\u00e9 va<\/span><\/p>\n<p style=\"text-align: center;\"><span style=\"color: #333399;\">no crecen<\/span><\/p>\n<p style=\"text-align: center;\"><span style=\"color: #333399;\">yacen calcinados<\/span><\/p>\n<p style=\"text-align: center;\"><span style=\"color: #333399;\">sin pliegues<\/span><\/p>\n<p style=\"text-align: center;\"><span style=\"color: #333399;\">ni bifurcaciones secretas<\/span><\/p>\n<p style=\"text-align: center;\"><span style=\"color: #333399;\">Entonces mi coraz\u00f3n triste<\/span><\/p>\n<p style=\"text-align: center;\"><span style=\"color: #333399;\">tigre abuelo que palpa las alas de los buitres<\/span><\/p>\n<p style=\"text-align: center;\"><span style=\"color: #333399;\">y a la palabra de anta\u00f1o<\/span><\/p>\n<p style=\"text-align: center;\"><span style=\"color: #333399;\">se pregunta.<\/span><\/p>\n<p style=\"text-align: center;\">&nbsp;<\/p>\n<p style=\"text-align: center;\"><span style=\"color: #0000ff;\">\u00abEl poema piensa en el encuentro\u00bb. Paul Celan<\/span><\/p>\n<p style=\"text-align: center;\"><span style=\"color: #0000ff;\">\u00abEl trabajo del ser humano en el mundo (ser como verbo, no como sustantivo) es sobre todo una labor de v\u00ednculos. Crear v\u00ednculos, reconstruir v\u00ednculos, amplificar v\u00ednculos, cuestionar v\u00ednculos, romper v\u00ednculos\u00bb<\/span><\/p>\n\n\n<figure class=\"wp-block-gallery has-nested-images columns-default is-cropped wp-block-gallery-2 is-layout-flex wp-block-gallery-is-layout-flex\"><\/figure>\n\n\n\n<figure class=\"wp-block-video\"><\/figure>\n","protected":false},"excerpt":{"rendered":"<p>La designaci\u00f3n del 16 de diciembre como festividad andaluza de la lectura no es casual, sino que atiende al recuerdo &hellip; <\/p>\n","protected":false},"author":3,"featured_media":1713,"comment_status":"closed","ping_status":"closed","sticky":false,"template":"","format":"standard","meta":{"footnotes":""},"categories":[7],"tags":[],"class_list":["post-1693","post","type-post","status-publish","format-standard","has-post-thumbnail","hentry","category-celebraciones"],"_links":{"self":[{"href":"https:\/\/biblioteca.isidrodearceneguiycarmona.es\/index.php?rest_route=\/wp\/v2\/posts\/1693","targetHints":{"allow":["GET"]}}],"collection":[{"href":"https:\/\/biblioteca.isidrodearceneguiycarmona.es\/index.php?rest_route=\/wp\/v2\/posts"}],"about":[{"href":"https:\/\/biblioteca.isidrodearceneguiycarmona.es\/index.php?rest_route=\/wp\/v2\/types\/post"}],"author":[{"embeddable":true,"href":"https:\/\/biblioteca.isidrodearceneguiycarmona.es\/index.php?rest_route=\/wp\/v2\/users\/3"}],"replies":[{"embeddable":true,"href":"https:\/\/biblioteca.isidrodearceneguiycarmona.es\/index.php?rest_route=%2Fwp%2Fv2%2Fcomments&post=1693"}],"version-history":[{"count":14,"href":"https:\/\/biblioteca.isidrodearceneguiycarmona.es\/index.php?rest_route=\/wp\/v2\/posts\/1693\/revisions"}],"predecessor-version":[{"id":1739,"href":"https:\/\/biblioteca.isidrodearceneguiycarmona.es\/index.php?rest_route=\/wp\/v2\/posts\/1693\/revisions\/1739"}],"wp:featuredmedia":[{"embeddable":true,"href":"https:\/\/biblioteca.isidrodearceneguiycarmona.es\/index.php?rest_route=\/wp\/v2\/media\/1713"}],"wp:attachment":[{"href":"https:\/\/biblioteca.isidrodearceneguiycarmona.es\/index.php?rest_route=%2Fwp%2Fv2%2Fmedia&parent=1693"}],"wp:term":[{"taxonomy":"category","embeddable":true,"href":"https:\/\/biblioteca.isidrodearceneguiycarmona.es\/index.php?rest_route=%2Fwp%2Fv2%2Fcategories&post=1693"},{"taxonomy":"post_tag","embeddable":true,"href":"https:\/\/biblioteca.isidrodearceneguiycarmona.es\/index.php?rest_route=%2Fwp%2Fv2%2Ftags&post=1693"}],"curies":[{"name":"wp","href":"https:\/\/api.w.org\/{rel}","templated":true}]}}