{"id":1752,"date":"2023-03-03T11:29:13","date_gmt":"2023-03-03T11:29:13","guid":{"rendered":"http:\/\/biblioteca.isidrodearceneguiycarmona.es\/?p=1752"},"modified":"2023-03-03T11:29:49","modified_gmt":"2023-03-03T11:29:49","slug":"acrosticos-por-andalucia","status":"publish","type":"post","link":"https:\/\/biblioteca.isidrodearceneguiycarmona.es\/?p=1752","title":{"rendered":"ACR\u00d3STICOS POR ANDALUC\u00cdA"},"content":{"rendered":"<p style=\"text-align: center;\">En la pasada efem\u00e9rides del <strong>D\u00cdA DE ANDALUC\u00cdA<\/strong>, los alumnos y alumnas de 4\u00ba de la ESO de la asignatura de Valores \u00c9ticos as\u00ed como los alumnos y alumnas de 2\u00ba de BTO. de la asignatura de Ciudadan\u00eda y Derechos humanos, han elaborado <strong>poemas en acr\u00f3sticos<\/strong> cuya tem\u00e1tica ten\u00eda que estar relacionada con esta celebraci\u00f3n.<\/p>\n<p style=\"text-align: center;\">En concreto, han trabajado los nombres de las provincias andaluzas as\u00ed como otros relacionados con nuestra tierra, como la palabra &#8220;flamenco&#8221; o &#8220;sevillanas&#8221;. Tambi\u00e9n han realizado un par de poemas en acr\u00f3stico en homenaje a nuestra localidad, Marchena. Los alumnos y alumnas de BTO, concretamente, han estado trabajando en el aula de forma colaborativa, de modo que la relaci\u00f3n de poemas que finalmente han producido, ha sido fruto de la colaboraci\u00f3n y la inspiraci\u00f3n del grupo en su conjunto.<\/p>\n<p style=\"text-align: center;\">Despu\u00e9s de crear los textos se han dedicado a realizar un trabajo de edici\u00f3n digital, por un lado, usando frecuentemente el programa Canvas, y, por otro, han impreso sobre cartulinas sus poemas, que, luego, han sido expuestos en el pasillo de entrada del propio instituto,nuestro @Isidro Arcenegui y Carmona, para que el d\u00eda 24 viernes pudieran ser contemplados tanto por los docentes como por sus propios compa\u00f1eros y compa\u00f1eras.<\/p>\n<div id='gallery-1' class='gallery galleryid-1752 gallery-columns-3 gallery-size-large'><figure class='gallery-item'>\n\t\t\t<div class='gallery-icon portrait'>\n\t\t\t\t<a href='https:\/\/biblioteca.isidrodearceneguiycarmona.es\/?attachment_id=1765'><img loading=\"lazy\" decoding=\"async\" width=\"576\" height=\"1024\" src=\"https:\/\/biblioteca.isidrodearceneguiycarmona.es\/wp-content\/uploads\/2023\/03\/MARCHENA02-576x1024.jpg\" class=\"attachment-large size-large\" alt=\"\" srcset=\"https:\/\/biblioteca.isidrodearceneguiycarmona.es\/wp-content\/uploads\/2023\/03\/MARCHENA02-576x1024.jpg 576w, https:\/\/biblioteca.isidrodearceneguiycarmona.es\/wp-content\/uploads\/2023\/03\/MARCHENA02-169x300.jpg 169w, https:\/\/biblioteca.isidrodearceneguiycarmona.es\/wp-content\/uploads\/2023\/03\/MARCHENA02-768x1365.jpg 768w, https:\/\/biblioteca.isidrodearceneguiycarmona.es\/wp-content\/uploads\/2023\/03\/MARCHENA02-864x1536.jpg 864w, https:\/\/biblioteca.isidrodearceneguiycarmona.es\/wp-content\/uploads\/2023\/03\/MARCHENA02-1152x2048.jpg 1152w\" sizes=\"auto, (max-width: 576px) 100vw, 576px\" \/><\/a>\n\t\t\t<\/div><\/figure><figure class='gallery-item'>\n\t\t\t<div class='gallery-icon landscape'>\n\t\t\t\t<a href='https:\/\/biblioteca.isidrodearceneguiycarmona.es\/?attachment_id=1772'><img loading=\"lazy\" decoding=\"async\" width=\"750\" height=\"750\" src=\"https:\/\/biblioteca.isidrodearceneguiycarmona.es\/wp-content\/uploads\/2023\/03\/ANDALUCIA02-1024x1024.jpg\" class=\"attachment-large size-large\" alt=\"\" srcset=\"https:\/\/biblioteca.isidrodearceneguiycarmona.es\/wp-content\/uploads\/2023\/03\/ANDALUCIA02-1024x1024.jpg 1024w, https:\/\/biblioteca.isidrodearceneguiycarmona.es\/wp-content\/uploads\/2023\/03\/ANDALUCIA02-300x300.jpg 300w, https:\/\/biblioteca.isidrodearceneguiycarmona.es\/wp-content\/uploads\/2023\/03\/ANDALUCIA02-150x150.jpg 150w, https:\/\/biblioteca.isidrodearceneguiycarmona.es\/wp-content\/uploads\/2023\/03\/ANDALUCIA02-768x768.jpg 768w, https:\/\/biblioteca.isidrodearceneguiycarmona.es\/wp-content\/uploads\/2023\/03\/ANDALUCIA02-1536x1536.jpg 1536w, https:\/\/biblioteca.isidrodearceneguiycarmona.es\/wp-content\/uploads\/2023\/03\/ANDALUCIA02-2048x2048.jpg 2048w\" sizes=\"auto, (max-width: 750px) 100vw, 750px\" \/><\/a>\n\t\t\t<\/div><\/figure><figure class='gallery-item'>\n\t\t\t<div class='gallery-icon portrait'>\n\t\t\t\t<a href='https:\/\/biblioteca.isidrodearceneguiycarmona.es\/?attachment_id=1767'><img loading=\"lazy\" decoding=\"async\" width=\"724\" height=\"1024\" src=\"https:\/\/biblioteca.isidrodearceneguiycarmona.es\/wp-content\/uploads\/2023\/03\/SEVILLA-724x1024.jpg\" class=\"attachment-large size-large\" alt=\"\" srcset=\"https:\/\/biblioteca.isidrodearceneguiycarmona.es\/wp-content\/uploads\/2023\/03\/SEVILLA-724x1024.jpg 724w, https:\/\/biblioteca.isidrodearceneguiycarmona.es\/wp-content\/uploads\/2023\/03\/SEVILLA-212x300.jpg 212w, https:\/\/biblioteca.isidrodearceneguiycarmona.es\/wp-content\/uploads\/2023\/03\/SEVILLA-768x1086.jpg 768w, https:\/\/biblioteca.isidrodearceneguiycarmona.es\/wp-content\/uploads\/2023\/03\/SEVILLA-1086x1536.jpg 1086w, https:\/\/biblioteca.isidrodearceneguiycarmona.es\/wp-content\/uploads\/2023\/03\/SEVILLA-1448x2048.jpg 1448w, https:\/\/biblioteca.isidrodearceneguiycarmona.es\/wp-content\/uploads\/2023\/03\/SEVILLA.jpg 1654w\" sizes=\"auto, (max-width: 724px) 100vw, 724px\" \/><\/a>\n\t\t\t<\/div><\/figure><figure class='gallery-item'>\n\t\t\t<div class='gallery-icon landscape'>\n\t\t\t\t<a href='https:\/\/biblioteca.isidrodearceneguiycarmona.es\/?attachment_id=1778'><img loading=\"lazy\" decoding=\"async\" width=\"750\" height=\"750\" src=\"https:\/\/biblioteca.isidrodearceneguiycarmona.es\/wp-content\/uploads\/2023\/03\/MALAGA-1-1024x1024.jpg\" class=\"attachment-large size-large\" alt=\"\" srcset=\"https:\/\/biblioteca.isidrodearceneguiycarmona.es\/wp-content\/uploads\/2023\/03\/MALAGA-1-1024x1024.jpg 1024w, https:\/\/biblioteca.isidrodearceneguiycarmona.es\/wp-content\/uploads\/2023\/03\/MALAGA-1-300x300.jpg 300w, https:\/\/biblioteca.isidrodearceneguiycarmona.es\/wp-content\/uploads\/2023\/03\/MALAGA-1-150x150.jpg 150w, https:\/\/biblioteca.isidrodearceneguiycarmona.es\/wp-content\/uploads\/2023\/03\/MALAGA-1-768x768.jpg 768w, https:\/\/biblioteca.isidrodearceneguiycarmona.es\/wp-content\/uploads\/2023\/03\/MALAGA-1-1536x1536.jpg 1536w, https:\/\/biblioteca.isidrodearceneguiycarmona.es\/wp-content\/uploads\/2023\/03\/MALAGA-1-2048x2048.jpg 2048w\" sizes=\"auto, (max-width: 750px) 100vw, 750px\" \/><\/a>\n\t\t\t<\/div><\/figure><figure class='gallery-item'>\n\t\t\t<div class='gallery-icon landscape'>\n\t\t\t\t<a href='https:\/\/biblioteca.isidrodearceneguiycarmona.es\/?attachment_id=1776'><img loading=\"lazy\" decoding=\"async\" width=\"750\" height=\"750\" src=\"https:\/\/biblioteca.isidrodearceneguiycarmona.es\/wp-content\/uploads\/2023\/03\/GRANADA-1-1024x1024.jpg\" class=\"attachment-large size-large\" alt=\"\" srcset=\"https:\/\/biblioteca.isidrodearceneguiycarmona.es\/wp-content\/uploads\/2023\/03\/GRANADA-1-1024x1024.jpg 1024w, https:\/\/biblioteca.isidrodearceneguiycarmona.es\/wp-content\/uploads\/2023\/03\/GRANADA-1-300x300.jpg 300w, https:\/\/biblioteca.isidrodearceneguiycarmona.es\/wp-content\/uploads\/2023\/03\/GRANADA-1-150x150.jpg 150w, https:\/\/biblioteca.isidrodearceneguiycarmona.es\/wp-content\/uploads\/2023\/03\/GRANADA-1-768x768.jpg 768w, https:\/\/biblioteca.isidrodearceneguiycarmona.es\/wp-content\/uploads\/2023\/03\/GRANADA-1-1536x1536.jpg 1536w, https:\/\/biblioteca.isidrodearceneguiycarmona.es\/wp-content\/uploads\/2023\/03\/GRANADA-1-2048x2048.jpg 2048w\" sizes=\"auto, (max-width: 750px) 100vw, 750px\" \/><\/a>\n\t\t\t<\/div><\/figure><figure class='gallery-item'>\n\t\t\t<div class='gallery-icon portrait'>\n\t\t\t\t<a href='https:\/\/biblioteca.isidrodearceneguiycarmona.es\/?attachment_id=1762'><img loading=\"lazy\" decoding=\"async\" width=\"724\" height=\"1024\" src=\"https:\/\/biblioteca.isidrodearceneguiycarmona.es\/wp-content\/uploads\/2023\/03\/MALAGA-2-724x1024.jpg\" class=\"attachment-large size-large\" alt=\"\" srcset=\"https:\/\/biblioteca.isidrodearceneguiycarmona.es\/wp-content\/uploads\/2023\/03\/MALAGA-2-724x1024.jpg 724w, https:\/\/biblioteca.isidrodearceneguiycarmona.es\/wp-content\/uploads\/2023\/03\/MALAGA-2-212x300.jpg 212w, https:\/\/biblioteca.isidrodearceneguiycarmona.es\/wp-content\/uploads\/2023\/03\/MALAGA-2-768x1086.jpg 768w, https:\/\/biblioteca.isidrodearceneguiycarmona.es\/wp-content\/uploads\/2023\/03\/MALAGA-2-1086x1536.jpg 1086w, https:\/\/biblioteca.isidrodearceneguiycarmona.es\/wp-content\/uploads\/2023\/03\/MALAGA-2-1448x2048.jpg 1448w\" sizes=\"auto, (max-width: 724px) 100vw, 724px\" \/><\/a>\n\t\t\t<\/div><\/figure><figure class='gallery-item'>\n\t\t\t<div class='gallery-icon landscape'>\n\t\t\t\t<a href='https:\/\/biblioteca.isidrodearceneguiycarmona.es\/?attachment_id=1780'><img loading=\"lazy\" decoding=\"async\" width=\"750\" height=\"750\" src=\"https:\/\/biblioteca.isidrodearceneguiycarmona.es\/wp-content\/uploads\/2023\/03\/SEVILLA02-1024x1024.jpg\" class=\"attachment-large size-large\" alt=\"\" srcset=\"https:\/\/biblioteca.isidrodearceneguiycarmona.es\/wp-content\/uploads\/2023\/03\/SEVILLA02-1024x1024.jpg 1024w, https:\/\/biblioteca.isidrodearceneguiycarmona.es\/wp-content\/uploads\/2023\/03\/SEVILLA02-300x300.jpg 300w, https:\/\/biblioteca.isidrodearceneguiycarmona.es\/wp-content\/uploads\/2023\/03\/SEVILLA02-150x150.jpg 150w, https:\/\/biblioteca.isidrodearceneguiycarmona.es\/wp-content\/uploads\/2023\/03\/SEVILLA02-768x768.jpg 768w, https:\/\/biblioteca.isidrodearceneguiycarmona.es\/wp-content\/uploads\/2023\/03\/SEVILLA02-1536x1536.jpg 1536w, https:\/\/biblioteca.isidrodearceneguiycarmona.es\/wp-content\/uploads\/2023\/03\/SEVILLA02-2048x2048.jpg 2048w\" sizes=\"auto, (max-width: 750px) 100vw, 750px\" \/><\/a>\n\t\t\t<\/div><\/figure><figure class='gallery-item'>\n\t\t\t<div class='gallery-icon portrait'>\n\t\t\t\t<a href='https:\/\/biblioteca.isidrodearceneguiycarmona.es\/?attachment_id=1764'><img loading=\"lazy\" decoding=\"async\" width=\"576\" height=\"1024\" src=\"https:\/\/biblioteca.isidrodearceneguiycarmona.es\/wp-content\/uploads\/2023\/03\/MARCHENA-576x1024.jpg\" class=\"attachment-large size-large\" alt=\"\" srcset=\"https:\/\/biblioteca.isidrodearceneguiycarmona.es\/wp-content\/uploads\/2023\/03\/MARCHENA-576x1024.jpg 576w, https:\/\/biblioteca.isidrodearceneguiycarmona.es\/wp-content\/uploads\/2023\/03\/MARCHENA-169x300.jpg 169w, https:\/\/biblioteca.isidrodearceneguiycarmona.es\/wp-content\/uploads\/2023\/03\/MARCHENA-768x1365.jpg 768w, https:\/\/biblioteca.isidrodearceneguiycarmona.es\/wp-content\/uploads\/2023\/03\/MARCHENA-864x1536.jpg 864w, https:\/\/biblioteca.isidrodearceneguiycarmona.es\/wp-content\/uploads\/2023\/03\/MARCHENA-1152x2048.jpg 1152w\" sizes=\"auto, (max-width: 576px) 100vw, 576px\" \/><\/a>\n\t\t\t<\/div><\/figure><figure class='gallery-item'>\n\t\t\t<div class='gallery-icon landscape'>\n\t\t\t\t<a href='https:\/\/biblioteca.isidrodearceneguiycarmona.es\/?attachment_id=1771'><img loading=\"lazy\" decoding=\"async\" width=\"750\" height=\"750\" src=\"https:\/\/biblioteca.isidrodearceneguiycarmona.es\/wp-content\/uploads\/2023\/03\/ANDALUCIA-1024x1024.jpg\" class=\"attachment-large size-large\" alt=\"\" srcset=\"https:\/\/biblioteca.isidrodearceneguiycarmona.es\/wp-content\/uploads\/2023\/03\/ANDALUCIA-1024x1024.jpg 1024w, https:\/\/biblioteca.isidrodearceneguiycarmona.es\/wp-content\/uploads\/2023\/03\/ANDALUCIA-300x300.jpg 300w, https:\/\/biblioteca.isidrodearceneguiycarmona.es\/wp-content\/uploads\/2023\/03\/ANDALUCIA-150x150.jpg 150w, https:\/\/biblioteca.isidrodearceneguiycarmona.es\/wp-content\/uploads\/2023\/03\/ANDALUCIA-768x768.jpg 768w, https:\/\/biblioteca.isidrodearceneguiycarmona.es\/wp-content\/uploads\/2023\/03\/ANDALUCIA-1536x1536.jpg 1536w, https:\/\/biblioteca.isidrodearceneguiycarmona.es\/wp-content\/uploads\/2023\/03\/ANDALUCIA-2048x2048.jpg 2048w\" sizes=\"auto, (max-width: 750px) 100vw, 750px\" \/><\/a>\n\t\t\t<\/div><\/figure><figure class='gallery-item'>\n\t\t\t<div class='gallery-icon portrait'>\n\t\t\t\t<a href='https:\/\/biblioteca.isidrodearceneguiycarmona.es\/?attachment_id=1753'><img loading=\"lazy\" decoding=\"async\" width=\"578\" height=\"1024\" src=\"https:\/\/biblioteca.isidrodearceneguiycarmona.es\/wp-content\/uploads\/2023\/03\/ALMERIA-578x1024.jpg\" class=\"attachment-large size-large\" alt=\"\" srcset=\"https:\/\/biblioteca.isidrodearceneguiycarmona.es\/wp-content\/uploads\/2023\/03\/ALMERIA-578x1024.jpg 578w, https:\/\/biblioteca.isidrodearceneguiycarmona.es\/wp-content\/uploads\/2023\/03\/ALMERIA-169x300.jpg 169w, https:\/\/biblioteca.isidrodearceneguiycarmona.es\/wp-content\/uploads\/2023\/03\/ALMERIA-768x1361.jpg 768w, https:\/\/biblioteca.isidrodearceneguiycarmona.es\/wp-content\/uploads\/2023\/03\/ALMERIA-867x1536.jpg 867w, https:\/\/biblioteca.isidrodearceneguiycarmona.es\/wp-content\/uploads\/2023\/03\/ALMERIA.jpg 902w\" sizes=\"auto, (max-width: 578px) 100vw, 578px\" \/><\/a>\n\t\t\t<\/div><\/figure><figure class='gallery-item'>\n\t\t\t<div class='gallery-icon landscape'>\n\t\t\t\t<a href='https:\/\/biblioteca.isidrodearceneguiycarmona.es\/?attachment_id=1770'><img loading=\"lazy\" decoding=\"async\" width=\"750\" height=\"750\" src=\"https:\/\/biblioteca.isidrodearceneguiycarmona.es\/wp-content\/uploads\/2023\/03\/ANDALUCIA-Y-FLAMENCO-1-1024x1024.jpg\" class=\"attachment-large size-large\" alt=\"\" srcset=\"https:\/\/biblioteca.isidrodearceneguiycarmona.es\/wp-content\/uploads\/2023\/03\/ANDALUCIA-Y-FLAMENCO-1-1024x1024.jpg 1024w, https:\/\/biblioteca.isidrodearceneguiycarmona.es\/wp-content\/uploads\/2023\/03\/ANDALUCIA-Y-FLAMENCO-1-300x300.jpg 300w, https:\/\/biblioteca.isidrodearceneguiycarmona.es\/wp-content\/uploads\/2023\/03\/ANDALUCIA-Y-FLAMENCO-1-150x150.jpg 150w, https:\/\/biblioteca.isidrodearceneguiycarmona.es\/wp-content\/uploads\/2023\/03\/ANDALUCIA-Y-FLAMENCO-1-768x768.jpg 768w, https:\/\/biblioteca.isidrodearceneguiycarmona.es\/wp-content\/uploads\/2023\/03\/ANDALUCIA-Y-FLAMENCO-1-1536x1536.jpg 1536w, https:\/\/biblioteca.isidrodearceneguiycarmona.es\/wp-content\/uploads\/2023\/03\/ANDALUCIA-Y-FLAMENCO-1-2048x2048.jpg 2048w\" sizes=\"auto, (max-width: 750px) 100vw, 750px\" \/><\/a>\n\t\t\t<\/div><\/figure><figure class='gallery-item'>\n\t\t\t<div class='gallery-icon portrait'>\n\t\t\t\t<a href='https:\/\/biblioteca.isidrodearceneguiycarmona.es\/?attachment_id=1768'><img loading=\"lazy\" decoding=\"async\" width=\"750\" height=\"971\" src=\"https:\/\/biblioteca.isidrodearceneguiycarmona.es\/wp-content\/uploads\/2023\/03\/SEVILLANAS-791x1024.jpg\" class=\"attachment-large size-large\" alt=\"\" srcset=\"https:\/\/biblioteca.isidrodearceneguiycarmona.es\/wp-content\/uploads\/2023\/03\/SEVILLANAS-791x1024.jpg 791w, https:\/\/biblioteca.isidrodearceneguiycarmona.es\/wp-content\/uploads\/2023\/03\/SEVILLANAS-232x300.jpg 232w, https:\/\/biblioteca.isidrodearceneguiycarmona.es\/wp-content\/uploads\/2023\/03\/SEVILLANAS-768x994.jpg 768w, https:\/\/biblioteca.isidrodearceneguiycarmona.es\/wp-content\/uploads\/2023\/03\/SEVILLANAS-1187x1536.jpg 1187w, https:\/\/biblioteca.isidrodearceneguiycarmona.es\/wp-content\/uploads\/2023\/03\/SEVILLANAS-1583x2048.jpg 1583w, https:\/\/biblioteca.isidrodearceneguiycarmona.es\/wp-content\/uploads\/2023\/03\/SEVILLANAS.jpg 1700w\" sizes=\"auto, (max-width: 750px) 100vw, 750px\" \/><\/a>\n\t\t\t<\/div><\/figure><figure class='gallery-item'>\n\t\t\t<div class='gallery-icon portrait'>\n\t\t\t\t<a href='https:\/\/biblioteca.isidrodearceneguiycarmona.es\/?attachment_id=1759'><img loading=\"lazy\" decoding=\"async\" width=\"731\" height=\"1024\" src=\"https:\/\/biblioteca.isidrodearceneguiycarmona.es\/wp-content\/uploads\/2023\/03\/CORDOBA-731x1024.jpg\" class=\"attachment-large size-large\" alt=\"\" srcset=\"https:\/\/biblioteca.isidrodearceneguiycarmona.es\/wp-content\/uploads\/2023\/03\/CORDOBA-731x1024.jpg 731w, https:\/\/biblioteca.isidrodearceneguiycarmona.es\/wp-content\/uploads\/2023\/03\/CORDOBA-214x300.jpg 214w, https:\/\/biblioteca.isidrodearceneguiycarmona.es\/wp-content\/uploads\/2023\/03\/CORDOBA-768x1077.jpg 768w, https:\/\/biblioteca.isidrodearceneguiycarmona.es\/wp-content\/uploads\/2023\/03\/CORDOBA-1096x1536.jpg 1096w, https:\/\/biblioteca.isidrodearceneguiycarmona.es\/wp-content\/uploads\/2023\/03\/CORDOBA.jpg 1140w\" sizes=\"auto, (max-width: 731px) 100vw, 731px\" \/><\/a>\n\t\t\t<\/div><\/figure><figure class='gallery-item'>\n\t\t\t<div class='gallery-icon landscape'>\n\t\t\t\t<a href='https:\/\/biblioteca.isidrodearceneguiycarmona.es\/?attachment_id=1777'><img loading=\"lazy\" decoding=\"async\" width=\"750\" height=\"750\" src=\"https:\/\/biblioteca.isidrodearceneguiycarmona.es\/wp-content\/uploads\/2023\/03\/MALAGA-2-1-1024x1024.jpg\" class=\"attachment-large size-large\" alt=\"\" srcset=\"https:\/\/biblioteca.isidrodearceneguiycarmona.es\/wp-content\/uploads\/2023\/03\/MALAGA-2-1-1024x1024.jpg 1024w, https:\/\/biblioteca.isidrodearceneguiycarmona.es\/wp-content\/uploads\/2023\/03\/MALAGA-2-1-300x300.jpg 300w, https:\/\/biblioteca.isidrodearceneguiycarmona.es\/wp-content\/uploads\/2023\/03\/MALAGA-2-1-150x150.jpg 150w, https:\/\/biblioteca.isidrodearceneguiycarmona.es\/wp-content\/uploads\/2023\/03\/MALAGA-2-1-768x768.jpg 768w, https:\/\/biblioteca.isidrodearceneguiycarmona.es\/wp-content\/uploads\/2023\/03\/MALAGA-2-1-1536x1536.jpg 1536w, https:\/\/biblioteca.isidrodearceneguiycarmona.es\/wp-content\/uploads\/2023\/03\/MALAGA-2-1-2048x2048.jpg 2048w\" sizes=\"auto, (max-width: 750px) 100vw, 750px\" \/><\/a>\n\t\t\t<\/div><\/figure><figure class='gallery-item'>\n\t\t\t<div class='gallery-icon portrait'>\n\t\t\t\t<a href='https:\/\/biblioteca.isidrodearceneguiycarmona.es\/?attachment_id=1760'><img loading=\"lazy\" decoding=\"async\" width=\"731\" height=\"1024\" src=\"https:\/\/biblioteca.isidrodearceneguiycarmona.es\/wp-content\/uploads\/2023\/03\/GRANADA-731x1024.jpg\" class=\"attachment-large size-large\" alt=\"\" srcset=\"https:\/\/biblioteca.isidrodearceneguiycarmona.es\/wp-content\/uploads\/2023\/03\/GRANADA-731x1024.jpg 731w, https:\/\/biblioteca.isidrodearceneguiycarmona.es\/wp-content\/uploads\/2023\/03\/GRANADA-214x300.jpg 214w, https:\/\/biblioteca.isidrodearceneguiycarmona.es\/wp-content\/uploads\/2023\/03\/GRANADA-768x1075.jpg 768w, https:\/\/biblioteca.isidrodearceneguiycarmona.es\/wp-content\/uploads\/2023\/03\/GRANADA-1097x1536.jpg 1097w, https:\/\/biblioteca.isidrodearceneguiycarmona.es\/wp-content\/uploads\/2023\/03\/GRANADA.jpg 1140w\" sizes=\"auto, (max-width: 731px) 100vw, 731px\" \/><\/a>\n\t\t\t<\/div><\/figure><figure class='gallery-item'>\n\t\t\t<div class='gallery-icon landscape'>\n\t\t\t\t<a href='https:\/\/biblioteca.isidrodearceneguiycarmona.es\/?attachment_id=1769'><img loading=\"lazy\" decoding=\"async\" width=\"750\" height=\"750\" src=\"https:\/\/biblioteca.isidrodearceneguiycarmona.es\/wp-content\/uploads\/2023\/03\/ALMERIA-1-1024x1024.jpg\" class=\"attachment-large size-large\" alt=\"\" srcset=\"https:\/\/biblioteca.isidrodearceneguiycarmona.es\/wp-content\/uploads\/2023\/03\/ALMERIA-1-1024x1024.jpg 1024w, https:\/\/biblioteca.isidrodearceneguiycarmona.es\/wp-content\/uploads\/2023\/03\/ALMERIA-1-300x300.jpg 300w, https:\/\/biblioteca.isidrodearceneguiycarmona.es\/wp-content\/uploads\/2023\/03\/ALMERIA-1-150x150.jpg 150w, https:\/\/biblioteca.isidrodearceneguiycarmona.es\/wp-content\/uploads\/2023\/03\/ALMERIA-1-768x768.jpg 768w, https:\/\/biblioteca.isidrodearceneguiycarmona.es\/wp-content\/uploads\/2023\/03\/ALMERIA-1-1536x1536.jpg 1536w, https:\/\/biblioteca.isidrodearceneguiycarmona.es\/wp-content\/uploads\/2023\/03\/ALMERIA-1-2048x2048.jpg 2048w\" sizes=\"auto, (max-width: 750px) 100vw, 750px\" \/><\/a>\n\t\t\t<\/div><\/figure><figure class='gallery-item'>\n\t\t\t<div class='gallery-icon landscape'>\n\t\t\t\t<a href='https:\/\/biblioteca.isidrodearceneguiycarmona.es\/?attachment_id=1773'><img loading=\"lazy\" decoding=\"async\" width=\"750\" height=\"750\" src=\"https:\/\/biblioteca.isidrodearceneguiycarmona.es\/wp-content\/uploads\/2023\/03\/CADIZ-1-1024x1024.jpg\" class=\"attachment-large size-large\" alt=\"\" srcset=\"https:\/\/biblioteca.isidrodearceneguiycarmona.es\/wp-content\/uploads\/2023\/03\/CADIZ-1-1024x1024.jpg 1024w, https:\/\/biblioteca.isidrodearceneguiycarmona.es\/wp-content\/uploads\/2023\/03\/CADIZ-1-300x300.jpg 300w, https:\/\/biblioteca.isidrodearceneguiycarmona.es\/wp-content\/uploads\/2023\/03\/CADIZ-1-150x150.jpg 150w, https:\/\/biblioteca.isidrodearceneguiycarmona.es\/wp-content\/uploads\/2023\/03\/CADIZ-1-768x768.jpg 768w, https:\/\/biblioteca.isidrodearceneguiycarmona.es\/wp-content\/uploads\/2023\/03\/CADIZ-1-1536x1536.jpg 1536w, https:\/\/biblioteca.isidrodearceneguiycarmona.es\/wp-content\/uploads\/2023\/03\/CADIZ-1-2048x2048.jpg 2048w\" sizes=\"auto, (max-width: 750px) 100vw, 750px\" \/><\/a>\n\t\t\t<\/div><\/figure><figure class='gallery-item'>\n\t\t\t<div class='gallery-icon portrait'>\n\t\t\t\t<a href='https:\/\/biblioteca.isidrodearceneguiycarmona.es\/?attachment_id=1758'><img loading=\"lazy\" decoding=\"async\" width=\"703\" height=\"1024\" src=\"https:\/\/biblioteca.isidrodearceneguiycarmona.es\/wp-content\/uploads\/2023\/03\/CADIZ-703x1024.jpg\" class=\"attachment-large size-large\" alt=\"\" srcset=\"https:\/\/biblioteca.isidrodearceneguiycarmona.es\/wp-content\/uploads\/2023\/03\/CADIZ-703x1024.jpg 703w, https:\/\/biblioteca.isidrodearceneguiycarmona.es\/wp-content\/uploads\/2023\/03\/CADIZ-206x300.jpg 206w, https:\/\/biblioteca.isidrodearceneguiycarmona.es\/wp-content\/uploads\/2023\/03\/CADIZ-768x1119.jpg 768w, https:\/\/biblioteca.isidrodearceneguiycarmona.es\/wp-content\/uploads\/2023\/03\/CADIZ-1054x1536.jpg 1054w, https:\/\/biblioteca.isidrodearceneguiycarmona.es\/wp-content\/uploads\/2023\/03\/CADIZ-1405x2048.jpg 1405w, https:\/\/biblioteca.isidrodearceneguiycarmona.es\/wp-content\/uploads\/2023\/03\/CADIZ.jpg 1500w\" sizes=\"auto, (max-width: 703px) 100vw, 703px\" \/><\/a>\n\t\t\t<\/div><\/figure><figure class='gallery-item'>\n\t\t\t<div class='gallery-icon landscape'>\n\t\t\t\t<a href='https:\/\/biblioteca.isidrodearceneguiycarmona.es\/?attachment_id=1775'><img loading=\"lazy\" decoding=\"async\" width=\"750\" height=\"750\" src=\"https:\/\/biblioteca.isidrodearceneguiycarmona.es\/wp-content\/uploads\/2023\/03\/EXPOSICION-ACROSTICOS-POR-ANDALUCIA-1024x1024.jpg\" class=\"attachment-large size-large\" alt=\"\" srcset=\"https:\/\/biblioteca.isidrodearceneguiycarmona.es\/wp-content\/uploads\/2023\/03\/EXPOSICION-ACROSTICOS-POR-ANDALUCIA-1024x1024.jpg 1024w, https:\/\/biblioteca.isidrodearceneguiycarmona.es\/wp-content\/uploads\/2023\/03\/EXPOSICION-ACROSTICOS-POR-ANDALUCIA-300x300.jpg 300w, https:\/\/biblioteca.isidrodearceneguiycarmona.es\/wp-content\/uploads\/2023\/03\/EXPOSICION-ACROSTICOS-POR-ANDALUCIA-150x150.jpg 150w, https:\/\/biblioteca.isidrodearceneguiycarmona.es\/wp-content\/uploads\/2023\/03\/EXPOSICION-ACROSTICOS-POR-ANDALUCIA-768x768.jpg 768w, https:\/\/biblioteca.isidrodearceneguiycarmona.es\/wp-content\/uploads\/2023\/03\/EXPOSICION-ACROSTICOS-POR-ANDALUCIA-1536x1536.jpg 1536w, https:\/\/biblioteca.isidrodearceneguiycarmona.es\/wp-content\/uploads\/2023\/03\/EXPOSICION-ACROSTICOS-POR-ANDALUCIA-2048x2048.jpg 2048w\" sizes=\"auto, (max-width: 750px) 100vw, 750px\" \/><\/a>\n\t\t\t<\/div><\/figure><figure class='gallery-item'>\n\t\t\t<div class='gallery-icon portrait'>\n\t\t\t\t<a href='https:\/\/biblioteca.isidrodearceneguiycarmona.es\/?attachment_id=1766'><img loading=\"lazy\" decoding=\"async\" width=\"724\" height=\"1024\" src=\"https:\/\/biblioteca.isidrodearceneguiycarmona.es\/wp-content\/uploads\/2023\/03\/SEVILLA-2-724x1024.jpg\" class=\"attachment-large size-large\" alt=\"\" srcset=\"https:\/\/biblioteca.isidrodearceneguiycarmona.es\/wp-content\/uploads\/2023\/03\/SEVILLA-2-724x1024.jpg 724w, https:\/\/biblioteca.isidrodearceneguiycarmona.es\/wp-content\/uploads\/2023\/03\/SEVILLA-2-212x300.jpg 212w, https:\/\/biblioteca.isidrodearceneguiycarmona.es\/wp-content\/uploads\/2023\/03\/SEVILLA-2-768x1086.jpg 768w, https:\/\/biblioteca.isidrodearceneguiycarmona.es\/wp-content\/uploads\/2023\/03\/SEVILLA-2-1086x1536.jpg 1086w, https:\/\/biblioteca.isidrodearceneguiycarmona.es\/wp-content\/uploads\/2023\/03\/SEVILLA-2-1448x2048.jpg 1448w\" sizes=\"auto, (max-width: 724px) 100vw, 724px\" \/><\/a>\n\t\t\t<\/div><\/figure><figure class='gallery-item'>\n\t\t\t<div class='gallery-icon landscape'>\n\t\t\t\t<a href='https:\/\/biblioteca.isidrodearceneguiycarmona.es\/?attachment_id=1774'><img loading=\"lazy\" decoding=\"async\" width=\"750\" height=\"750\" src=\"https:\/\/biblioteca.isidrodearceneguiycarmona.es\/wp-content\/uploads\/2023\/03\/CORDOBA-1-1024x1024.jpg\" class=\"attachment-large size-large\" alt=\"\" srcset=\"https:\/\/biblioteca.isidrodearceneguiycarmona.es\/wp-content\/uploads\/2023\/03\/CORDOBA-1-1024x1024.jpg 1024w, https:\/\/biblioteca.isidrodearceneguiycarmona.es\/wp-content\/uploads\/2023\/03\/CORDOBA-1-300x300.jpg 300w, https:\/\/biblioteca.isidrodearceneguiycarmona.es\/wp-content\/uploads\/2023\/03\/CORDOBA-1-150x150.jpg 150w, https:\/\/biblioteca.isidrodearceneguiycarmona.es\/wp-content\/uploads\/2023\/03\/CORDOBA-1-768x768.jpg 768w, https:\/\/biblioteca.isidrodearceneguiycarmona.es\/wp-content\/uploads\/2023\/03\/CORDOBA-1-1536x1536.jpg 1536w, https:\/\/biblioteca.isidrodearceneguiycarmona.es\/wp-content\/uploads\/2023\/03\/CORDOBA-1-2048x2048.jpg 2048w\" sizes=\"auto, (max-width: 750px) 100vw, 750px\" \/><\/a>\n\t\t\t<\/div><\/figure><figure class='gallery-item'>\n\t\t\t<div class='gallery-icon portrait'>\n\t\t\t\t<a href='https:\/\/biblioteca.isidrodearceneguiycarmona.es\/?attachment_id=1754'><img loading=\"lazy\" decoding=\"async\" width=\"725\" height=\"1024\" src=\"https:\/\/biblioteca.isidrodearceneguiycarmona.es\/wp-content\/uploads\/2023\/03\/ANDALUCIA-1-725x1024.jpg\" class=\"attachment-large size-large\" alt=\"\" srcset=\"https:\/\/biblioteca.isidrodearceneguiycarmona.es\/wp-content\/uploads\/2023\/03\/ANDALUCIA-1-725x1024.jpg 725w, https:\/\/biblioteca.isidrodearceneguiycarmona.es\/wp-content\/uploads\/2023\/03\/ANDALUCIA-1-212x300.jpg 212w, https:\/\/biblioteca.isidrodearceneguiycarmona.es\/wp-content\/uploads\/2023\/03\/ANDALUCIA-1-768x1085.jpg 768w, https:\/\/biblioteca.isidrodearceneguiycarmona.es\/wp-content\/uploads\/2023\/03\/ANDALUCIA-1-1087x1536.jpg 1087w, https:\/\/biblioteca.isidrodearceneguiycarmona.es\/wp-content\/uploads\/2023\/03\/ANDALUCIA-1.jpg 1131w\" sizes=\"auto, (max-width: 725px) 100vw, 725px\" \/><\/a>\n\t\t\t<\/div><\/figure><figure class='gallery-item'>\n\t\t\t<div class='gallery-icon portrait'>\n\t\t\t\t<a href='https:\/\/biblioteca.isidrodearceneguiycarmona.es\/?attachment_id=1755'><img loading=\"lazy\" decoding=\"async\" width=\"724\" height=\"1024\" src=\"https:\/\/biblioteca.isidrodearceneguiycarmona.es\/wp-content\/uploads\/2023\/03\/ANDALUCIA-3-724x1024.jpg\" class=\"attachment-large size-large\" alt=\"\" srcset=\"https:\/\/biblioteca.isidrodearceneguiycarmona.es\/wp-content\/uploads\/2023\/03\/ANDALUCIA-3-724x1024.jpg 724w, https:\/\/biblioteca.isidrodearceneguiycarmona.es\/wp-content\/uploads\/2023\/03\/ANDALUCIA-3-212x300.jpg 212w, https:\/\/biblioteca.isidrodearceneguiycarmona.es\/wp-content\/uploads\/2023\/03\/ANDALUCIA-3-768x1086.jpg 768w, https:\/\/biblioteca.isidrodearceneguiycarmona.es\/wp-content\/uploads\/2023\/03\/ANDALUCIA-3-1086x1536.jpg 1086w, https:\/\/biblioteca.isidrodearceneguiycarmona.es\/wp-content\/uploads\/2023\/03\/ANDALUCIA-3-1448x2048.jpg 1448w, https:\/\/biblioteca.isidrodearceneguiycarmona.es\/wp-content\/uploads\/2023\/03\/ANDALUCIA-3.jpg 1654w\" sizes=\"auto, (max-width: 724px) 100vw, 724px\" \/><\/a>\n\t\t\t<\/div><\/figure><figure class='gallery-item'>\n\t\t\t<div class='gallery-icon portrait'>\n\t\t\t\t<a href='https:\/\/biblioteca.isidrodearceneguiycarmona.es\/?attachment_id=1757'><img loading=\"lazy\" decoding=\"async\" width=\"725\" height=\"1024\" src=\"https:\/\/biblioteca.isidrodearceneguiycarmona.es\/wp-content\/uploads\/2023\/03\/ANDALUCIA-Y-FLAMENCO-725x1024.jpg\" class=\"attachment-large size-large\" alt=\"\" srcset=\"https:\/\/biblioteca.isidrodearceneguiycarmona.es\/wp-content\/uploads\/2023\/03\/ANDALUCIA-Y-FLAMENCO-725x1024.jpg 725w, https:\/\/biblioteca.isidrodearceneguiycarmona.es\/wp-content\/uploads\/2023\/03\/ANDALUCIA-Y-FLAMENCO-212x300.jpg 212w, https:\/\/biblioteca.isidrodearceneguiycarmona.es\/wp-content\/uploads\/2023\/03\/ANDALUCIA-Y-FLAMENCO-768x1085.jpg 768w, https:\/\/biblioteca.isidrodearceneguiycarmona.es\/wp-content\/uploads\/2023\/03\/ANDALUCIA-Y-FLAMENCO-1087x1536.jpg 1087w, https:\/\/biblioteca.isidrodearceneguiycarmona.es\/wp-content\/uploads\/2023\/03\/ANDALUCIA-Y-FLAMENCO-1450x2048.jpg 1450w, https:\/\/biblioteca.isidrodearceneguiycarmona.es\/wp-content\/uploads\/2023\/03\/ANDALUCIA-Y-FLAMENCO.jpg 1656w\" sizes=\"auto, (max-width: 725px) 100vw, 725px\" \/><\/a>\n\t\t\t<\/div><\/figure><figure class='gallery-item'>\n\t\t\t<div class='gallery-icon portrait'>\n\t\t\t\t<a href='https:\/\/biblioteca.isidrodearceneguiycarmona.es\/?attachment_id=1756'><img loading=\"lazy\" decoding=\"async\" width=\"724\" height=\"1024\" src=\"https:\/\/biblioteca.isidrodearceneguiycarmona.es\/wp-content\/uploads\/2023\/03\/ANDALUCIA-4-724x1024.jpg\" class=\"attachment-large size-large\" alt=\"\" srcset=\"https:\/\/biblioteca.isidrodearceneguiycarmona.es\/wp-content\/uploads\/2023\/03\/ANDALUCIA-4-724x1024.jpg 724w, https:\/\/biblioteca.isidrodearceneguiycarmona.es\/wp-content\/uploads\/2023\/03\/ANDALUCIA-4-212x300.jpg 212w, https:\/\/biblioteca.isidrodearceneguiycarmona.es\/wp-content\/uploads\/2023\/03\/ANDALUCIA-4-768x1086.jpg 768w, https:\/\/biblioteca.isidrodearceneguiycarmona.es\/wp-content\/uploads\/2023\/03\/ANDALUCIA-4-1086x1536.jpg 1086w, https:\/\/biblioteca.isidrodearceneguiycarmona.es\/wp-content\/uploads\/2023\/03\/ANDALUCIA-4-1448x2048.jpg 1448w\" sizes=\"auto, (max-width: 724px) 100vw, 724px\" \/><\/a>\n\t\t\t<\/div><\/figure><figure class='gallery-item'>\n\t\t\t<div class='gallery-icon landscape'>\n\t\t\t\t<a href='https:\/\/biblioteca.isidrodearceneguiycarmona.es\/?attachment_id=1779'><img loading=\"lazy\" decoding=\"async\" width=\"750\" height=\"750\" src=\"https:\/\/biblioteca.isidrodearceneguiycarmona.es\/wp-content\/uploads\/2023\/03\/SEVILLA-1-1024x1024.jpg\" class=\"attachment-large size-large\" alt=\"\" srcset=\"https:\/\/biblioteca.isidrodearceneguiycarmona.es\/wp-content\/uploads\/2023\/03\/SEVILLA-1-1024x1024.jpg 1024w, https:\/\/biblioteca.isidrodearceneguiycarmona.es\/wp-content\/uploads\/2023\/03\/SEVILLA-1-300x300.jpg 300w, https:\/\/biblioteca.isidrodearceneguiycarmona.es\/wp-content\/uploads\/2023\/03\/SEVILLA-1-150x150.jpg 150w, https:\/\/biblioteca.isidrodearceneguiycarmona.es\/wp-content\/uploads\/2023\/03\/SEVILLA-1-768x768.jpg 768w, https:\/\/biblioteca.isidrodearceneguiycarmona.es\/wp-content\/uploads\/2023\/03\/SEVILLA-1-1536x1536.jpg 1536w, https:\/\/biblioteca.isidrodearceneguiycarmona.es\/wp-content\/uploads\/2023\/03\/SEVILLA-1-2048x2048.jpg 2048w\" sizes=\"auto, (max-width: 750px) 100vw, 750px\" \/><\/a>\n\t\t\t<\/div><\/figure><figure class='gallery-item'>\n\t\t\t<div class='gallery-icon portrait'>\n\t\t\t\t<a href='https:\/\/biblioteca.isidrodearceneguiycarmona.es\/?attachment_id=1761'><img loading=\"lazy\" decoding=\"async\" width=\"724\" height=\"1024\" src=\"https:\/\/biblioteca.isidrodearceneguiycarmona.es\/wp-content\/uploads\/2023\/03\/JAEN-Y-HUELVA-724x1024.jpg\" class=\"attachment-large size-large\" alt=\"\" srcset=\"https:\/\/biblioteca.isidrodearceneguiycarmona.es\/wp-content\/uploads\/2023\/03\/JAEN-Y-HUELVA-724x1024.jpg 724w, https:\/\/biblioteca.isidrodearceneguiycarmona.es\/wp-content\/uploads\/2023\/03\/JAEN-Y-HUELVA-212x300.jpg 212w, https:\/\/biblioteca.isidrodearceneguiycarmona.es\/wp-content\/uploads\/2023\/03\/JAEN-Y-HUELVA-768x1087.jpg 768w, https:\/\/biblioteca.isidrodearceneguiycarmona.es\/wp-content\/uploads\/2023\/03\/JAEN-Y-HUELVA-1086x1536.jpg 1086w, https:\/\/biblioteca.isidrodearceneguiycarmona.es\/wp-content\/uploads\/2023\/03\/JAEN-Y-HUELVA-1448x2048.jpg 1448w, https:\/\/biblioteca.isidrodearceneguiycarmona.es\/wp-content\/uploads\/2023\/03\/JAEN-Y-HUELVA.jpg 1654w\" sizes=\"auto, (max-width: 724px) 100vw, 724px\" \/><\/a>\n\t\t\t<\/div><\/figure><figure class='gallery-item'>\n\t\t\t<div class='gallery-icon landscape'>\n\t\t\t\t<a href='https:\/\/biblioteca.isidrodearceneguiycarmona.es\/?attachment_id=1763'><img loading=\"lazy\" decoding=\"async\" width=\"750\" height=\"750\" src=\"https:\/\/biblioteca.isidrodearceneguiycarmona.es\/wp-content\/uploads\/2023\/03\/MALAGA-1024x1024.jpg\" class=\"attachment-large size-large\" alt=\"\" srcset=\"https:\/\/biblioteca.isidrodearceneguiycarmona.es\/wp-content\/uploads\/2023\/03\/MALAGA-1024x1024.jpg 1024w, https:\/\/biblioteca.isidrodearceneguiycarmona.es\/wp-content\/uploads\/2023\/03\/MALAGA-300x300.jpg 300w, https:\/\/biblioteca.isidrodearceneguiycarmona.es\/wp-content\/uploads\/2023\/03\/MALAGA-150x150.jpg 150w, https:\/\/biblioteca.isidrodearceneguiycarmona.es\/wp-content\/uploads\/2023\/03\/MALAGA-768x768.jpg 768w, https:\/\/biblioteca.isidrodearceneguiycarmona.es\/wp-content\/uploads\/2023\/03\/MALAGA-1536x1536.jpg 1536w, https:\/\/biblioteca.isidrodearceneguiycarmona.es\/wp-content\/uploads\/2023\/03\/MALAGA-2048x2048.jpg 2048w\" sizes=\"auto, (max-width: 750px) 100vw, 750px\" \/><\/a>\n\t\t\t<\/div><\/figure>\n\t\t<\/div>\n\n<p>&nbsp;<\/p>\n","protected":false},"excerpt":{"rendered":"<p>En la pasada efem\u00e9rides del D\u00cdA DE ANDALUC\u00cdA, los alumnos y alumnas de 4\u00ba de la ESO de la asignatura &hellip; <\/p>\n","protected":false},"author":3,"featured_media":1775,"comment_status":"closed","ping_status":"closed","sticky":false,"template":"","format":"standard","meta":{"footnotes":""},"categories":[7],"tags":[],"class_list":["post-1752","post","type-post","status-publish","format-standard","has-post-thumbnail","hentry","category-celebraciones"],"_links":{"self":[{"href":"https:\/\/biblioteca.isidrodearceneguiycarmona.es\/index.php?rest_route=\/wp\/v2\/posts\/1752","targetHints":{"allow":["GET"]}}],"collection":[{"href":"https:\/\/biblioteca.isidrodearceneguiycarmona.es\/index.php?rest_route=\/wp\/v2\/posts"}],"about":[{"href":"https:\/\/biblioteca.isidrodearceneguiycarmona.es\/index.php?rest_route=\/wp\/v2\/types\/post"}],"author":[{"embeddable":true,"href":"https:\/\/biblioteca.isidrodearceneguiycarmona.es\/index.php?rest_route=\/wp\/v2\/users\/3"}],"replies":[{"embeddable":true,"href":"https:\/\/biblioteca.isidrodearceneguiycarmona.es\/index.php?rest_route=%2Fwp%2Fv2%2Fcomments&post=1752"}],"version-history":[{"count":3,"href":"https:\/\/biblioteca.isidrodearceneguiycarmona.es\/index.php?rest_route=\/wp\/v2\/posts\/1752\/revisions"}],"predecessor-version":[{"id":1783,"href":"https:\/\/biblioteca.isidrodearceneguiycarmona.es\/index.php?rest_route=\/wp\/v2\/posts\/1752\/revisions\/1783"}],"wp:featuredmedia":[{"embeddable":true,"href":"https:\/\/biblioteca.isidrodearceneguiycarmona.es\/index.php?rest_route=\/wp\/v2\/media\/1775"}],"wp:attachment":[{"href":"https:\/\/biblioteca.isidrodearceneguiycarmona.es\/index.php?rest_route=%2Fwp%2Fv2%2Fmedia&parent=1752"}],"wp:term":[{"taxonomy":"category","embeddable":true,"href":"https:\/\/biblioteca.isidrodearceneguiycarmona.es\/index.php?rest_route=%2Fwp%2Fv2%2Fcategories&post=1752"},{"taxonomy":"post_tag","embeddable":true,"href":"https:\/\/biblioteca.isidrodearceneguiycarmona.es\/index.php?rest_route=%2Fwp%2Fv2%2Ftags&post=1752"}],"curies":[{"name":"wp","href":"https:\/\/api.w.org\/{rel}","templated":true}]}}