{"id":1784,"date":"2023-03-08T20:01:57","date_gmt":"2023-03-08T20:01:57","guid":{"rendered":"http:\/\/biblioteca.isidrodearceneguiycarmona.es\/?p=1784"},"modified":"2023-03-12T18:28:51","modified_gmt":"2023-03-12T18:28:51","slug":"8-m-dia-internacional-de-la-mujer","status":"publish","type":"post","link":"https:\/\/biblioteca.isidrodearceneguiycarmona.es\/?p=1784","title":{"rendered":"8 M D\u00cdA INTERNACIONAL DE LA MUJER"},"content":{"rendered":"<p class=\"a_st\">El 8 de marzo, se conmemora el D\u00eda Internacional de la Mujer en la mayor\u00eda de los pa\u00edses. El 8 de marzo \u2014declarado oficialmente por la ONU en 1975\u2014 se reivindica la igualdad completa de derechos,<\/p>\n<p>La idea de un d\u00eda internacional de la mujer <a href=\"https:\/\/elpais.com\/elpais\/2016\/03\/08\/actualidad\/1457391656_822617.html\" data-link-track-dtm=\"\" target=\"_blank\">surgi\u00f3 a finales del siglo XIX<\/a>, pero fueron distintos sucesos en el siglo XX los que han derivado en la conmemoraci\u00f3n que conocemos hoy. Uno de ellos, quiz\u00e1 el m\u00e1s simb\u00f3lico, pero no el \u00fanico, se produjo el 25 de marzo de 1911, cuando unas 149 personas, la mayor\u00eda mujeres murieron en el incendio de la f\u00e1brica <a href=\"https:\/\/elpais.com\/ccaa\/2020\/02\/25\/catalunya\/1582634497_799074.html\" data-link-track-dtm=\"\" target=\"_blank\">Triangle Shirtwaist<\/a> de Nueva York.<\/p>\n<p>Algunas de las proclamas que m\u00e1s se escuchan actualmente son la reclamaci\u00f3n de la equiparaci\u00f3n laboral y salarial, una presencia igualitaria en puestos pol\u00edticos y empresariales relevantes, el rechazo a la violencia de g\u00e9nero, as\u00ed como la exigencia de m\u00e1s pol\u00edticas para detenerla: en definitiva, un <strong>empoderamiento completo de las mujeres en el marco de la sociedad actual<\/strong>.&nbsp;<\/p>\n<p><strong>Desde nuestro IES, los alumnos y alumnas de Ciudadan\u00eda de 2\u00ba de BTO han querido visibilizar algunas de esas mujeres &#8220;rompedoras&#8221; en su tiempo y en el actual, que supieron y han sabido enfrentarse a los prejuicios y actitudes propias de nuestra sociedad androc\u00e9ntrica.<\/strong><\/p>\n<p><strong>Algunas de esas peque\u00f1as biograf\u00edas contadas en forma de &#8220;Podcast&#8221; han sido la de Frida Kahlo, Simon de Beauvoir, la propia Mata-Hari o la mism\u00edsima Lady Gaga, que supieron ponerse el mundo por montera.<\/strong><\/p>\n<div class=\"wp-playlist wp-audio-playlist wp-playlist-light\">\n\t\t\t<div class=\"wp-playlist-current-item\"><\/div>\n\t\t<audio controls=\"controls\" preload=\"none\" width=\"728\"\n\t\t\t><\/audio>\n\t<div class=\"wp-playlist-next\"><\/div>\n\t<div class=\"wp-playlist-prev\"><\/div>\n\t<noscript>\n\t<ol>\n\t\t<li><a href='https:\/\/biblioteca.isidrodearceneguiycarmona.es\/wp-content\/uploads\/2023\/03\/Agatha-Christie.mp3'>Agatha Christie<\/a><\/li><li><a href='https:\/\/biblioteca.isidrodearceneguiycarmona.es\/wp-content\/uploads\/2023\/03\/Madam-Curie.mp3'>Madam Curie<\/a><\/li><li><a href='https:\/\/biblioteca.isidrodearceneguiycarmona.es\/wp-content\/uploads\/2023\/03\/Adela-Munoz-Quimica.mp3'>Adela Mu\u00f1oz (Qu\u00edmica)<\/a><\/li>\t<\/ol>\n\t<\/noscript>\n\t<script type=\"application\/json\" class=\"wp-playlist-script\">{\"type\":\"audio\",\"tracklist\":true,\"tracknumbers\":true,\"images\":true,\"artists\":true,\"tracks\":[{\"src\":\"https:\/\/biblioteca.isidrodearceneguiycarmona.es\/wp-content\/uploads\/2023\/03\/Agatha-Christie.mp3\",\"type\":\"audio\/mpeg\",\"title\":\"Agatha Christie\",\"caption\":\"\",\"description\":\"Agatha\",\"meta\":{\"length_formatted\":\"6:05\"},\"image\":{\"src\":\"https:\/\/biblioteca.isidrodearceneguiycarmona.es\/wp-includes\/images\/media\/audio.svg\",\"width\":48,\"height\":64},\"thumb\":{\"src\":\"https:\/\/biblioteca.isidrodearceneguiycarmona.es\/wp-includes\/images\/media\/audio.svg\",\"width\":48,\"height\":64}},{\"src\":\"https:\/\/biblioteca.isidrodearceneguiycarmona.es\/wp-content\/uploads\/2023\/03\/Madam-Curie.mp3\",\"type\":\"audio\/mpeg\",\"title\":\"Madam Curie\",\"caption\":\"\",\"description\":\"\\u00abMadam Curie\\u00bb.\",\"meta\":{\"length_formatted\":\"2:05\"},\"image\":{\"src\":\"https:\/\/biblioteca.isidrodearceneguiycarmona.es\/wp-includes\/images\/media\/audio.svg\",\"width\":48,\"height\":64},\"thumb\":{\"src\":\"https:\/\/biblioteca.isidrodearceneguiycarmona.es\/wp-includes\/images\/media\/audio.svg\",\"width\":48,\"height\":64}},{\"src\":\"https:\/\/biblioteca.isidrodearceneguiycarmona.es\/wp-content\/uploads\/2023\/03\/Adela-Munoz-Quimica.mp3\",\"type\":\"audio\/mpeg\",\"title\":\"Adela Mu\\u00f1oz (Qu\\u00edmica)\",\"caption\":\"\",\"description\":\"\\u00abAdela Mu\\u00f1oz (Qu\\u00edmica)\\u00bb.\",\"meta\":{\"length_formatted\":\"1:40\"},\"image\":{\"src\":\"https:\/\/biblioteca.isidrodearceneguiycarmona.es\/wp-includes\/images\/media\/audio.svg\",\"width\":48,\"height\":64},\"thumb\":{\"src\":\"https:\/\/biblioteca.isidrodearceneguiycarmona.es\/wp-includes\/images\/media\/audio.svg\",\"width\":48,\"height\":64}}]}<\/script>\n<\/div>\n\t\n<div class=\"wp-playlist wp-audio-playlist wp-playlist-light\">\n\t\t\t<div class=\"wp-playlist-current-item\"><\/div>\n\t\t<audio controls=\"controls\" preload=\"none\" width=\"728\"\n\t\t\t><\/audio>\n\t<div class=\"wp-playlist-next\"><\/div>\n\t<div class=\"wp-playlist-prev\"><\/div>\n\t<noscript>\n\t<ol>\n\t\t<li><a href='https:\/\/biblioteca.isidrodearceneguiycarmona.es\/wp-content\/uploads\/2023\/03\/Notas-008-online-audio-converter.com_.mp3'>Simon de Beauvoir<\/a><\/li><li><a href='https:\/\/biblioteca.isidrodearceneguiycarmona.es\/wp-content\/uploads\/2023\/03\/Audio_353536.mp3'>Clara Grima<\/a><\/li><li><a href='https:\/\/biblioteca.isidrodearceneguiycarmona.es\/wp-content\/uploads\/2023\/03\/Mata-Hari-1.mp3'>Mata-Hari<\/a><\/li><li><a href='https:\/\/biblioteca.isidrodearceneguiycarmona.es\/wp-content\/uploads\/2023\/03\/Peggy-Whitson.m4a'>Peggy Whitson<\/a><\/li><li><a href='https:\/\/biblioteca.isidrodearceneguiycarmona.es\/wp-content\/uploads\/2023\/03\/Maria-Teresa-Toral-8-M-Mujeres-con-Historia.mp3'>Mar\u00eda Teresa Toral<\/a><\/li><li><a href='https:\/\/biblioteca.isidrodearceneguiycarmona.es\/wp-content\/uploads\/2023\/03\/Lady-Gaga-8M-Mujeres-con-Historia.mp3'>Lady Gaga 8M Mujeres con Historia<\/a><\/li><li><a href='https:\/\/biblioteca.isidrodearceneguiycarmona.es\/wp-content\/uploads\/2023\/03\/Frida-Kahlo.mp3'>Frida Kahlo<\/a><\/li>\t<\/ol>\n\t<\/noscript>\n\t<script type=\"application\/json\" class=\"wp-playlist-script\">{\"type\":\"audio\",\"tracklist\":true,\"tracknumbers\":true,\"images\":true,\"artists\":true,\"tracks\":[{\"src\":\"https:\/\/biblioteca.isidrodearceneguiycarmona.es\/wp-content\/uploads\/2023\/03\/Notas-008-online-audio-converter.com_.mp3\",\"type\":\"audio\/mpeg\",\"title\":\"Simon de Beauvoir\",\"caption\":\"\",\"description\":\"\\u00abNotas 008 (online-audio-converter.com)\\u00bb.\",\"meta\":{\"artist\":\"Simon\",\"length_formatted\":\"4:50\"},\"image\":{\"src\":\"https:\/\/biblioteca.isidrodearceneguiycarmona.es\/wp-includes\/images\/media\/audio.svg\",\"width\":48,\"height\":64},\"thumb\":{\"src\":\"https:\/\/biblioteca.isidrodearceneguiycarmona.es\/wp-includes\/images\/media\/audio.svg\",\"width\":48,\"height\":64}},{\"src\":\"https:\/\/biblioteca.isidrodearceneguiycarmona.es\/wp-content\/uploads\/2023\/03\/Audio_353536.mp3\",\"type\":\"audio\/mpeg\",\"title\":\"Clara Grima\",\"caption\":\"\",\"description\":\"\\u00abAudio_353536\\u00bb.\",\"meta\":{\"length_formatted\":\"2:10\"},\"image\":{\"src\":\"https:\/\/biblioteca.isidrodearceneguiycarmona.es\/wp-includes\/images\/media\/audio.svg\",\"width\":48,\"height\":64},\"thumb\":{\"src\":\"https:\/\/biblioteca.isidrodearceneguiycarmona.es\/wp-includes\/images\/media\/audio.svg\",\"width\":48,\"height\":64}},{\"src\":\"https:\/\/biblioteca.isidrodearceneguiycarmona.es\/wp-content\/uploads\/2023\/03\/Mata-Hari-1.mp3\",\"type\":\"audio\/mpeg\",\"title\":\"Mata-Hari\",\"caption\":\"\",\"description\":\"\\u00abMata-Hari\\u00bb.\",\"meta\":{\"length_formatted\":\"3:09\"},\"image\":{\"src\":\"https:\/\/biblioteca.isidrodearceneguiycarmona.es\/wp-includes\/images\/media\/audio.svg\",\"width\":48,\"height\":64},\"thumb\":{\"src\":\"https:\/\/biblioteca.isidrodearceneguiycarmona.es\/wp-includes\/images\/media\/audio.svg\",\"width\":48,\"height\":64}},{\"src\":\"https:\/\/biblioteca.isidrodearceneguiycarmona.es\/wp-content\/uploads\/2023\/03\/Peggy-Whitson.m4a\",\"type\":\"audio\/mpeg\",\"title\":\"Peggy Whitson\",\"caption\":\"\",\"description\":\"\\u00abPeggy Whitson\\u00bb.\",\"meta\":{\"length_formatted\":\"4:35\"},\"image\":{\"src\":\"https:\/\/biblioteca.isidrodearceneguiycarmona.es\/wp-content\/uploads\/2023\/03\/Peggy-Whitson-m4a-image.jpg\",\"width\":1024,\"height\":1024},\"thumb\":{\"src\":\"https:\/\/biblioteca.isidrodearceneguiycarmona.es\/wp-content\/uploads\/2023\/03\/Peggy-Whitson-m4a-image-150x150.jpg\",\"width\":150,\"height\":150}},{\"src\":\"https:\/\/biblioteca.isidrodearceneguiycarmona.es\/wp-content\/uploads\/2023\/03\/Maria-Teresa-Toral-8-M-Mujeres-con-Historia.mp3\",\"type\":\"audio\/mpeg\",\"title\":\"Mar\\u00eda Teresa Toral\",\"caption\":\"\",\"description\":\"\\u00abNew Project\\u00bb en Author.\",\"meta\":{\"artist\":\"Mar\\u00eda Teresa Toral\",\"length_formatted\":\"3:59\"},\"image\":{\"src\":\"https:\/\/biblioteca.isidrodearceneguiycarmona.es\/wp-includes\/images\/media\/audio.svg\",\"width\":48,\"height\":64},\"thumb\":{\"src\":\"https:\/\/biblioteca.isidrodearceneguiycarmona.es\/wp-includes\/images\/media\/audio.svg\",\"width\":48,\"height\":64}},{\"src\":\"https:\/\/biblioteca.isidrodearceneguiycarmona.es\/wp-content\/uploads\/2023\/03\/Lady-Gaga-8M-Mujeres-con-Historia.mp3\",\"type\":\"audio\/mpeg\",\"title\":\"Lady Gaga 8M Mujeres con Historia\",\"caption\":\"\",\"description\":\"\\u00abLady Gaga 8M Mujeres con Historia\\u00bb.\",\"meta\":{\"length_formatted\":\"3:43\"},\"image\":{\"src\":\"https:\/\/biblioteca.isidrodearceneguiycarmona.es\/wp-includes\/images\/media\/audio.svg\",\"width\":48,\"height\":64},\"thumb\":{\"src\":\"https:\/\/biblioteca.isidrodearceneguiycarmona.es\/wp-includes\/images\/media\/audio.svg\",\"width\":48,\"height\":64}},{\"src\":\"https:\/\/biblioteca.isidrodearceneguiycarmona.es\/wp-content\/uploads\/2023\/03\/Frida-Kahlo.mp3\",\"type\":\"audio\/mpeg\",\"title\":\"Frida Kahlo\",\"caption\":\"\",\"description\":\"\\u00abFrida Kahlo\\u00bb.\",\"meta\":{\"length_formatted\":\"2:04\"},\"image\":{\"src\":\"https:\/\/biblioteca.isidrodearceneguiycarmona.es\/wp-includes\/images\/media\/audio.svg\",\"width\":48,\"height\":64},\"thumb\":{\"src\":\"https:\/\/biblioteca.isidrodearceneguiycarmona.es\/wp-includes\/images\/media\/audio.svg\",\"width\":48,\"height\":64}}]}<\/script>\n<\/div>\n\t\n","protected":false},"excerpt":{"rendered":"<p>El 8 de marzo, se conmemora el D\u00eda Internacional de la Mujer en la mayor\u00eda de los pa\u00edses. El 8 &hellip; <\/p>\n","protected":false},"author":3,"featured_media":1794,"comment_status":"closed","ping_status":"closed","sticky":false,"template":"","format":"standard","meta":{"footnotes":""},"categories":[7],"tags":[],"class_list":["post-1784","post","type-post","status-publish","format-standard","has-post-thumbnail","hentry","category-celebraciones"],"_links":{"self":[{"href":"https:\/\/biblioteca.isidrodearceneguiycarmona.es\/index.php?rest_route=\/wp\/v2\/posts\/1784","targetHints":{"allow":["GET"]}}],"collection":[{"href":"https:\/\/biblioteca.isidrodearceneguiycarmona.es\/index.php?rest_route=\/wp\/v2\/posts"}],"about":[{"href":"https:\/\/biblioteca.isidrodearceneguiycarmona.es\/index.php?rest_route=\/wp\/v2\/types\/post"}],"author":[{"embeddable":true,"href":"https:\/\/biblioteca.isidrodearceneguiycarmona.es\/index.php?rest_route=\/wp\/v2\/users\/3"}],"replies":[{"embeddable":true,"href":"https:\/\/biblioteca.isidrodearceneguiycarmona.es\/index.php?rest_route=%2Fwp%2Fv2%2Fcomments&post=1784"}],"version-history":[{"count":3,"href":"https:\/\/biblioteca.isidrodearceneguiycarmona.es\/index.php?rest_route=\/wp\/v2\/posts\/1784\/revisions"}],"predecessor-version":[{"id":1801,"href":"https:\/\/biblioteca.isidrodearceneguiycarmona.es\/index.php?rest_route=\/wp\/v2\/posts\/1784\/revisions\/1801"}],"wp:featuredmedia":[{"embeddable":true,"href":"https:\/\/biblioteca.isidrodearceneguiycarmona.es\/index.php?rest_route=\/wp\/v2\/media\/1794"}],"wp:attachment":[{"href":"https:\/\/biblioteca.isidrodearceneguiycarmona.es\/index.php?rest_route=%2Fwp%2Fv2%2Fmedia&parent=1784"}],"wp:term":[{"taxonomy":"category","embeddable":true,"href":"https:\/\/biblioteca.isidrodearceneguiycarmona.es\/index.php?rest_route=%2Fwp%2Fv2%2Fcategories&post=1784"},{"taxonomy":"post_tag","embeddable":true,"href":"https:\/\/biblioteca.isidrodearceneguiycarmona.es\/index.php?rest_route=%2Fwp%2Fv2%2Ftags&post=1784"}],"curies":[{"name":"wp","href":"https:\/\/api.w.org\/{rel}","templated":true}]}}