{"id":1803,"date":"2023-03-23T18:59:35","date_gmt":"2023-03-23T18:59:35","guid":{"rendered":"http:\/\/biblioteca.isidrodearceneguiycarmona.es\/?p=1803"},"modified":"2023-03-24T15:39:42","modified_gmt":"2023-03-24T15:39:42","slug":"dia-de-la-poesia-y-los-bosques","status":"publish","type":"post","link":"https:\/\/biblioteca.isidrodearceneguiycarmona.es\/?p=1803","title":{"rendered":"D\u00cdA DE LA POES\u00cdA Y LOS BOSQUES"},"content":{"rendered":"<p><span id=\"page8R_mcid11\" class=\"markedContent\"><span dir=\"ltr\" role=\"presentation\">El d\u00eda de la Poes\u00eda coincide con el d\u00eda de los <\/span><\/span><span id=\"page8R_mcid12\" class=\"markedContent\"><span dir=\"ltr\" role=\"presentation\">Bosques, y se celebra el 21 de marzo. De este <\/span><\/span><span class=\"markedContent\"><span dir=\"ltr\" role=\"presentation\">encuentro simbi\u00f3tico y bello surge esta iniciativa, un proyecto de las BECREAS de Marchena en la que colabora nuestra biblioteca escolar Rosario Mart\u00edn como integrante del grupo de trabajo.<\/span><\/span><\/p>\n<div id='gallery-1' class='gallery galleryid-1803 gallery-columns-3 gallery-size-thumbnail'><figure class='gallery-item'>\n\t\t\t<div class='gallery-icon portrait'>\n\t\t\t\t<a href='https:\/\/biblioteca.isidrodearceneguiycarmona.es\/?attachment_id=1817'><img loading=\"lazy\" decoding=\"async\" width=\"150\" height=\"150\" src=\"https:\/\/biblioteca.isidrodearceneguiycarmona.es\/wp-content\/uploads\/2023\/03\/IMG_2118-150x150.jpg\" class=\"attachment-thumbnail size-thumbnail\" alt=\"\" \/><\/a>\n\t\t\t<\/div><\/figure><figure class='gallery-item'>\n\t\t\t<div class='gallery-icon portrait'>\n\t\t\t\t<a href='https:\/\/biblioteca.isidrodearceneguiycarmona.es\/?attachment_id=1818'><img loading=\"lazy\" decoding=\"async\" width=\"150\" height=\"150\" src=\"https:\/\/biblioteca.isidrodearceneguiycarmona.es\/wp-content\/uploads\/2023\/03\/IMG_2130-150x150.jpg\" class=\"attachment-thumbnail size-thumbnail\" alt=\"\" \/><\/a>\n\t\t\t<\/div><\/figure><figure class='gallery-item'>\n\t\t\t<div class='gallery-icon portrait'>\n\t\t\t\t<a href='https:\/\/biblioteca.isidrodearceneguiycarmona.es\/?attachment_id=1819'><img loading=\"lazy\" decoding=\"async\" width=\"150\" height=\"150\" src=\"https:\/\/biblioteca.isidrodearceneguiycarmona.es\/wp-content\/uploads\/2023\/03\/IMG_2133-150x150.jpg\" class=\"attachment-thumbnail size-thumbnail\" alt=\"\" \/><\/a>\n\t\t\t<\/div><\/figure><figure class='gallery-item'>\n\t\t\t<div class='gallery-icon landscape'>\n\t\t\t\t<a href='https:\/\/biblioteca.isidrodearceneguiycarmona.es\/?attachment_id=1820'><img loading=\"lazy\" decoding=\"async\" width=\"150\" height=\"150\" src=\"https:\/\/biblioteca.isidrodearceneguiycarmona.es\/wp-content\/uploads\/2023\/03\/IMG_2135-150x150.jpg\" class=\"attachment-thumbnail size-thumbnail\" alt=\"\" \/><\/a>\n\t\t\t<\/div><\/figure><figure class='gallery-item'>\n\t\t\t<div class='gallery-icon landscape'>\n\t\t\t\t<a href='https:\/\/biblioteca.isidrodearceneguiycarmona.es\/?attachment_id=1821'><img loading=\"lazy\" decoding=\"async\" width=\"150\" height=\"150\" src=\"https:\/\/biblioteca.isidrodearceneguiycarmona.es\/wp-content\/uploads\/2023\/03\/IMG_2136-150x150.jpg\" class=\"attachment-thumbnail size-thumbnail\" alt=\"\" \/><\/a>\n\t\t\t<\/div><\/figure><figure class='gallery-item'>\n\t\t\t<div class='gallery-icon landscape'>\n\t\t\t\t<a href='https:\/\/biblioteca.isidrodearceneguiycarmona.es\/?attachment_id=1814'><img loading=\"lazy\" decoding=\"async\" width=\"150\" height=\"150\" src=\"https:\/\/biblioteca.isidrodearceneguiycarmona.es\/wp-content\/uploads\/2023\/03\/IMG_20230323_134559_1-150x150.jpg\" class=\"attachment-thumbnail size-thumbnail\" alt=\"\" srcset=\"https:\/\/biblioteca.isidrodearceneguiycarmona.es\/wp-content\/uploads\/2023\/03\/IMG_20230323_134559_1-150x150.jpg 150w, https:\/\/biblioteca.isidrodearceneguiycarmona.es\/wp-content\/uploads\/2023\/03\/IMG_20230323_134559_1-300x300.jpg 300w, https:\/\/biblioteca.isidrodearceneguiycarmona.es\/wp-content\/uploads\/2023\/03\/IMG_20230323_134559_1-1024x1024.jpg 1024w, https:\/\/biblioteca.isidrodearceneguiycarmona.es\/wp-content\/uploads\/2023\/03\/IMG_20230323_134559_1-768x768.jpg 768w, https:\/\/biblioteca.isidrodearceneguiycarmona.es\/wp-content\/uploads\/2023\/03\/IMG_20230323_134559_1-1536x1536.jpg 1536w, https:\/\/biblioteca.isidrodearceneguiycarmona.es\/wp-content\/uploads\/2023\/03\/IMG_20230323_134559_1-2048x2048.jpg 2048w\" sizes=\"auto, (max-width: 150px) 100vw, 150px\" \/><\/a>\n\t\t\t<\/div><\/figure><figure class='gallery-item'>\n\t\t\t<div class='gallery-icon landscape'>\n\t\t\t\t<a href='https:\/\/biblioteca.isidrodearceneguiycarmona.es\/?attachment_id=1813'><img loading=\"lazy\" decoding=\"async\" width=\"150\" height=\"150\" src=\"https:\/\/biblioteca.isidrodearceneguiycarmona.es\/wp-content\/uploads\/2023\/03\/IMG_20230323_123802_1-150x150.jpg\" class=\"attachment-thumbnail size-thumbnail\" alt=\"\" srcset=\"https:\/\/biblioteca.isidrodearceneguiycarmona.es\/wp-content\/uploads\/2023\/03\/IMG_20230323_123802_1-150x150.jpg 150w, https:\/\/biblioteca.isidrodearceneguiycarmona.es\/wp-content\/uploads\/2023\/03\/IMG_20230323_123802_1-300x300.jpg 300w, https:\/\/biblioteca.isidrodearceneguiycarmona.es\/wp-content\/uploads\/2023\/03\/IMG_20230323_123802_1-1024x1024.jpg 1024w, https:\/\/biblioteca.isidrodearceneguiycarmona.es\/wp-content\/uploads\/2023\/03\/IMG_20230323_123802_1-768x768.jpg 768w, https:\/\/biblioteca.isidrodearceneguiycarmona.es\/wp-content\/uploads\/2023\/03\/IMG_20230323_123802_1-1536x1536.jpg 1536w, https:\/\/biblioteca.isidrodearceneguiycarmona.es\/wp-content\/uploads\/2023\/03\/IMG_20230323_123802_1-2048x2048.jpg 2048w\" sizes=\"auto, (max-width: 150px) 100vw, 150px\" \/><\/a>\n\t\t\t<\/div><\/figure><figure class='gallery-item'>\n\t\t\t<div class='gallery-icon landscape'>\n\t\t\t\t<a href='https:\/\/biblioteca.isidrodearceneguiycarmona.es\/?attachment_id=1812'><img loading=\"lazy\" decoding=\"async\" width=\"150\" height=\"150\" src=\"https:\/\/biblioteca.isidrodearceneguiycarmona.es\/wp-content\/uploads\/2023\/03\/IMG_20230323_123512-150x150.jpg\" class=\"attachment-thumbnail size-thumbnail\" alt=\"\" srcset=\"https:\/\/biblioteca.isidrodearceneguiycarmona.es\/wp-content\/uploads\/2023\/03\/IMG_20230323_123512-150x150.jpg 150w, https:\/\/biblioteca.isidrodearceneguiycarmona.es\/wp-content\/uploads\/2023\/03\/IMG_20230323_123512-300x300.jpg 300w, https:\/\/biblioteca.isidrodearceneguiycarmona.es\/wp-content\/uploads\/2023\/03\/IMG_20230323_123512-1024x1024.jpg 1024w, https:\/\/biblioteca.isidrodearceneguiycarmona.es\/wp-content\/uploads\/2023\/03\/IMG_20230323_123512-768x768.jpg 768w, https:\/\/biblioteca.isidrodearceneguiycarmona.es\/wp-content\/uploads\/2023\/03\/IMG_20230323_123512-1536x1536.jpg 1536w, https:\/\/biblioteca.isidrodearceneguiycarmona.es\/wp-content\/uploads\/2023\/03\/IMG_20230323_123512-2048x2048.jpg 2048w\" sizes=\"auto, (max-width: 150px) 100vw, 150px\" \/><\/a>\n\t\t\t<\/div><\/figure><figure class='gallery-item'>\n\t\t\t<div class='gallery-icon landscape'>\n\t\t\t\t<a href='https:\/\/biblioteca.isidrodearceneguiycarmona.es\/?attachment_id=1811'><img loading=\"lazy\" decoding=\"async\" width=\"150\" height=\"150\" src=\"https:\/\/biblioteca.isidrodearceneguiycarmona.es\/wp-content\/uploads\/2023\/03\/IMG_20230323_123204_1-150x150.jpg\" class=\"attachment-thumbnail size-thumbnail\" alt=\"\" srcset=\"https:\/\/biblioteca.isidrodearceneguiycarmona.es\/wp-content\/uploads\/2023\/03\/IMG_20230323_123204_1-150x150.jpg 150w, https:\/\/biblioteca.isidrodearceneguiycarmona.es\/wp-content\/uploads\/2023\/03\/IMG_20230323_123204_1-300x300.jpg 300w, https:\/\/biblioteca.isidrodearceneguiycarmona.es\/wp-content\/uploads\/2023\/03\/IMG_20230323_123204_1-1024x1024.jpg 1024w, https:\/\/biblioteca.isidrodearceneguiycarmona.es\/wp-content\/uploads\/2023\/03\/IMG_20230323_123204_1-768x768.jpg 768w, https:\/\/biblioteca.isidrodearceneguiycarmona.es\/wp-content\/uploads\/2023\/03\/IMG_20230323_123204_1-1536x1536.jpg 1536w, https:\/\/biblioteca.isidrodearceneguiycarmona.es\/wp-content\/uploads\/2023\/03\/IMG_20230323_123204_1-2048x2048.jpg 2048w\" sizes=\"auto, (max-width: 150px) 100vw, 150px\" \/><\/a>\n\t\t\t<\/div><\/figure><figure class='gallery-item'>\n\t\t\t<div class='gallery-icon landscape'>\n\t\t\t\t<a href='https:\/\/biblioteca.isidrodearceneguiycarmona.es\/?attachment_id=1810'><img loading=\"lazy\" decoding=\"async\" width=\"150\" height=\"150\" src=\"https:\/\/biblioteca.isidrodearceneguiycarmona.es\/wp-content\/uploads\/2023\/03\/IMG_20230323_123121-150x150.jpg\" class=\"attachment-thumbnail size-thumbnail\" alt=\"\" srcset=\"https:\/\/biblioteca.isidrodearceneguiycarmona.es\/wp-content\/uploads\/2023\/03\/IMG_20230323_123121-150x150.jpg 150w, https:\/\/biblioteca.isidrodearceneguiycarmona.es\/wp-content\/uploads\/2023\/03\/IMG_20230323_123121-300x300.jpg 300w, https:\/\/biblioteca.isidrodearceneguiycarmona.es\/wp-content\/uploads\/2023\/03\/IMG_20230323_123121-1024x1024.jpg 1024w, https:\/\/biblioteca.isidrodearceneguiycarmona.es\/wp-content\/uploads\/2023\/03\/IMG_20230323_123121-768x768.jpg 768w, https:\/\/biblioteca.isidrodearceneguiycarmona.es\/wp-content\/uploads\/2023\/03\/IMG_20230323_123121-1536x1536.jpg 1536w, https:\/\/biblioteca.isidrodearceneguiycarmona.es\/wp-content\/uploads\/2023\/03\/IMG_20230323_123121-2048x2048.jpg 2048w\" sizes=\"auto, (max-width: 150px) 100vw, 150px\" \/><\/a>\n\t\t\t<\/div><\/figure><figure class='gallery-item'>\n\t\t\t<div class='gallery-icon landscape'>\n\t\t\t\t<a href='https:\/\/biblioteca.isidrodearceneguiycarmona.es\/?attachment_id=1809'><img loading=\"lazy\" decoding=\"async\" width=\"150\" height=\"150\" src=\"https:\/\/biblioteca.isidrodearceneguiycarmona.es\/wp-content\/uploads\/2023\/03\/IMG_20230323_123031-150x150.jpg\" class=\"attachment-thumbnail size-thumbnail\" alt=\"\" srcset=\"https:\/\/biblioteca.isidrodearceneguiycarmona.es\/wp-content\/uploads\/2023\/03\/IMG_20230323_123031-150x150.jpg 150w, https:\/\/biblioteca.isidrodearceneguiycarmona.es\/wp-content\/uploads\/2023\/03\/IMG_20230323_123031-300x300.jpg 300w, https:\/\/biblioteca.isidrodearceneguiycarmona.es\/wp-content\/uploads\/2023\/03\/IMG_20230323_123031-1024x1024.jpg 1024w, https:\/\/biblioteca.isidrodearceneguiycarmona.es\/wp-content\/uploads\/2023\/03\/IMG_20230323_123031-768x768.jpg 768w, https:\/\/biblioteca.isidrodearceneguiycarmona.es\/wp-content\/uploads\/2023\/03\/IMG_20230323_123031-1536x1536.jpg 1536w, https:\/\/biblioteca.isidrodearceneguiycarmona.es\/wp-content\/uploads\/2023\/03\/IMG_20230323_123031-2048x2048.jpg 2048w\" sizes=\"auto, (max-width: 150px) 100vw, 150px\" \/><\/a>\n\t\t\t<\/div><\/figure><figure class='gallery-item'>\n\t\t\t<div class='gallery-icon landscape'>\n\t\t\t\t<a href='https:\/\/biblioteca.isidrodearceneguiycarmona.es\/?attachment_id=1808'><img loading=\"lazy\" decoding=\"async\" width=\"150\" height=\"150\" src=\"https:\/\/biblioteca.isidrodearceneguiycarmona.es\/wp-content\/uploads\/2023\/03\/IMG_2064-150x150.jpg\" class=\"attachment-thumbnail size-thumbnail\" alt=\"\" \/><\/a>\n\t\t\t<\/div><\/figure><figure class='gallery-item'>\n\t\t\t<div class='gallery-icon landscape'>\n\t\t\t\t<a href='https:\/\/biblioteca.isidrodearceneguiycarmona.es\/?attachment_id=1806'><img loading=\"lazy\" decoding=\"async\" width=\"150\" height=\"150\" src=\"https:\/\/biblioteca.isidrodearceneguiycarmona.es\/wp-content\/uploads\/2023\/03\/IMG_2061-150x150.jpg\" class=\"attachment-thumbnail size-thumbnail\" alt=\"\" \/><\/a>\n\t\t\t<\/div><\/figure><figure class='gallery-item'>\n\t\t\t<div class='gallery-icon landscape'>\n\t\t\t\t<a href='https:\/\/biblioteca.isidrodearceneguiycarmona.es\/?attachment_id=1805'><img loading=\"lazy\" decoding=\"async\" width=\"150\" height=\"150\" src=\"https:\/\/biblioteca.isidrodearceneguiycarmona.es\/wp-content\/uploads\/2023\/03\/IMG_2042-150x150.jpg\" class=\"attachment-thumbnail size-thumbnail\" alt=\"\" \/><\/a>\n\t\t\t<\/div><\/figure><figure class='gallery-item'>\n\t\t\t<div class='gallery-icon landscape'>\n\t\t\t\t<a href='https:\/\/biblioteca.isidrodearceneguiycarmona.es\/?attachment_id=1804'><img loading=\"lazy\" decoding=\"async\" width=\"150\" height=\"150\" src=\"https:\/\/biblioteca.isidrodearceneguiycarmona.es\/wp-content\/uploads\/2023\/03\/IMG_2040-150x150.jpg\" class=\"attachment-thumbnail size-thumbnail\" alt=\"\" \/><\/a>\n\t\t\t<\/div><\/figure>\n\t\t<\/div>\n\n<p><span id=\"page8R_mcid13\" class=\"markedContent\"><span dir=\"ltr\" role=\"presentation\">En esta ocasi\u00f3n han participado tanto miembros del grupo de colaboradores dre la BE (de Lengua, concretamente) como profesorado del \u00e1rea de Ciencias y con grupos de varios niveles de la ESO, desde 1\u00ba hasta 4\u00ba.<br \/>\n<\/span><\/span><\/p>\n<p><span id=\"page8R_mcid13\" class=\"markedContent\"><span dir=\"ltr\" role=\"presentation\"><span id=\"page8R_mcid15\" class=\"markedContent\">Se han escrito poemas originales en tiras de papel <\/span><span id=\"page8R_mcid16\" class=\"markedContent\">de colores y se han colgado en los \u00e1rboles del <\/span><span id=\"page8R_mcid17\" class=\"markedContent\">centro.<\/span><span id=\"page8R_mcid18\" class=\"markedContent\">Por un lado de la tira se ha escrito el poema<\/span><span id=\"page8R_mcid19\" class=\"markedContent\">, cuya tem\u00e1tica ha ido desde una oda a los bosques hasta poemas relacionados con las matem\u00e1ticas e incluso se han pedido deseos a las estrellas.<br role=\"presentation\"><\/span><span id=\"page8R_mcid22\" class=\"markedContent\"><br role=\"presentation\"><\/span><a href=\"http:\/\/Festival Tanabata: Cuenta la leyenda que cada 7 de julio las estrellas Altair y Vega atraviesan la V\u00eda L\u00e1ctea para renovar sus antiguos votos de amor. En Jap\u00f3n, este viaje se celebra decorando \u00e1rboles con tiras de papel de color en las que se escriben deseos. Esta fiesta nacional, que se celebra en todas las ciudades, ha alcanzado una gran popularidad por ser una ocasi\u00f3n para grandes celebraciones.\" target=\"_blank\">La leyenda de Tanabata<\/a> es la que da sentido a esta actividad: <span id=\"page8R_mcid3\" class=\"markedContent\">Cuenta la leyenda que cada 7 de julio las estrellas <\/span><span id=\"page8R_mcid4\" class=\"markedContent\">Altair y Vega atraviesan la V\u00eda L\u00e1ctea para renovar <\/span><span id=\"page8R_mcid5\" class=\"markedContent\">sus antiguos votos de amor. En Jap\u00f3n, este viaje <\/span><span id=\"page8R_mcid6\" class=\"markedContent\">se celebra decorando \u00e1rboles con tiras de papel de <\/span><span id=\"page8R_mcid7\" class=\"markedContent\">color en las que se escriben deseos. Esta fiesta <\/span><span id=\"page8R_mcid8\" class=\"markedContent\">nacional, que se celebra en todas las ciudades, ha <\/span><span id=\"page8R_mcid9\" class=\"markedContent\">alcanzado una gran popularidad por ser una <\/span><span id=\"page8R_mcid10\" class=\"markedContent\">ocasi\u00f3n para grandes celebraciones.<\/span><br \/>\n<\/span><\/span><\/p>\n<p>El resultado ha quedado estupendo pues nuestro alumnado ha disfrutado dando color y poes\u00eda a nuestros \u00e1rboles.<\/p>\n<div style=\"width: 640px;\" class=\"wp-video\"><video class=\"wp-video-shortcode\" id=\"video-1803-1\" width=\"640\" height=\"352\" preload=\"metadata\" controls=\"controls\"><source type=\"video\/mp4\" src=\"http:\/\/biblioteca.isidrodearceneguiycarmona.es\/wp-content\/uploads\/2023\/03\/VID-20230323-WA0022.mp4?_=1\" \/><a href=\"http:\/\/biblioteca.isidrodearceneguiycarmona.es\/wp-content\/uploads\/2023\/03\/VID-20230323-WA0022.mp4\">http:\/\/biblioteca.isidrodearceneguiycarmona.es\/wp-content\/uploads\/2023\/03\/VID-20230323-WA0022.mp4<\/a><\/video><\/div>\n","protected":false},"excerpt":{"rendered":"<p>El d\u00eda de la Poes\u00eda coincide con el d\u00eda de los Bosques, y se celebra el 21 de marzo. De &hellip; <\/p>\n","protected":false},"author":3,"featured_media":1815,"comment_status":"closed","ping_status":"closed","sticky":false,"template":"","format":"standard","meta":{"footnotes":""},"categories":[9],"tags":[],"class_list":["post-1803","post","type-post","status-publish","format-standard","has-post-thumbnail","hentry","category-eventos"],"_links":{"self":[{"href":"https:\/\/biblioteca.isidrodearceneguiycarmona.es\/index.php?rest_route=\/wp\/v2\/posts\/1803","targetHints":{"allow":["GET"]}}],"collection":[{"href":"https:\/\/biblioteca.isidrodearceneguiycarmona.es\/index.php?rest_route=\/wp\/v2\/posts"}],"about":[{"href":"https:\/\/biblioteca.isidrodearceneguiycarmona.es\/index.php?rest_route=\/wp\/v2\/types\/post"}],"author":[{"embeddable":true,"href":"https:\/\/biblioteca.isidrodearceneguiycarmona.es\/index.php?rest_route=\/wp\/v2\/users\/3"}],"replies":[{"embeddable":true,"href":"https:\/\/biblioteca.isidrodearceneguiycarmona.es\/index.php?rest_route=%2Fwp%2Fv2%2Fcomments&post=1803"}],"version-history":[{"count":4,"href":"https:\/\/biblioteca.isidrodearceneguiycarmona.es\/index.php?rest_route=\/wp\/v2\/posts\/1803\/revisions"}],"predecessor-version":[{"id":1825,"href":"https:\/\/biblioteca.isidrodearceneguiycarmona.es\/index.php?rest_route=\/wp\/v2\/posts\/1803\/revisions\/1825"}],"wp:featuredmedia":[{"embeddable":true,"href":"https:\/\/biblioteca.isidrodearceneguiycarmona.es\/index.php?rest_route=\/wp\/v2\/media\/1815"}],"wp:attachment":[{"href":"https:\/\/biblioteca.isidrodearceneguiycarmona.es\/index.php?rest_route=%2Fwp%2Fv2%2Fmedia&parent=1803"}],"wp:term":[{"taxonomy":"category","embeddable":true,"href":"https:\/\/biblioteca.isidrodearceneguiycarmona.es\/index.php?rest_route=%2Fwp%2Fv2%2Fcategories&post=1803"},{"taxonomy":"post_tag","embeddable":true,"href":"https:\/\/biblioteca.isidrodearceneguiycarmona.es\/index.php?rest_route=%2Fwp%2Fv2%2Ftags&post=1803"}],"curies":[{"name":"wp","href":"https:\/\/api.w.org\/{rel}","templated":true}]}}